{"id":76063,"date":"2026-04-30T12:10:43","date_gmt":"2026-04-30T12:10:43","guid":{"rendered":"https:\/\/immo.lecourrier.es\/index.php\/2026\/04\/30\/le-sil-2026-saffirme-comme-un-rendez-vous-mondial-grace-a-linternational-logistics-summit-et-au-spain-air-cargo-day\/"},"modified":"2026-04-30T12:10:43","modified_gmt":"2026-04-30T12:10:43","slug":"le-sil-2026-saffirme-comme-un-rendez-vous-mondial-grace-a-linternational-logistics-summit-et-au-spain-air-cargo-day","status":"publish","type":"post","link":"https:\/\/immo.lecourrier.es\/index.php\/2026\/04\/30\/le-sil-2026-saffirme-comme-un-rendez-vous-mondial-grace-a-linternational-logistics-summit-et-au-spain-air-cargo-day\/","title":{"rendered":"Le SIL 2026 s&#8217;affirme comme un rendez-vous mondial gr\u00e2ce \u00e0 l&#8217;International Logistics Summit et au Spain Air Cargo Day."},"content":{"rendered":"\n<div data-elementor-type=\"wp-post\" data-elementor-id=\"137176\" class=\"elementor elementor-137176\" data-elementor-post-type=\"post\">\n<div class=\"elementor-element elementor-element-79b303af e-flex e-con-boxed e-con e-parent\" data-id=\"79b303af\" data-element_type=\"container\" data-e-type=\"container\">\n<div class=\"e-con-inner\">\n<div class=\"elementor-element elementor-element-1e4acba5 elementor-widget elementor-widget-text-editor\" data-id=\"1e4acba5\" data-element_type=\"widget\" data-e-type=\"widget\" data-widget_type=\"text-editor.default\">\n<p><i>Le Salon Internacional de la Log\u00edstica de Barcelona, connu sous le nom de SIL, renforce chaque ann\u00e9e son rayonnement international. Pour l&#8217;\u00e9dition 2026, deux \u00e9v\u00e9nements phares viennent consolider cette ambition : l&#8217;International Logistics Summit et le Spain Air Cargo Day. Ces deux rendez-vous professionnels promettent de faire du SIL 2026 un carrefour incontournable pour les acteurs mondiaux du transport et de la logistique.<\/i><\/p>\n<h2>L&#8217;International Logistics Summit : un forum de haut niveau pour les d\u00e9cideurs mondiaux<\/h2>\n<p>L&#8217;International Logistics Summit s&#8217;impose comme l&#8217;un des \u00e9v\u00e9nements les plus attendus du calendrier logistique europ\u00e9en. Pr\u00e9vu dans le cadre du SIL 2026, il rassemblera des dirigeants, des experts et des d\u00e9cideurs venus des quatre coins du monde pour d\u00e9battre des grandes tendances qui fa\u00e7onnent le secteur.<\/p>\n<p>Au programme figurent des th\u00e9matiques aussi strat\u00e9giques que la digitalisation des cha\u00eenes d&#8217;approvisionnement, la durabilit\u00e9 dans le transport de marchandises, ou encore l&#8217;impact de l&#8217;intelligence artificielle sur la gestion des flux logistiques. Ces sujets, devenus incontournables, refl\u00e8tent les mutations profondes que conna\u00eet l&#8217;industrie \u00e0 l&#8217;\u00e9chelle plan\u00e9taire.<\/p>\n<p>Selon Log\u00edstica Profesional, l&#8217;\u00e9dition 2026 du SIL devrait accueillir plus de 50 000 professionnels issus de plus de 80 pays, confirmant ainsi la port\u00e9e v\u00e9ritablement internationale du salon. Ces chiffres t\u00e9moignent d&#8217;une dynamique de croissance constante depuis plusieurs \u00e9ditions.<\/p>\n<blockquote class=\"ml-2 border-l-4 border-border-300\/10 pl-4 text-text-300\">\n<p class=\"font-claude-response-body break-words whitespace-normal leading-[1.7]\"><em>\u00ab Le SIL est aujourd&#8217;hui bien plus qu&#8217;un salon national. C&#8217;est une plateforme de dialogue global pour l&#8217;ensemble de la cha\u00eene logistique, du transport a\u00e9rien au maritime, en passant par le num\u00e9rique. \u00bb<\/em> Organisation du SIL 2026<\/p>\n<\/blockquote>\n<p>L&#8217;International Logistics Summit se distingue par la qualit\u00e9 de ses intervenants. Des repr\u00e9sentants de grandes organisations internationales, de multinationales du secteur et d&#8217;institutions publiques sont attendus pour prendre la parole lors de conf\u00e9rences pl\u00e9ni\u00e8res et de tables rondes th\u00e9matiques. L&#8217;objectif est de favoriser les \u00e9changes de bonnes pratiques et de cr\u00e9er des synergies entre acteurs publics et priv\u00e9s.<\/p>\n<p>L&#8217;Espagne, et Barcelone en particulier, b\u00e9n\u00e9ficie d&#8217;une position g\u00e9ographique strat\u00e9gique qui en fait une porte d&#8217;entr\u00e9e naturelle entre l&#8217;Europe, l&#8217;Afrique et l&#8217;Am\u00e9rique latine. Cette r\u00e9alit\u00e9 g\u00e9opolitique est au coeur de la vision port\u00e9e par les organisateurs du SIL, qui souhaitent faire de ce salon un lieu de convergence entre les grandes routes commerciales mondiales.<\/p>\n<h2>Le Spain Air Cargo Day : la fili\u00e8re a\u00e9rienne au coeur des enjeux logistiques<\/h2>\n<p>Parall\u00e8lement \u00e0 l&#8217;International Logistics Summit, le Spain Air Cargo Day viendra renforcer la dimension sectorielle du SIL 2026. Cet \u00e9v\u00e9nement d\u00e9di\u00e9 au fret a\u00e9rien r\u00e9unit compagnies a\u00e9riennes, a\u00e9roports, transitaires, commissionnaires de transport et chargeurs autour des d\u00e9fis sp\u00e9cifiques \u00e0 cette fili\u00e8re.<\/p>\n<p>Le fret a\u00e9rien repr\u00e9sente un segment crucial de la logistique mondiale. Selon les donn\u00e9es du secteur, le transport a\u00e9rien de marchandises repr\u00e9sente moins de 1 % du volume total des \u00e9changes mondiaux en tonnage, mais pr\u00e8s de 35 % en valeur. Cette proportion illustre l&#8217;importance strat\u00e9gique du cargo a\u00e9rien pour les produits \u00e0 forte valeur ajout\u00e9e, tels que les produits pharmaceutiques, l&#8217;\u00e9lectronique ou les denr\u00e9es p\u00e9rissables.<\/p>\n<p>Le Spain Air Cargo Day sera l&#8217;occasion d&#8217;aborder des sujets cruciaux comme la d\u00e9carbonation du transport a\u00e9rien, le d\u00e9veloppement des carburants durables pour l&#8217;aviation, et la modernisation des infrastructures a\u00e9roportuaires espagnoles. L&#8217;a\u00e9roport de Madrid-Barajas et celui de Barcelone-El Prat figurent parmi les principaux hubs de fret en Europe du Sud, et leur mont\u00e9e en puissance est au coeur des discussions.<\/p>\n<blockquote class=\"ml-2 border-l-4 border-border-300\/10 pl-4 text-text-300\">\n<p class=\"font-claude-response-body break-words whitespace-normal leading-[1.7]\"><em>\u00ab Le cargo a\u00e9rien est un levier de comp\u00e9titivit\u00e9 pour les \u00e9conomies exportatrices. L&#8217;Espagne a tout \u00e0 gagner \u00e0 positionner ses a\u00e9roports comme des plateformes de r\u00e9f\u00e9rence en M\u00e9diterran\u00e9e. \u00bb<\/em> Intervenant du Spain Air Cargo Day, \u00e9dition pr\u00e9c\u00e9dente<\/p>\n<\/blockquote>\n<p>Les organisateurs du Spain Air Cargo Day ont \u00e9galement pr\u00e9vu des sessions de networking intensives, permettant aux professionnels de nouer des contacts directs avec leurs homologues espagnols et internationaux. Ces moments d&#8217;\u00e9change constituent souvent le v\u00e9ritable moteur des partenariats commerciaux qui \u00e9mergent dans le sillage du salon.<\/p>\n<p>La fili\u00e8re a\u00e9rienne espagnole traverse une p\u00e9riode de transformation acc\u00e9l\u00e9r\u00e9e, tir\u00e9e notamment par l&#8217;essor du commerce \u00e9lectronique transfrontalier. La demande de livraisons rapides et fiables \u00e0 l&#8217;\u00e9chelle mondiale pousse les op\u00e9rateurs \u00e0 investir dans de nouvelles capacit\u00e9s et \u00e0 repenser leurs mod\u00e8les op\u00e9rationnels.<\/p>\n<p>Le SIL 2026 se tiendra \u00e0 Barcelone, ville qui accueille le salon depuis sa cr\u00e9ation il y a plus de deux d\u00e9cennies. La m\u00e9tropole catalane dispose d&#8217;infrastructures de premier plan pour recevoir des \u00e9v\u00e9nements professionnels d&#8217;envergure internationale, avec des espaces d&#8217;exposition modernes et des connexions de transport efficaces.<\/p>\n<p>En combinant l&#8217;International Logistics Summit et le Spain Air Cargo Day au sein d&#8217;un m\u00eame programme, les organisateurs du SIL 2026 offrent aux participants une vision \u00e0 360 degr\u00e9s des enjeux logistiques contemporains. Cette approche multidimensionnelle est pr\u00e9cis\u00e9ment ce qui distingue le SIL des autres salons europ\u00e9ens du secteur.<\/p>\n<p>L&#8217;\u00e9dition 2026 s&#8217;annonce ainsi comme une \u00e9tape d\u00e9cisive dans la trajectoire internationale du salon barcelonais, avec pour ambition d&#8217;attirer des d\u00e9l\u00e9gations toujours plus nombreuses et des partenariats toujours plus ambitieux. Les acteurs du transport et de la logistique ont rendez-vous \u00e0 Barcelone pour \u00e9crire ensemble les prochains chapitres de leur industrie.<br \/><i><\/i><\/p>\n<p><i>Sources et photo: R\u00e9daction LCE (avec l&#8217;aide de l&#8217;IA)<\/i><\/p>\n<hr style=\"border: none;border-top: 1px solid #000000;margin: 24px 0\" \/>\t\t\t\t\t\t\t\t<\/div>\n<div class=\"elementor-element elementor-element-615e70c elementor-widget elementor-widget-html\" data-id=\"615e70c\" data-element_type=\"widget\" data-e-type=\"widget\" data-widget_type=\"html.default\">\n\t\t\t\t\t\t\t\t\t<\/div>\n<\/p><\/div>\n<\/p><\/div>\n<\/p><\/div>\n","protected":false},"excerpt":{"rendered":"<p>Le Salon Internacional de la Log\u00edstica de Barcelona, connu sous le nom de SIL, renforce chaque ann\u00e9e son rayonnement international. Pour l&#8217;\u00e9dition 2026, deux \u00e9v\u00e9nements phares viennent consolider cette ambition : l&#8217;International Logistics Summit et le Spain Air Cargo Day. Ces deux rendez-vous professionnels promettent de faire du SIL 2026 un carrefour incontournable pour les [&hellip;]<\/p>\n","protected":false},"author":13,"featured_media":76064,"comment_status":"open","ping_status":"closed","sticky":false,"template":"","format":"standard","meta":{"om_disable_all_campaigns":false,"_monsterinsights_skip_tracking":false,"_monsterinsights_sitenote_active":false,"_monsterinsights_sitenote_note":"","_monsterinsights_sitenote_category":0,"_uf_show_specific_survey":0,"_uf_disable_surveys":false,"footnotes":""},"categories":[212,234],"tags":[4869,4870,4871,4872],"class_list":["post-76063","post","type-post","status-publish","format-standard","has-post-thumbnail","hentry","category-breaking-news","category-logistique-retail","tag-conteneurs-logistique","tag-international-logistics-summit","tag-sil","tag-spain-air-cargo-day"],"acf":[],"_links":{"self":[{"href":"https:\/\/immo.lecourrier.es\/index.php\/wp-json\/wp\/v2\/posts\/76063","targetHints":{"allow":["GET"]}}],"collection":[{"href":"https:\/\/immo.lecourrier.es\/index.php\/wp-json\/wp\/v2\/posts"}],"about":[{"href":"https:\/\/immo.lecourrier.es\/index.php\/wp-json\/wp\/v2\/types\/post"}],"author":[{"embeddable":true,"href":"https:\/\/immo.lecourrier.es\/index.php\/wp-json\/wp\/v2\/users\/13"}],"replies":[{"embeddable":true,"href":"https:\/\/immo.lecourrier.es\/index.php\/wp-json\/wp\/v2\/comments?post=76063"}],"version-history":[{"count":0,"href":"https:\/\/immo.lecourrier.es\/index.php\/wp-json\/wp\/v2\/posts\/76063\/revisions"}],"wp:featuredmedia":[{"embeddable":true,"href":"https:\/\/immo.lecourrier.es\/index.php\/wp-json\/wp\/v2\/media\/76064"}],"wp:attachment":[{"href":"https:\/\/immo.lecourrier.es\/index.php\/wp-json\/wp\/v2\/media?parent=76063"}],"wp:term":[{"taxonomy":"category","embeddable":true,"href":"https:\/\/immo.lecourrier.es\/index.php\/wp-json\/wp\/v2\/categories?post=76063"},{"taxonomy":"post_tag","embeddable":true,"href":"https:\/\/immo.lecourrier.es\/index.php\/wp-json\/wp\/v2\/tags?post=76063"}],"curies":[{"name":"wp","href":"https:\/\/api.w.org\/{rel}","templated":true}]}}