{"id":76057,"date":"2026-04-30T12:01:46","date_gmt":"2026-04-30T12:01:46","guid":{"rendered":"https:\/\/immo.lecourrier.es\/index.php\/2026\/04\/30\/le-nouveau-plan-de-logement-prevoit-un-investissement-de-399-millions-deuros-en-galice-dici-2030\/"},"modified":"2026-04-30T12:01:46","modified_gmt":"2026-04-30T12:01:46","slug":"le-nouveau-plan-de-logement-prevoit-un-investissement-de-399-millions-deuros-en-galice-dici-2030","status":"publish","type":"post","link":"https:\/\/immo.lecourrier.es\/index.php\/2026\/04\/30\/le-nouveau-plan-de-logement-prevoit-un-investissement-de-399-millions-deuros-en-galice-dici-2030\/","title":{"rendered":"Le nouveau plan de logement pr\u00e9voit un investissement de 399 millions d&#8217;euros en Galice d&#8217;ici 2030."},"content":{"rendered":"\n<div data-elementor-type=\"wp-post\" data-elementor-id=\"137259\" class=\"elementor elementor-137259\" data-elementor-post-type=\"post\">\n<div class=\"elementor-element elementor-element-dc465a e-flex e-con-boxed e-con e-parent\" data-id=\"dc465a\" data-element_type=\"container\" data-e-type=\"container\">\n<div class=\"e-con-inner\">\n<div class=\"elementor-element elementor-element-1af67b47 elementor-widget elementor-widget-text-editor\" data-id=\"1af67b47\" data-element_type=\"widget\" data-e-type=\"widget\" data-widget_type=\"text-editor.default\">\n<p><i>Le gouvernement espagnol a pr\u00e9sent\u00e9 son nouveau Plan national de logement 2026-2030, une initiative ambitieuse qui pr\u00e9voit d&#8217;allouer pr\u00e8s de 399 millions d&#8217;euros \u00e0 la communaut\u00e9 autonome de Galice. Ce plan vise \u00e0 r\u00e9pondre \u00e0 la crise du logement qui touche l&#8217;ensemble du territoire espagnol, en mettant l&#8217;accent sur l&#8217;accessibilit\u00e9, la r\u00e9habilitation et le d\u00e9veloppement de logements sociaux.<\/i><\/p>\n<h2>Un investissement massif pour r\u00e9pondre \u00e0 la crise du logement<\/h2>\n<p>Selon La Voz de Galicia, le nouveau Plan de logement pr\u00e9sent\u00e9 par le gouvernement central espagnol attribue \u00e0 la Galice une enveloppe budg\u00e9taire de 399 millions d&#8217;euros sur quatre ans, soit jusqu&#8217;en 2030. Cette somme repr\u00e9sente une augmentation significative par rapport aux dotations des plans pr\u00e9c\u00e9dents, refl\u00e9tant la volont\u00e9 des autorit\u00e9s de faire face \u00e0 une situation jug\u00e9e urgente.<\/p>\n<p>Le plan s&#8217;articule autour de plusieurs axes prioritaires. Le premier concerne la construction de nouveaux logements abordables destin\u00e9s aux m\u00e9nages \u00e0 revenus modestes et aux jeunes, une cat\u00e9gorie de la population particuli\u00e8rement touch\u00e9e par la flamb\u00e9e des prix immobiliers. Le deuxi\u00e8me axe porte sur la r\u00e9habilitation du parc existant, notamment dans les zones rurales et les centres historiques des villes galiciennes.<\/p>\n<p>En Galice, la situation du logement est particuli\u00e8rement pr\u00e9occupante dans les grandes agglom\u00e9rations comme Vigo, La Corogne et Saint-Jacques-de-Compostelle, o\u00f9 les loyers ont augment\u00e9 de plus de 30 % au cours des cinq derni\u00e8res ann\u00e9es. Le plan pr\u00e9voit \u00e9galement des aides sp\u00e9cifiques pour les zones \u00e0 faible densit\u00e9 de population, afin de lutter contre le d\u00e9peuplement des campagnes.<\/p>\n<blockquote class=\"ml-2 border-l-4 border-border-300\/10 pl-4 text-text-300\">\n<p class=\"font-claude-response-body break-words whitespace-normal leading-[1.7]\"><em>\u00ab Ce plan repr\u00e9sente une opportunit\u00e9 historique pour la Galice de moderniser son parc de logements et de garantir un acc\u00e8s digne \u00e0 tous ses habitants. \u00bb<\/em> Selon La Voz de Galicia, d\u00e9claration d&#8217;un repr\u00e9sentant de la Xunta de Galicia<\/p>\n<\/blockquote>\n<p>Les fonds seront r\u00e9partis entre la Xunta de Galicia et les municipalit\u00e9s, qui devront pr\u00e9senter des projets concrets pour b\u00e9n\u00e9ficier des subventions. Une partie du budget, estim\u00e9e \u00e0 environ 80 millions d&#8217;euros, sera consacr\u00e9e exclusivement \u00e0 la r\u00e9novation \u00e9nerg\u00e9tique des b\u00e2timents, conform\u00e9ment aux objectifs climatiques de l&#8217;Union europ\u00e9enne.<\/p>\n<h2>Des mesures concr\u00e8tes pour les jeunes et les m\u00e9nages vuln\u00e9rables<\/h2>\n<p>L&#8217;une des priorit\u00e9s affich\u00e9es du plan est de faciliter l&#8217;acc\u00e8s au logement pour les jeunes de moins de 35 ans. Selon les donn\u00e9es du minist\u00e8re espagnol du Logement, seulement 18 % des jeunes espagnols sont propri\u00e9taires de leur logement, contre une moyenne europ\u00e9enne de 34 %. En Galice, ce chiffre est l\u00e9g\u00e8rement sup\u00e9rieur \u00e0 la moyenne nationale, mais reste insuffisant au regard des besoins.<\/p>\n<p>Le plan pr\u00e9voit des aides directes \u00e0 l&#8217;achat pouvant atteindre 10 800 euros pour les primo-acc\u00e9dants de moins de 35 ans, ainsi que des subventions pour les loyers dans les zones dites tendues. Ces zones correspondent aux march\u00e9s locatifs o\u00f9 le prix des loyers a d\u00e9pass\u00e9 un certain seuil par rapport aux revenus moyens des habitants.<\/p>\n<blockquote class=\"ml-2 border-l-4 border-border-300\/10 pl-4 text-text-300\">\n<p class=\"font-claude-response-body break-words whitespace-normal leading-[1.7]\"><em>\u00ab L&#8217;acc\u00e8s au logement est devenu le principal obstacle \u00e0 l&#8217;\u00e9mancipation des jeunes g\u00e9n\u00e9rations en Espagne. Sans mesures structurelles, la situation risque de s&#8217;aggraver dans les prochaines ann\u00e9es. \u00bb<\/em> Selon le Conseil \u00e9conomique et social espagnol, rapport annuel sur les conditions de vie 2024<\/p>\n<\/blockquote>\n<p>Par ailleurs, des dispositifs sp\u00e9cifiques sont pr\u00e9vus pour les personnes \u00e2g\u00e9es, les familles monoparentales et les personnes en situation de handicap. Ces publics pourront b\u00e9n\u00e9ficier de logements adapt\u00e9s financ\u00e9s dans le cadre du plan, avec des crit\u00e8res d&#8217;attribution prioritaires d\u00e9finis par les services sociaux r\u00e9gionaux.<\/p>\n<p>La Xunta de Galicia, de son c\u00f4t\u00e9, a annonc\u00e9 qu&#8217;elle entend compl\u00e9ter les financements nationaux par des ressources propres, portant l&#8217;investissement total potentiel \u00e0 plus de 500 millions d&#8217;euros d&#8217;ici 2030. Les premi\u00e8res appels \u00e0 projets aupr\u00e8s des municipalit\u00e9s devraient \u00eatre lanc\u00e9s d\u00e8s le second semestre 2025.<\/p>\n<p>Le secteur de la construction galicien, qui repr\u00e9sente environ 8 % du PIB r\u00e9gional, devrait \u00e9galement b\u00e9n\u00e9ficier de cette dynamique. Les professionnels du secteur estiment que la mise en oeuvre du plan pourrait g\u00e9n\u00e9rer entre 15 000 et 20 000 emplois directs et indirects sur la p\u00e9riode 2026-2030.<\/p>\n<p>Ce plan de logement s&#8217;inscrit dans un contexte national de r\u00e9forme du march\u00e9 immobilier, avec la mise en application progressive de la Loi pour le droit au logement adopt\u00e9e en 2023. Cette loi introduit notamment des m\u00e9canismes de r\u00e9gulation des loyers dans les zones tendues et renforce les protections contre les expulsions abusives.<\/p>\n<p>Si les ambitions affich\u00e9es par le gouvernement sont salu\u00e9es par de nombreuses associations de d\u00e9fense du droit au logement, certaines organisations pointent du doigt la lenteur habituelle dans la mise en oeuvre effective des fonds et demandent des m\u00e9canismes de contr\u00f4le plus stricts pour garantir que les sommes allou\u00e9es atteignent bien leurs destinataires.<\/p>\n<p>La Galice dispose d\u00e9sormais d&#8217;une feuille de route claire pour les prochaines ann\u00e9es. L&#8217;enjeu sera de transformer ces engagements financiers en r\u00e9alisations concr\u00e8tes, au b\u00e9n\u00e9fice des habitants qui peinent \u00e0 se loger dignement dans une r\u00e9gion marqu\u00e9e \u00e0 la fois par des tensions urbaines et un d\u00e9peuplement rural pr\u00e9occupant.<\/p>\n<p><i>Sources et photo: R\u00e9daction LCE (avec l&#8217;aide de l&#8217;IA)<\/i><\/p>\n<hr style=\"border: none;border-top: 1px solid #000000;margin: 24px 0\" \/>\t\t\t\t\t\t\t\t<\/div>\n<div class=\"elementor-element elementor-element-c7bbeda elementor-widget elementor-widget-html\" data-id=\"c7bbeda\" data-element_type=\"widget\" data-e-type=\"widget\" data-widget_type=\"html.default\">\n\t\t\t\t\t\t\t\t\t<\/div>\n<\/p><\/div>\n<\/p><\/div>\n<\/p><\/div>\n","protected":false},"excerpt":{"rendered":"<p>Le gouvernement espagnol a pr\u00e9sent\u00e9 son nouveau Plan national de logement 2026-2030, une initiative ambitieuse qui pr\u00e9voit d&#8217;allouer pr\u00e8s de 399 millions d&#8217;euros \u00e0 la communaut\u00e9 autonome de Galice. Ce plan vise \u00e0 r\u00e9pondre \u00e0 la crise du logement qui touche l&#8217;ensemble du territoire espagnol, en mettant l&#8217;accent sur l&#8217;accessibilit\u00e9, la r\u00e9habilitation et le d\u00e9veloppement [&hellip;]<\/p>\n","protected":false},"author":13,"featured_media":76058,"comment_status":"open","ping_status":"closed","sticky":false,"template":"","format":"standard","meta":{"om_disable_all_campaigns":false,"_monsterinsights_skip_tracking":false,"_monsterinsights_sitenote_active":false,"_monsterinsights_sitenote_note":"","_monsterinsights_sitenote_category":0,"_uf_show_specific_survey":0,"_uf_disable_surveys":false,"footnotes":""},"categories":[4509],"tags":[1126,701,639,1162],"class_list":["post-76057","post","type-post","status-publish","format-standard","has-post-thumbnail","hentry","category-uncategorized","tag-galice","tag-immobilier","tag-investissement","tag-logement"],"acf":[],"_links":{"self":[{"href":"https:\/\/immo.lecourrier.es\/index.php\/wp-json\/wp\/v2\/posts\/76057","targetHints":{"allow":["GET"]}}],"collection":[{"href":"https:\/\/immo.lecourrier.es\/index.php\/wp-json\/wp\/v2\/posts"}],"about":[{"href":"https:\/\/immo.lecourrier.es\/index.php\/wp-json\/wp\/v2\/types\/post"}],"author":[{"embeddable":true,"href":"https:\/\/immo.lecourrier.es\/index.php\/wp-json\/wp\/v2\/users\/13"}],"replies":[{"embeddable":true,"href":"https:\/\/immo.lecourrier.es\/index.php\/wp-json\/wp\/v2\/comments?post=76057"}],"version-history":[{"count":0,"href":"https:\/\/immo.lecourrier.es\/index.php\/wp-json\/wp\/v2\/posts\/76057\/revisions"}],"wp:featuredmedia":[{"embeddable":true,"href":"https:\/\/immo.lecourrier.es\/index.php\/wp-json\/wp\/v2\/media\/76058"}],"wp:attachment":[{"href":"https:\/\/immo.lecourrier.es\/index.php\/wp-json\/wp\/v2\/media?parent=76057"}],"wp:term":[{"taxonomy":"category","embeddable":true,"href":"https:\/\/immo.lecourrier.es\/index.php\/wp-json\/wp\/v2\/categories?post=76057"},{"taxonomy":"post_tag","embeddable":true,"href":"https:\/\/immo.lecourrier.es\/index.php\/wp-json\/wp\/v2\/tags?post=76057"}],"curies":[{"name":"wp","href":"https:\/\/api.w.org\/{rel}","templated":true}]}}