{"id":76055,"date":"2026-04-30T12:01:42","date_gmt":"2026-04-30T12:01:42","guid":{"rendered":"https:\/\/immo.lecourrier.es\/index.php\/2026\/04\/30\/tui-devient-lepicentre-du-cinema-international-avec-la-22e-edition-de-play-doc\/"},"modified":"2026-04-30T12:01:43","modified_gmt":"2026-04-30T12:01:43","slug":"tui-devient-lepicentre-du-cinema-international-avec-la-22e-edition-de-play-doc","status":"publish","type":"post","link":"https:\/\/immo.lecourrier.es\/index.php\/2026\/04\/30\/tui-devient-lepicentre-du-cinema-international-avec-la-22e-edition-de-play-doc\/","title":{"rendered":"Tui devient l&#8217;\u00e9picentre du cin\u00e9ma international avec la 22e \u00e9dition de Play-Doc."},"content":{"rendered":"\n<div data-elementor-type=\"wp-post\" data-elementor-id=\"137262\" class=\"elementor elementor-137262\" data-elementor-post-type=\"post\">\n<div class=\"elementor-element elementor-element-1f1aba91 e-flex e-con-boxed e-con e-parent\" data-id=\"1f1aba91\" data-element_type=\"container\" data-e-type=\"container\">\n<div class=\"e-con-inner\">\n<div class=\"elementor-element elementor-element-4f48e50f elementor-widget elementor-widget-text-editor\" data-id=\"4f48e50f\" data-element_type=\"widget\" data-e-type=\"widget\" data-widget_type=\"text-editor.default\">\n<p><i>Chaque ann\u00e9e, la petite ville de Tui, nich\u00e9e dans la province de Pontevedra en Galice, se transforme en une capitale mondiale du documentaire. La 22e \u00e9dition du festival Play-Doc confirme cette vocation avec une programmation ambitieuse et des invit\u00e9s venus des quatre coins du globe. Un \u00e9v\u00e9nement culturel majeur qui rayonne bien au-del\u00e0 des fronti\u00e8res espagnoles.<\/i><\/p>\n<h2>Un festival documentaire qui s&#8217;impose sur la sc\u00e8ne internationale<\/h2>\n<p>Play-Doc est l&#8217;un des festivals de cin\u00e9ma documentaire les plus respect\u00e9s d&#8217;Europe. Fond\u00e9 il y a plus de deux d\u00e9cennies, il a su construire une identit\u00e9 forte autour de la d\u00e9couverte de cin\u00e9astes \u00e9mergents et de la mise en lumi\u00e8re d&#8217;oeuvres audacieuses qui ne trouvent pas toujours leur place dans les circuits commerciaux traditionnels.<\/p>\n<p>Cette 22e \u00e9dition, qui se tient \u00e0 Tui du 22 au 27 avril 2026, propose un programme dense avec plus de 80 films s\u00e9lectionn\u00e9s en provenance d&#8217;une quarantaine de pays. Des r\u00e9alisateurs d&#8217;Am\u00e9rique latine, d&#8217;Asie, d&#8217;Afrique et d&#8217;Europe se retrouvent ainsi dans cette ville frontali\u00e8re avec le Portugal, cr\u00e9ant un dialogue culturel unique en son genre.<\/p>\n<p>Selon Cadena SER (Radio Vigo), le festival accueille cette ann\u00e9e plusieurs premi\u00e8res mondiales et europ\u00e9ennes, ce qui confirme son statut de plateforme de lancement pour des oeuvres cin\u00e9matographiques exigeantes. Les organisateurs ont mis en avant la qualit\u00e9 exceptionnelle des candidatures re\u00e7ues cette ann\u00e9e, avec un nombre record de soumissions d\u00e9passant les 2 000 films.<\/p>\n<p>La ville de Tui, qui compte environ 17 000 habitants, voit sa population doubler pendant les jours du festival. Les h\u00f4tels, pensions et h\u00e9bergements de toute la r\u00e9gion affichent complet, et les restaurants locaux profitent d&#8217;une affluence inhabituelle pour une fin avril. L&#8217;impact \u00e9conomique estim\u00e9 du festival sur la r\u00e9gion avoisine le million d&#8217;euros, selon les donn\u00e9es fournies par la mairie de Tui.<\/p>\n<blockquote class=\"ml-2 border-l-4 border-border-300\/10 pl-4 text-text-300\">\n<p class=\"font-claude-response-body break-words whitespace-normal leading-[1.7]\"><em>\u00ab Play-Doc est bien plus qu&#8217;un festival, c&#8217;est un espace de libert\u00e9 o\u00f9 le cin\u00e9ma peut se r\u00e9inventer loin des contraintes commerciales. \u00bb<\/em> Un r\u00e9alisateur invit\u00e9 lors de la conf\u00e9rence d&#8217;ouverture de la 22e \u00e9dition<\/p>\n<\/blockquote>\n<p>Le festival dispose d&#8217;un budget global d&#8217;environ 600 000 euros, financ\u00e9 en partie par la Xunta de Galicia, la Diputaci\u00f3n de Pontevedra et des fonds europ\u00e9ens d\u00e9di\u00e9s \u00e0 la promotion de la culture r\u00e9gionale. Cette stabilit\u00e9 financi\u00e8re lui permet de maintenir une programmation de qualit\u00e9 tout en garantissant l&#8217;acc\u00e8s gratuit ou \u00e0 tarif r\u00e9duit \u00e0 une grande partie des projections.<\/p>\n<h2>Une programmation riche et des r\u00e9trospectives incontournables<\/h2>\n<p>L&#8217;une des marques de fabrique de Play-Doc est sa section r\u00e9trospective, qui chaque ann\u00e9e rend hommage \u00e0 un cin\u00e9aste ou \u00e0 un courant cin\u00e9matographique m\u00e9connu du grand public. Cette \u00e9dition met \u00e0 l&#8217;honneur le cin\u00e9ma documentaire japonais des ann\u00e9es 1970 et 1980, une \u00e9poque charni\u00e8re o\u00f9 des r\u00e9alisateurs comme Kazuo Hara ont red\u00e9fini les fronti\u00e8res entre le documentaire et la fiction.<\/p>\n<p>Selon le journal culturel Cineman\u00eda, cette r\u00e9trospective est l&#8217;une des plus compl\u00e8tes jamais organis\u00e9es hors du Japon, avec une vingtaine de films restaur\u00e9s projet\u00e9s en copie num\u00e9rique haute d\u00e9finition. Plusieurs de ces oeuvres n&#8217;avaient pas \u00e9t\u00e9 vues en Europe depuis leur sortie originale, ce qui en fait des \u00e9v\u00e9nements cin\u00e9philiques rares.<\/p>\n<p>La comp\u00e9tition officielle, quant \u00e0 elle, rassemble 15 films en lice pour le Grand Prix Play-Doc, dot\u00e9 d&#8217;une r\u00e9compense de 10 000 euros. Le jury international de cette \u00e9dition est compos\u00e9 de cinq professionnels du cin\u00e9ma issus de France, du Mexique, du S\u00e9n\u00e9gal, de Pologne et de Cor\u00e9e du Sud, garantissant une diversit\u00e9 de regards sur les oeuvres en comp\u00e9tition.<\/p>\n<blockquote class=\"ml-2 border-l-4 border-border-300\/10 pl-4 text-text-300\">\n<p class=\"font-claude-response-body break-words whitespace-normal leading-[1.7]\"><em>\u00ab Tui est une ville qui inspire le documentaire par son histoire, sa fronti\u00e8re, ses gens. Il y a quelque chose de particulier dans l&#8217;air ici. \u00bb<\/em> Une membre du jury international, lors de la pr\u00e9sentation officielle du festival<\/p>\n<\/blockquote>\n<p>Des masterclasses sont \u00e9galement au programme, ouvertes au public et aux \u00e9tudiants en cin\u00e9ma. Des r\u00e9alisateurs reconnus animeront des ateliers pratiques sur l&#8217;\u00e9criture documentaire, le montage et la distribution ind\u00e9pendante, des th\u00e9matiques cruciales pour la nouvelle g\u00e9n\u00e9ration de cin\u00e9astes qui cherchent \u00e0 exister en dehors des grands studios.<\/p>\n<p>La ville de Tui elle-m\u00eame devient un d\u00e9cor vivant pendant le festival. Des projections en plein air sont organis\u00e9es dans les ruelles historiques du centre-ville, permettant \u00e0 tous les habitants de participer \u00e0 cet \u00e9v\u00e9nement culturel sans avoir \u00e0 se rendre dans les salles de cin\u00e9ma officielles.<\/p>\n<h2>Conclusion<\/h2>\n<p>Play-Doc confirme une fois de plus que le cin\u00e9ma documentaire n&#8217;a pas besoin des grandes m\u00e9tropoles pour exister et rayonner. Tui, ville modeste mais riche d&#8217;histoire, prouve qu&#8217;une programmation exigeante, port\u00e9e par une \u00e9quipe passionn\u00e9e et soutenue par les institutions r\u00e9gionales, peut attirer l&#8217;attention du monde entier. La 22e \u00e9dition s&#8217;annonce comme l&#8217;une des plus riches de l&#8217;histoire du festival, avec des films, des rencontres et des d\u00e9bats qui nourriront la r\u00e9flexion cin\u00e9matographique bien au-del\u00e0 des fronti\u00e8res galiciennes.<\/p>\n<p><i>Sources et photo: R\u00e9daction LCE (avec l&#8217;aide de l&#8217;IA)<\/i><\/p>\n<hr style=\"border: none;border-top: 1px solid #000000;margin: 24px 0\" \/>\t\t\t\t\t\t\t\t<\/div>\n<div class=\"elementor-element elementor-element-c8588fa elementor-widget elementor-widget-html\" data-id=\"c8588fa\" data-element_type=\"widget\" data-e-type=\"widget\" data-widget_type=\"html.default\">\n\t\t\t\t\t\t\t\t\t<\/div>\n<\/p><\/div>\n<\/p><\/div>\n<\/p><\/div>\n","protected":false},"excerpt":{"rendered":"<p>Chaque ann\u00e9e, la petite ville de Tui, nich\u00e9e dans la province de Pontevedra en Galice, se transforme en une capitale mondiale du documentaire. La 22e \u00e9dition du festival Play-Doc confirme cette vocation avec une programmation ambitieuse et des invit\u00e9s venus des quatre coins du globe. Un \u00e9v\u00e9nement culturel majeur qui rayonne bien au-del\u00e0 des fronti\u00e8res [&hellip;]<\/p>\n","protected":false},"author":13,"featured_media":76056,"comment_status":"open","ping_status":"closed","sticky":false,"template":"","format":"standard","meta":{"om_disable_all_campaigns":false,"_monsterinsights_skip_tracking":false,"_monsterinsights_sitenote_active":false,"_monsterinsights_sitenote_note":"","_monsterinsights_sitenote_category":0,"_uf_show_specific_survey":0,"_uf_disable_surveys":false,"footnotes":""},"categories":[4509],"tags":[4865,4866,1259],"class_list":["post-76055","post","type-post","status-publish","format-standard","has-post-thumbnail","hentry","category-uncategorized","tag-cinema-international","tag-play-doc","tag-tui"],"acf":[],"_links":{"self":[{"href":"https:\/\/immo.lecourrier.es\/index.php\/wp-json\/wp\/v2\/posts\/76055","targetHints":{"allow":["GET"]}}],"collection":[{"href":"https:\/\/immo.lecourrier.es\/index.php\/wp-json\/wp\/v2\/posts"}],"about":[{"href":"https:\/\/immo.lecourrier.es\/index.php\/wp-json\/wp\/v2\/types\/post"}],"author":[{"embeddable":true,"href":"https:\/\/immo.lecourrier.es\/index.php\/wp-json\/wp\/v2\/users\/13"}],"replies":[{"embeddable":true,"href":"https:\/\/immo.lecourrier.es\/index.php\/wp-json\/wp\/v2\/comments?post=76055"}],"version-history":[{"count":0,"href":"https:\/\/immo.lecourrier.es\/index.php\/wp-json\/wp\/v2\/posts\/76055\/revisions"}],"wp:featuredmedia":[{"embeddable":true,"href":"https:\/\/immo.lecourrier.es\/index.php\/wp-json\/wp\/v2\/media\/76056"}],"wp:attachment":[{"href":"https:\/\/immo.lecourrier.es\/index.php\/wp-json\/wp\/v2\/media?parent=76055"}],"wp:term":[{"taxonomy":"category","embeddable":true,"href":"https:\/\/immo.lecourrier.es\/index.php\/wp-json\/wp\/v2\/categories?post=76055"},{"taxonomy":"post_tag","embeddable":true,"href":"https:\/\/immo.lecourrier.es\/index.php\/wp-json\/wp\/v2\/tags?post=76055"}],"curies":[{"name":"wp","href":"https:\/\/api.w.org\/{rel}","templated":true}]}}