{"id":76053,"date":"2026-04-30T12:01:36","date_gmt":"2026-04-30T12:01:36","guid":{"rendered":"https:\/\/immo.lecourrier.es\/index.php\/2026\/04\/30\/la-chaleur-pulverise-des-records-de-temperature-pour-le-mois-davril-dans-lest-de-la-navarre\/"},"modified":"2026-04-30T12:01:36","modified_gmt":"2026-04-30T12:01:36","slug":"la-chaleur-pulverise-des-records-de-temperature-pour-le-mois-davril-dans-lest-de-la-navarre","status":"publish","type":"post","link":"https:\/\/immo.lecourrier.es\/index.php\/2026\/04\/30\/la-chaleur-pulverise-des-records-de-temperature-pour-le-mois-davril-dans-lest-de-la-navarre\/","title":{"rendered":"La chaleur pulv\u00e9rise des records de temp\u00e9rature pour le mois d&#8217;avril dans l&#8217;est de la Navarre."},"content":{"rendered":"\n<div data-elementor-type=\"wp-post\" data-elementor-id=\"137298\" class=\"elementor elementor-137298\" data-elementor-post-type=\"post\">\n<div class=\"elementor-element elementor-element-613da59d e-flex e-con-boxed e-con e-parent\" data-id=\"613da59d\" data-element_type=\"container\" data-e-type=\"container\">\n<div class=\"e-con-inner\">\n<div class=\"elementor-element elementor-element-1c26ec1 elementor-widget elementor-widget-text-editor\" data-id=\"1c26ec1\" data-element_type=\"widget\" data-e-type=\"widget\" data-widget_type=\"text-editor.default\">\n<p><i>En ce mois d&#8217;avril 2026, une vague de chaleur exceptionnelle s&#8217;est abattue sur l&#8217;est de la Navarre, en Espagne, faisant voler en \u00e9clats des records historiques de temp\u00e9rature. Ce ph\u00e9nom\u00e8ne m\u00e9t\u00e9orologique pr\u00e9occupant soul\u00e8ve des questions cruciales sur les impacts du changement climatique pour l&#8217;agriculture et la r\u00e9silience des territoires ruraux.<\/i><\/p>\n<h2>Des temp\u00e9ratures historiques qui affolent les thermom\u00e8tres<\/h2>\n<p>Selon <a href=\"https:\/\/www.diariodenavarra.es\/noticias\/navarra\/2026\/04\/22\/calor-pulveriza-records-temperatura-mes-abril-navarra-817932-15.html?utm_source=openai\">Diario de Navarra<\/a>, plusieurs stations m\u00e9t\u00e9orologiques de l&#8217;est de la Navarre ont enregistr\u00e9 des temp\u00e9ratures jamais observ\u00e9es pour un mois d&#8217;avril depuis le d\u00e9but des relev\u00e9s. Certaines localit\u00e9s ont fl\u00f4l\u00e9 les 35 degr\u00e9s Celsius, un seuil in\u00e9dit pour cette p\u00e9riode printani\u00e8re dans la r\u00e9gion. Ces chiffres d\u00e9passent les pr\u00e9c\u00e9dents records d&#8217;au moins 3 \u00e0 4 degr\u00e9s, ce qui, selon les climatologues, repr\u00e9sente un \u00e9cart consid\u00e9rable et statistiquement alarmant.<\/p>\n<p>La station de Tudela, l&#8217;une des r\u00e9f\u00e9rences m\u00e9t\u00e9orologiques de la zone, a affich\u00e9 34,8 \u00b0C le 22 avril 2026, pulv\u00e9risant son ancien record mensuel datant de 1989. Dans la vall\u00e9e de l&#8217;Ebre, connue pour ses \u00e9t\u00e9s torrides, une telle chaleur en plein printemps est per\u00e7ue comme un signal fort du d\u00e9r\u00e8glement climatique en cours.<\/p>\n<blockquote class=\"ml-2 border-l-4 border-border-300\/10 pl-4 text-text-300\">\n<p class=\"font-claude-response-body break-words whitespace-normal leading-[1.7]\"><em>\u00ab Ces records d&#8217;avril ne sont pas de simples anomalies ponctuelles, ils s&#8217;inscrivent dans une tendance de fond qui transforme durablement notre climat printanier. \u00bb<\/em> M\u00e9t\u00e9orologue de l&#8217;Agence m\u00e9t\u00e9orologique espagnole (AEMET), cit\u00e9 par Diario de Navarra<\/p>\n<\/blockquote>\n<p>Selon l&#8217;Agence m\u00e9t\u00e9orologique espagnole (AEMET), le mois d&#8217;avril 2026 s&#8217;annonce comme l&#8217;un des plus chauds jamais enregistr\u00e9s sur l&#8217;ensemble du territoire espagnol, avec des anomalies thermiques positives comprises entre 3 et 5 degr\u00e9s au-dessus des moyennes saisonni\u00e8res sur une grande partie du pays. La p\u00e9ninsule ib\u00e9rique se retrouve ainsi en premi\u00e8re ligne face \u00e0 des \u00e9v\u00e9nements climatiques extr\u00eames de plus en plus fr\u00e9quents et intenses.<\/p>\n<h2>Des cons\u00e9quences directes pour l&#8217;agriculture et la r\u00e9silience des territoires<\/h2>\n<p>Cette chaleur pr\u00e9coce et intense ne reste pas sans cons\u00e9quences pour le secteur agricole navarrais, d\u00e9j\u00e0 fragilis\u00e9 par plusieurs ann\u00e9es de s\u00e9cheresse r\u00e9currente. Les cultures c\u00e9r\u00e9ali\u00e8res, les vignes et les vergers fruitiers, qui constituent le coeur \u00e9conomique de l&#8217;est de la Navarre, sont particuli\u00e8rement expos\u00e9s \u00e0 ces pics thermiques printaniers.<\/p>\n<p>Les agriculteurs locaux t\u00e9moignent d&#8217;une floraison avanc\u00e9e de plusieurs semaines sur certaines vari\u00e9t\u00e9s fruiti\u00e8res, augmentant significativement le risque de gel tardif en cas de retour des temp\u00e9ratures n\u00e9gatives. Ce ph\u00e9nom\u00e8ne, connu sous le nom de &#8220;fausse sortie d&#8217;hiver&#8221;, peut an\u00e9antir des r\u00e9coltes enti\u00e8res en quelques heures si une gel\u00e9e nocturne survient apr\u00e8s une p\u00e9riode de chaleur prolong\u00e9e.<\/p>\n<blockquote class=\"ml-2 border-l-4 border-border-300\/10 pl-4 text-text-300\">\n<p class=\"font-claude-response-body break-words whitespace-normal leading-[1.7]\"><em>\u00ab Nos p\u00eachers ont fleuri trois semaines trop t\u00f4t. Si une gel\u00e9e arrive maintenant, nous perdons tout. Nous n&#8217;avons jamais vu \u00e7a en avril de toute notre vie. \u00bb<\/em> Un producteur fruitier de la r\u00e9gion de Tudela, cit\u00e9 par Diario de Navarra<\/p>\n<\/blockquote>\n<p>Selon le syndicat agricole UAGN (Union d&#8217;Agriculteurs et Eleveurs de Navarre), les pertes potentielles pour la fili\u00e8re fruiti\u00e8re pourraient atteindre plusieurs millions d&#8217;euros si des \u00e9pisodes de gel tardif venaient \u00e0 se produire dans les prochaines semaines. La profession appelle les autorit\u00e9s r\u00e9gionales \u00e0 renforcer les dispositifs d&#8217;aide et d&#8217;assurance agricole face \u00e0 ces nouveaux al\u00e9as climatiques.<\/p>\n<p>Face \u00e0 ces d\u00e9fis, des voix s&#8217;\u00e9l\u00e8vent pour acc\u00e9l\u00e9rer la transition vers des pratiques agricoles plus r\u00e9silientes. L&#8217;adaptation des vari\u00e9t\u00e9s cultiv\u00e9es, le d\u00e9veloppement de l&#8217;irrigation raisonn\u00e9e et la diversification des cultures sont autant de pistes explor\u00e9es par les instituts de recherche agronomique espagnols pour aider les agriculteurs \u00e0 faire face \u00e0 un climat de plus en plus impr\u00e9visible.<\/p>\n<p>Selon le Centre de Recherche Agronomique de Navarre, il est d\u00e9sormais indispensable d&#8217;int\u00e9grer les sc\u00e9narios de changement climatique dans la planification agricole \u00e0 moyen terme, sous peine de voir la viabilit\u00e9 \u00e9conomique de nombreuses exploitations remise en cause d&#8217;ici 2040.<\/p>\n<h2>Conclusion<\/h2>\n<p>La vague de chaleur exceptionnelle qui a frapp\u00e9 l&#8217;est de la Navarre en avril 2026 illustre de fa\u00e7on concr\u00e8te et pr\u00e9occupante l&#8217;acc\u00e9l\u00e9ration du d\u00e9r\u00e8glement climatique sur la p\u00e9ninsule ib\u00e9rique. Des records historiques bris\u00e9s, des cultures menac\u00e9es, des agriculteurs en alerte : ce printemps hors normes est un rappel puissant de l&#8217;urgence \u00e0 adapter nos territoires et nos pratiques agricoles face \u00e0 des \u00e9v\u00e9nements extr\u00eames qui tendent \u00e0 devenir la nouvelle norme.<\/p>\n<p>La r\u00e9silience des territoires ruraux navarrais d\u00e9pendra largement de la capacit\u00e9 des pouvoirs publics, des instituts de recherche et des agriculteurs eux-m\u00eames \u00e0 anticiper et \u00e0 s&#8217;adapter \u00e0 ces bouleversements climatiques sans pr\u00e9c\u00e9dent.<\/p>\n<p><i>Sources et photo: R\u00e9daction LCE (avec l&#8217;aide de l&#8217;IA)<\/i><\/p>\n<hr style=\"border: none;border-top: 1px solid #000000;margin: 24px 0\" \/>\n<p>\u00a0<\/p>\n<\/p><\/div>\n<div class=\"elementor-element elementor-element-2166494 elementor-widget elementor-widget-html\" data-id=\"2166494\" data-element_type=\"widget\" data-e-type=\"widget\" data-widget_type=\"html.default\">\n\t\t\t\t\t\t\t\t\t<\/div>\n<\/p><\/div>\n<\/p><\/div>\n<\/p><\/div>\n","protected":false},"excerpt":{"rendered":"<p>En ce mois d&#8217;avril 2026, une vague de chaleur exceptionnelle s&#8217;est abattue sur l&#8217;est de la Navarre, en Espagne, faisant voler en \u00e9clats des records historiques de temp\u00e9rature. Ce ph\u00e9nom\u00e8ne m\u00e9t\u00e9orologique pr\u00e9occupant soul\u00e8ve des questions cruciales sur les impacts du changement climatique pour l&#8217;agriculture et la r\u00e9silience des territoires ruraux. Des temp\u00e9ratures historiques qui affolent [&hellip;]<\/p>\n","protected":false},"author":13,"featured_media":76054,"comment_status":"open","ping_status":"closed","sticky":false,"template":"","format":"standard","meta":{"om_disable_all_campaigns":false,"_monsterinsights_skip_tracking":false,"_monsterinsights_sitenote_active":false,"_monsterinsights_sitenote_note":"","_monsterinsights_sitenote_category":0,"_uf_show_specific_survey":0,"_uf_disable_surveys":false,"footnotes":""},"categories":[4509],"tags":[4863,2020,4864],"class_list":["post-76053","post","type-post","status-publish","format-standard","has-post-thumbnail","hentry","category-uncategorized","tag-avril-2026","tag-navarre","tag-temperature"],"acf":[],"_links":{"self":[{"href":"https:\/\/immo.lecourrier.es\/index.php\/wp-json\/wp\/v2\/posts\/76053","targetHints":{"allow":["GET"]}}],"collection":[{"href":"https:\/\/immo.lecourrier.es\/index.php\/wp-json\/wp\/v2\/posts"}],"about":[{"href":"https:\/\/immo.lecourrier.es\/index.php\/wp-json\/wp\/v2\/types\/post"}],"author":[{"embeddable":true,"href":"https:\/\/immo.lecourrier.es\/index.php\/wp-json\/wp\/v2\/users\/13"}],"replies":[{"embeddable":true,"href":"https:\/\/immo.lecourrier.es\/index.php\/wp-json\/wp\/v2\/comments?post=76053"}],"version-history":[{"count":0,"href":"https:\/\/immo.lecourrier.es\/index.php\/wp-json\/wp\/v2\/posts\/76053\/revisions"}],"wp:featuredmedia":[{"embeddable":true,"href":"https:\/\/immo.lecourrier.es\/index.php\/wp-json\/wp\/v2\/media\/76054"}],"wp:attachment":[{"href":"https:\/\/immo.lecourrier.es\/index.php\/wp-json\/wp\/v2\/media?parent=76053"}],"wp:term":[{"taxonomy":"category","embeddable":true,"href":"https:\/\/immo.lecourrier.es\/index.php\/wp-json\/wp\/v2\/categories?post=76053"},{"taxonomy":"post_tag","embeddable":true,"href":"https:\/\/immo.lecourrier.es\/index.php\/wp-json\/wp\/v2\/tags?post=76053"}],"curies":[{"name":"wp","href":"https:\/\/api.w.org\/{rel}","templated":true}]}}