{"id":76051,"date":"2026-04-30T12:01:03","date_gmt":"2026-04-30T12:01:03","guid":{"rendered":"https:\/\/immo.lecourrier.es\/index.php\/2026\/04\/30\/la-navarre-lance-une-nouvelle-societe-public-privee-pour-investir-45-millions-deuros-dans-lindustrie\/"},"modified":"2026-04-30T12:01:03","modified_gmt":"2026-04-30T12:01:03","slug":"la-navarre-lance-une-nouvelle-societe-public-privee-pour-investir-45-millions-deuros-dans-lindustrie","status":"publish","type":"post","link":"https:\/\/immo.lecourrier.es\/index.php\/2026\/04\/30\/la-navarre-lance-une-nouvelle-societe-public-privee-pour-investir-45-millions-deuros-dans-lindustrie\/","title":{"rendered":"La Navarre lance une nouvelle soci\u00e9t\u00e9 public-priv\u00e9e pour investir 45 millions d&#8217;euros dans l&#8217;industrie."},"content":{"rendered":"\n<div data-elementor-type=\"wp-post\" data-elementor-id=\"137308\" class=\"elementor elementor-137308\" data-elementor-post-type=\"post\">\n<div class=\"elementor-element elementor-element-1622a4d1 e-flex e-con-boxed e-con e-parent\" data-id=\"1622a4d1\" data-element_type=\"container\" data-e-type=\"container\">\n<div class=\"e-con-inner\">\n<div class=\"elementor-element elementor-element-51106d31 elementor-widget elementor-widget-text-editor\" data-id=\"51106d31\" data-element_type=\"widget\" data-e-type=\"widget\" data-widget_type=\"text-editor.default\">\n<p><i>La communaut\u00e9 forale de Navarre franchit une \u00e9tape d\u00e9cisive dans sa politique de d\u00e9veloppement \u00e9conomique. En cr\u00e9ant une nouvelle entit\u00e9 public-priv\u00e9e dot\u00e9e d&#8217;une capacit\u00e9 d&#8217;investissement de 45 millions d&#8217;euros, la r\u00e9gion entend renforcer son tissu industriel et attirer des projets structurants sur son territoire. Une initiative qui illustre la volont\u00e9 des autorit\u00e9s navarraises de conjuguer ressources publiques et capitaux priv\u00e9s pour dynamiser leur \u00e9conomie locale.<\/i><\/p>\n<h2>Un partenariat strat\u00e9gique au service de l&#8217;industrie navarraise<\/h2>\n<p>La Navarre s&#8217;appr\u00eate \u00e0 cr\u00e9er une soci\u00e9t\u00e9 \u00e0 capital mixte dont la vocation principale sera de financer et d&#8217;accompagner des projets industriels d&#8217;envergure sur l&#8217;ensemble de la r\u00e9gion. Selon Cadena SER, cette nouvelle structure disposera d&#8217;une enveloppe initiale de 45 millions d&#8217;euros, r\u00e9partie entre des fonds publics r\u00e9gionaux et des apports de partenaires priv\u00e9s s\u00e9lectionn\u00e9s pour leur expertise sectorielle.<\/p>\n<p>Ce mod\u00e8le de financement hybride n&#8217;est pas nouveau en Espagne, mais son application \u00e0 l&#8217;\u00e9chelle navarraise repr\u00e9sente une ambition notable. La communaut\u00e9 forale, forte d&#8217;un PIB par habitant parmi les plus \u00e9lev\u00e9s du pays, cherche \u00e0 consolider ses avantages comp\u00e9titifs dans des secteurs cl\u00e9s tels que l&#8217;agroalimentaire, les \u00e9nergies renouvelables et la fabrication avanc\u00e9e.<\/p>\n<p>Le gouvernement r\u00e9gional, dirig\u00e9 par la pr\u00e9sidente Mar\u00eda Chivite, a insist\u00e9 sur la n\u00e9cessit\u00e9 de diversifier les sources de financement pour ne pas d\u00e9pendre uniquement des budgets publics. L&#8217;objectif affich\u00e9 est de mobiliser, \u00e0 terme, des investissements bien sup\u00e9rieurs aux 45 millions initiaux, gr\u00e2ce \u00e0 l&#8217;effet levier que peut g\u00e9n\u00e9rer ce type de structure.<\/p>\n<blockquote class=\"ml-2 border-l-4 border-border-300\/10 pl-4 text-text-300\">\n<p class=\"font-claude-response-body break-words whitespace-normal leading-[1.7]\"><em>\u00ab La cr\u00e9ation de cette soci\u00e9t\u00e9 marque une nouvelle \u00e9tape dans notre strat\u00e9gie de r\u00e9industrialisation. Nous voulons que la Navarre soit une r\u00e9f\u00e9rence en mati\u00e8re de collaboration entre le secteur public et le secteur priv\u00e9. \u00bb<\/em> Gouvernement de Navarre, communiqu\u00e9 officiel, avril 2026<\/p>\n<\/blockquote>\n<p>Cette d\u00e9marche s&#8217;inscrit dans un contexte national favorable, o\u00f9 l&#8217;Espagne cherche \u00e0 acc\u00e9l\u00e9rer sa transition industrielle dans le cadre des fonds europ\u00e9ens Next Generation EU. La Navarre, qui a d\u00e9j\u00e0 absorb\u00e9 plusieurs centaines de millions d&#8217;euros de ces fonds ces derni\u00e8res ann\u00e9es, entend capitaliser sur cette dynamique pour attirer de nouveaux acteurs \u00e9conomiques.<\/p>\n<h2>Des retomb\u00e9es attendues sur l&#8217;emploi et le d\u00e9veloppement territorial<\/h2>\n<p>Au-del\u00e0 des chiffres d&#8217;investissement, c&#8217;est l&#8217;impact sur l&#8217;emploi qui constitue l&#8217;un des principaux arguments avanc\u00e9s par les autorit\u00e9s navarraises. La r\u00e9gion affiche un taux de ch\u00f4mage inf\u00e9rieur \u00e0 la moyenne nationale espagnole, autour de 9 % selon les derni\u00e8res donn\u00e9es de l&#8217;Institut national de la statistique espagnol, mais les autorit\u00e9s souhaitent aller plus loin en cr\u00e9ant des emplois qualifi\u00e9s et durables.<\/p>\n<p>Les projets industriels financ\u00e9s par cette nouvelle entit\u00e9 devront r\u00e9pondre \u00e0 des crit\u00e8res stricts en mati\u00e8re de cr\u00e9ation d&#8217;emplois, de viabilit\u00e9 \u00e9conomique et d&#8217;impact environnemental. Une commission mixte, compos\u00e9e de repr\u00e9sentants publics et priv\u00e9s, sera charg\u00e9e d&#8217;\u00e9valuer les dossiers et de s\u00e9lectionner les projets les plus prometteurs.<\/p>\n<p>Selon les premi\u00e8res estimations avanc\u00e9es par le gouvernement r\u00e9gional, cette initiative pourrait permettre la cr\u00e9ation de plusieurs centaines d&#8217;emplois directs dans les cinq prochaines ann\u00e9es, avec un effet multiplicateur significatif sur l&#8217;emploi indirect li\u00e9 aux sous-traitants et aux fournisseurs locaux.<\/p>\n<blockquote class=\"ml-2 border-l-4 border-border-300\/10 pl-4 text-text-300\">\n<p class=\"font-claude-response-body break-words whitespace-normal leading-[1.7]\"><em>\u00ab Nous ciblons des secteurs \u00e0 forte valeur ajout\u00e9e, capables de g\u00e9n\u00e9rer des emplois stables et bien r\u00e9mun\u00e9r\u00e9s pour les habitants de Navarre. \u00bb<\/em> D\u00e9claration d&#8217;un responsable \u00e9conomique du gouvernement navarrais, avril 2026<\/p>\n<\/blockquote>\n<p>La dimension territoriale est \u00e9galement au coeur du dispositif. Il ne s&#8217;agit pas uniquement de concentrer les investissements dans la capitale Pampelune, mais de favoriser un d\u00e9veloppement \u00e9quilibr\u00e9 sur l&#8217;ensemble des zones rurales et semi-urbaines de la communaut\u00e9 forale, qui couvre une superficie de pr\u00e8s de 10 400 kilom\u00e8tres carr\u00e9s pour environ 670 000 habitants.<\/p>\n<p>Cette approche d\u00e9centralis\u00e9e vise \u00e0 lutter contre la d\u00e9sertification \u00e9conomique de certaines zones int\u00e9rieures de la Navarre, tout en valorisant les ressources naturelles et humaines disponibles dans des territoires parfois \u00e9loign\u00e9s des grands axes industriels.<\/p>\n<p>La cr\u00e9ation de cette soci\u00e9t\u00e9 public-priv\u00e9e repr\u00e9sente ainsi bien plus qu&#8217;un simple m\u00e9canisme financier. Elle traduit une vision politique et \u00e9conomique coh\u00e9rente, ax\u00e9e sur la coop\u00e9ration, la durabilit\u00e9 et le renforcement de la comp\u00e9titivit\u00e9 r\u00e9gionale \u00e0 long terme. Si les objectifs affich\u00e9s sont atteints, la Navarre pourrait offrir un mod\u00e8le reproductible \u00e0 d&#8217;autres r\u00e9gions espagnoles confront\u00e9es aux m\u00eames d\u00e9fis de r\u00e9industrialisation et de diversification \u00e9conomique.<\/p>\n<p><i>Sources et photo: R\u00e9daction LCE (avec l&#8217;aide de l&#8217;IA)<\/i><\/p>\n<hr style=\"border: none;border-top: 1px solid #000000;margin: 24px 0\" \/>\t\t\t\t\t\t\t\t<\/div>\n<div class=\"elementor-element elementor-element-aab792f elementor-widget elementor-widget-html\" data-id=\"aab792f\" data-element_type=\"widget\" data-e-type=\"widget\" data-widget_type=\"html.default\">\n\t\t\t\t\t\t\t\t\t<\/div>\n<\/p><\/div>\n<\/p><\/div>\n<\/p><\/div>\n","protected":false},"excerpt":{"rendered":"<p>La communaut\u00e9 forale de Navarre franchit une \u00e9tape d\u00e9cisive dans sa politique de d\u00e9veloppement \u00e9conomique. En cr\u00e9ant une nouvelle entit\u00e9 public-priv\u00e9e dot\u00e9e d&#8217;une capacit\u00e9 d&#8217;investissement de 45 millions d&#8217;euros, la r\u00e9gion entend renforcer son tissu industriel et attirer des projets structurants sur son territoire. Une initiative qui illustre la volont\u00e9 des autorit\u00e9s navarraises de conjuguer [&hellip;]<\/p>\n","protected":false},"author":13,"featured_media":76052,"comment_status":"open","ping_status":"closed","sticky":false,"template":"","format":"standard","meta":{"om_disable_all_campaigns":false,"_monsterinsights_skip_tracking":false,"_monsterinsights_sitenote_active":false,"_monsterinsights_sitenote_note":"","_monsterinsights_sitenote_category":0,"_uf_show_specific_survey":0,"_uf_disable_surveys":false,"footnotes":""},"categories":[4509],"tags":[639,4862,2020],"class_list":["post-76051","post","type-post","status-publish","format-standard","has-post-thumbnail","hentry","category-uncategorized","tag-investissement","tag-lindustrie","tag-navarre"],"acf":[],"_links":{"self":[{"href":"https:\/\/immo.lecourrier.es\/index.php\/wp-json\/wp\/v2\/posts\/76051","targetHints":{"allow":["GET"]}}],"collection":[{"href":"https:\/\/immo.lecourrier.es\/index.php\/wp-json\/wp\/v2\/posts"}],"about":[{"href":"https:\/\/immo.lecourrier.es\/index.php\/wp-json\/wp\/v2\/types\/post"}],"author":[{"embeddable":true,"href":"https:\/\/immo.lecourrier.es\/index.php\/wp-json\/wp\/v2\/users\/13"}],"replies":[{"embeddable":true,"href":"https:\/\/immo.lecourrier.es\/index.php\/wp-json\/wp\/v2\/comments?post=76051"}],"version-history":[{"count":0,"href":"https:\/\/immo.lecourrier.es\/index.php\/wp-json\/wp\/v2\/posts\/76051\/revisions"}],"wp:featuredmedia":[{"embeddable":true,"href":"https:\/\/immo.lecourrier.es\/index.php\/wp-json\/wp\/v2\/media\/76052"}],"wp:attachment":[{"href":"https:\/\/immo.lecourrier.es\/index.php\/wp-json\/wp\/v2\/media?parent=76051"}],"wp:term":[{"taxonomy":"category","embeddable":true,"href":"https:\/\/immo.lecourrier.es\/index.php\/wp-json\/wp\/v2\/categories?post=76051"},{"taxonomy":"post_tag","embeddable":true,"href":"https:\/\/immo.lecourrier.es\/index.php\/wp-json\/wp\/v2\/tags?post=76051"}],"curies":[{"name":"wp","href":"https:\/\/api.w.org\/{rel}","templated":true}]}}