{"id":76049,"date":"2026-04-30T12:00:57","date_gmt":"2026-04-30T12:00:57","guid":{"rendered":"https:\/\/immo.lecourrier.es\/index.php\/2026\/04\/30\/forbes-baleares-le-premier-projet-territorial-du-magazine-forbes-lance-aux-iles-baleares\/"},"modified":"2026-04-30T12:00:57","modified_gmt":"2026-04-30T12:00:57","slug":"forbes-baleares-le-premier-projet-territorial-du-magazine-forbes-lance-aux-iles-baleares","status":"publish","type":"post","link":"https:\/\/immo.lecourrier.es\/index.php\/2026\/04\/30\/forbes-baleares-le-premier-projet-territorial-du-magazine-forbes-lance-aux-iles-baleares\/","title":{"rendered":"Forbes Baleares : le premier projet territorial du magazine Forbes lanc\u00e9 aux \u00celes Bal\u00e9ares."},"content":{"rendered":"\n<div data-elementor-type=\"wp-post\" data-elementor-id=\"136905\" class=\"elementor elementor-136905\" data-elementor-post-type=\"post\">\n<div class=\"elementor-element elementor-element-49f4bd57 e-flex e-con-boxed e-con e-parent\" data-id=\"49f4bd57\" data-element_type=\"container\" data-e-type=\"container\">\n<div class=\"e-con-inner\">\n<div class=\"elementor-element elementor-element-663f9e23 elementor-widget elementor-widget-text-editor\" data-id=\"663f9e23\" data-element_type=\"widget\" data-e-type=\"widget\" data-widget_type=\"text-editor.default\">\n<p><i>Les \u00celes Bal\u00e9ares entrent dans une nouvelle dimension m\u00e9diatique. La pr\u00e9sidente de la communaut\u00e9 autonome, Marga Prohens, a officiellement salu\u00e9 le lancement de Forbes Baleares, une \u00e9dition territoriale in\u00e9dite du c\u00e9l\u00e8bre magazine \u00e9conomique mondial. Une initiative qui place l&#8217;archipel sous les projecteurs de l&#8217;\u00e9conomie internationale et valorise ses entrepreneurs, ses talents et ses dynamiques locales.<\/i><\/p>\n<h2>Un projet \u00e9ditorial historique pour les Bal\u00e9ares<\/h2>\n<p>Selon Europa Press, Forbes Baleares constitue le tout premier projet territorial lanc\u00e9 par la mythique cabecera am\u00e9ricaine en Espagne. Il s&#8217;agit d&#8217;une d\u00e9clinaison locale du magazine Forbes, fond\u00e9 en 1917 aux \u00c9tats-Unis et aujourd&#8217;hui pr\u00e9sent dans plus de 150 pays avec une audience mondiale d\u00e9passant les 140 millions de lecteurs chaque mois.<\/p>\n<p>Cette \u00e9dition r\u00e9gionale a pour vocation de mettre en lumi\u00e8re les figures \u00e9conomiques, culturelles et entrepreneuriales des \u00eeles, qu&#8217;il s&#8217;agisse de Majorque, Minorque, Ibiza ou Formentera. L&#8217;archipel, qui accueille chaque ann\u00e9e plus de 17 millions de touristes et g\u00e9n\u00e8re un PIB r\u00e9gional estim\u00e9 \u00e0 plus de 33 milliards d&#8217;euros, dispose d&#8217;un tissu \u00e9conomique riche et diversifi\u00e9 que Forbes entend d\u00e9sormais documenter et promouvoir \u00e0 l&#8217;\u00e9chelle internationale.<\/p>\n<p>Marga Prohens, pr\u00e9sidente du gouvernement des \u00celes Bal\u00e9ares, s&#8217;est montr\u00e9e enthousiaste face \u00e0 cette initiative. Elle a soulign\u00e9 l&#8217;importance de disposer d&#8217;un outil m\u00e9diatique de cette envergure pour valoriser les entrepreneurs locaux et attirer des investissements ext\u00e9rieurs.<\/p>\n<blockquote class=\"ml-2 border-l-4 border-border-300\/10 pl-4 text-text-300\">\n<p class=\"font-claude-response-body break-words whitespace-normal leading-[1.7]\"><em>\u00ab Les Bal\u00e9ares m\u00e9ritent d&#8217;\u00eatre reconnues non seulement comme une destination touristique, mais aussi comme un territoire d&#8217;innovation, d&#8217;entrepreneuriat et de talent. Forbes Baleares est une occasion unique de montrer cette r\u00e9alit\u00e9 au monde. \u00bb<\/em> Marga Prohens, pr\u00e9sidente du gouvernement des \u00celes Bal\u00e9ares<\/p>\n<\/blockquote>\n<p>Le lancement s&#8217;inscrit dans une strat\u00e9gie plus large de diversification \u00e9conomique port\u00e9e par le gouvernement r\u00e9gional, qui cherche \u00e0 r\u00e9duire la d\u00e9pendance de l&#8217;archipel au secteur touristique, lequel repr\u00e9sente encore environ 45 % de son activit\u00e9 \u00e9conomique totale.<\/p>\n<h2>Les Bal\u00e9ares, territoire d&#8217;attractivit\u00e9 et d&#8217;innovation<\/h2>\n<p>Le choix des Bal\u00e9ares comme premier territoire espagnol \u00e0 b\u00e9n\u00e9ficier d&#8217;une \u00e9dition Forbes n&#8217;est pas anodin. L&#8217;archipel conna\u00eet depuis plusieurs ann\u00e9es une mont\u00e9e en puissance de ses secteurs technologique, nautique, agroalimentaire et cr\u00e9atif. Palma de Majorque, sa capitale, est r\u00e9guli\u00e8rement cit\u00e9e parmi les villes europ\u00e9ennes les plus attractives pour les nomades num\u00e9riques et les entrepreneurs internationaux.<\/p>\n<p>Selon le journal \u00e9conomique Expansi\u00f3n, les Bal\u00e9ares ont enregistr\u00e9 en 2024 une croissance de leur PIB sup\u00e9rieure \u00e0 la moyenne nationale espagnole, qui s&#8217;est \u00e9tablie autour de 2,7 %. La r\u00e9gion attire \u00e9galement un nombre croissant de r\u00e9sidents \u00e0 fort pouvoir d&#8217;achat, notamment en provenance d&#8217;Allemagne, du Royaume-Uni et des pays nordiques.<\/p>\n<p>Dans ce contexte, Forbes Baleares ambitionne de publier des classements r\u00e9gionaux, des portraits d&#8217;entrepreneurs, des analyses sectorielles et des reportages sur les tendances \u00e9conomiques locales. Le magazine sera disponible en version papier et num\u00e9rique, avec une diffusion pr\u00e9vue \u00e0 l&#8217;\u00e9chelle nationale et internationale.<\/p>\n<blockquote class=\"ml-2 border-l-4 border-border-300\/10 pl-4 text-text-300\">\n<p class=\"font-claude-response-body break-words whitespace-normal leading-[1.7]\"><em>\u00ab Forbes Baleares n&#8217;est pas simplement un magazine r\u00e9gional. C&#8217;est une fen\u00eatre ouverte sur l&#8217;\u00e9conomie mondiale depuis notre archipel. \u00bb<\/em> \u00c9quipe \u00e9ditoriale de Forbes Baleares, lors de la pr\u00e9sentation officielle<\/p>\n<\/blockquote>\n<p>L&#8217;initiative a re\u00e7u un accueil favorable au sein du monde des affaires local. De nombreux chefs d&#8217;entreprise et associations \u00e9conomiques de l&#8217;archipel ont exprim\u00e9 leur soutien au projet, voyant dans cette visibilit\u00e9 internationale un levier de croissance pour leurs activit\u00e9s.<\/p>\n<p>La pr\u00e9sidente Prohens a \u00e9galement rappel\u00e9 que les Bal\u00e9ares disposent d&#8217;un a\u00e9roport international parmi les plus fr\u00e9quent\u00e9s d&#8217;Europe, avec plus de 30 millions de passagers enregistr\u00e9s en 2023 \u00e0 l&#8217;a\u00e9roport de Palma de Majorque, ce qui en fait une plaque tournante naturelle pour les \u00e9changes \u00e9conomiques et culturels en M\u00e9diterran\u00e9e occidentale.<\/p>\n<p>Ce lancement repr\u00e9sente donc bien plus qu&#8217;un simple \u00e9v\u00e9nement m\u00e9diatique. Il traduit une ambition collective de repositionner les Bal\u00e9ares sur l&#8217;\u00e9chiquier \u00e9conomique europ\u00e9en, en capitalisant sur ses atouts naturels, humains et infrastructurels pour attirer talents, capitaux et projets innovants.<\/p>\n<p>Le gouvernement r\u00e9gional a indiqu\u00e9 qu&#8217;il accompagnera activement le d\u00e9veloppement de Forbes Baleares, notamment en facilitant l&#8217;acc\u00e8s aux donn\u00e9es \u00e9conomiques locales et en soutenant la mise en r\u00e9seau des acteurs \u00e9conomiques de l&#8217;archipel avec les communaut\u00e9s d&#8217;affaires internationales.<\/p>\n<p>Avec ce premier projet territorial, Forbes ouvre potentiellement la voie \u00e0 d&#8217;autres \u00e9ditions r\u00e9gionales en Espagne, un pays dont le tissu \u00e9conomique local, riche et vari\u00e9, offre de nombreuses opportunit\u00e9s \u00e9ditoriales similaires.<\/p>\n<p><i>Sources et photo: R\u00e9daction LCE (avec l&#8217;aide de l&#8217;IA)<\/i><\/p>\n<hr style=\"border: none;border-top: 1px solid #000000;margin: 24px 0\">\t\t\t\t\t\t\t\t<\/div>\n<div class=\"elementor-element elementor-element-7dd6ad0 elementor-widget elementor-widget-html\" data-id=\"7dd6ad0\" data-element_type=\"widget\" data-e-type=\"widget\" data-widget_type=\"html.default\">\n\t\t\t\t\t\t\t\t\t<\/div>\n<\/p><\/div>\n<\/p><\/div>\n<\/p><\/div>\n","protected":false},"excerpt":{"rendered":"<p>Les \u00celes Bal\u00e9ares entrent dans une nouvelle dimension m\u00e9diatique. La pr\u00e9sidente de la communaut\u00e9 autonome, Marga Prohens, a officiellement salu\u00e9 le lancement de Forbes Baleares, une \u00e9dition territoriale in\u00e9dite du c\u00e9l\u00e8bre magazine \u00e9conomique mondial. Une initiative qui place l&#8217;archipel sous les projecteurs de l&#8217;\u00e9conomie internationale et valorise ses entrepreneurs, ses talents et ses dynamiques locales. [&hellip;]<\/p>\n","protected":false},"author":13,"featured_media":76050,"comment_status":"open","ping_status":"closed","sticky":false,"template":"","format":"standard","meta":{"om_disable_all_campaigns":false,"_monsterinsights_skip_tracking":false,"_monsterinsights_sitenote_active":false,"_monsterinsights_sitenote_note":"","_monsterinsights_sitenote_category":0,"_uf_show_specific_survey":0,"_uf_disable_surveys":false,"footnotes":""},"categories":[4509],"tags":[1123,1600,4860,4861],"class_list":["post-76049","post","type-post","status-publish","format-standard","has-post-thumbnail","hentry","category-uncategorized","tag-baleares","tag-forbes","tag-magazine","tag-projet-territorial"],"acf":[],"_links":{"self":[{"href":"https:\/\/immo.lecourrier.es\/index.php\/wp-json\/wp\/v2\/posts\/76049","targetHints":{"allow":["GET"]}}],"collection":[{"href":"https:\/\/immo.lecourrier.es\/index.php\/wp-json\/wp\/v2\/posts"}],"about":[{"href":"https:\/\/immo.lecourrier.es\/index.php\/wp-json\/wp\/v2\/types\/post"}],"author":[{"embeddable":true,"href":"https:\/\/immo.lecourrier.es\/index.php\/wp-json\/wp\/v2\/users\/13"}],"replies":[{"embeddable":true,"href":"https:\/\/immo.lecourrier.es\/index.php\/wp-json\/wp\/v2\/comments?post=76049"}],"version-history":[{"count":0,"href":"https:\/\/immo.lecourrier.es\/index.php\/wp-json\/wp\/v2\/posts\/76049\/revisions"}],"wp:featuredmedia":[{"embeddable":true,"href":"https:\/\/immo.lecourrier.es\/index.php\/wp-json\/wp\/v2\/media\/76050"}],"wp:attachment":[{"href":"https:\/\/immo.lecourrier.es\/index.php\/wp-json\/wp\/v2\/media?parent=76049"}],"wp:term":[{"taxonomy":"category","embeddable":true,"href":"https:\/\/immo.lecourrier.es\/index.php\/wp-json\/wp\/v2\/categories?post=76049"},{"taxonomy":"post_tag","embeddable":true,"href":"https:\/\/immo.lecourrier.es\/index.php\/wp-json\/wp\/v2\/tags?post=76049"}],"curies":[{"name":"wp","href":"https:\/\/api.w.org\/{rel}","templated":true}]}}