{"id":76047,"date":"2026-04-30T12:00:49","date_gmt":"2026-04-30T12:00:49","guid":{"rendered":"https:\/\/immo.lecourrier.es\/index.php\/2026\/04\/30\/tudela-dispose-desormais-dun-bureau-de-poste-pour-traiter-les-regularisations\/"},"modified":"2026-04-30T12:00:49","modified_gmt":"2026-04-30T12:00:49","slug":"tudela-dispose-desormais-dun-bureau-de-poste-pour-traiter-les-regularisations","status":"publish","type":"post","link":"https:\/\/immo.lecourrier.es\/index.php\/2026\/04\/30\/tudela-dispose-desormais-dun-bureau-de-poste-pour-traiter-les-regularisations\/","title":{"rendered":"Tudela dispose d\u00e9sormais d&#8217;un bureau de poste pour traiter les r\u00e9gularisations."},"content":{"rendered":"\n<div data-elementor-type=\"wp-post\" data-elementor-id=\"137311\" class=\"elementor elementor-137311\" data-elementor-post-type=\"post\">\n<div class=\"elementor-element elementor-element-6e2c76c1 e-flex e-con-boxed e-con e-parent\" data-id=\"6e2c76c1\" data-element_type=\"container\" data-e-type=\"container\">\n<div class=\"e-con-inner\">\n<div class=\"elementor-element elementor-element-31bc317f elementor-widget elementor-widget-text-editor\" data-id=\"31bc317f\" data-element_type=\"widget\" data-e-type=\"widget\" data-widget_type=\"text-editor.default\">\n<p><i>La ville de Tudela, dans la communaut\u00e9 forale de Navarre, franchit une \u00e9tape importante dans l&#8217;accompagnement administratif de ses r\u00e9sidents. Depuis peu, un bureau de poste d\u00e9di\u00e9 permet aux habitants de traiter directement leurs d\u00e9marches de r\u00e9gularisation, simplifiant ainsi un parcours souvent long et complexe pour des milliers de personnes.<\/i><\/p>\n<h2>Un service de proximit\u00e9 attendu par la communaut\u00e9<\/h2>\n<p>Selon Cadena SER, l&#8217;ouverture de ce bureau de poste \u00e0 Tudela repr\u00e9sente une avanc\u00e9e concr\u00e8te pour les r\u00e9sidents \u00e9trangers souhaitant r\u00e9gulariser leur situation administrative en Espagne.<\/p>\n<p>Jusqu&#8217;\u00e0 pr\u00e9sent, de nombreux habitants de la r\u00e9gion devaient se d\u00e9placer jusqu&#8217;\u00e0 Pampelune, la capitale de la Navarre, pour acc\u00e9der \u00e0 ce type de service. Ce trajet repr\u00e9sentait non seulement une contrainte logistique importante, mais \u00e9galement un co\u00fbt suppl\u00e9mentaire pour des personnes souvent en situation de pr\u00e9carit\u00e9.<\/p>\n<p>Avec ce nouveau bureau, Tudela, ville d&#8217;environ 36 000 habitants, offre d\u00e9sormais un point d&#8217;acc\u00e8s local \u00e0 des d\u00e9marches administratives essentielles. La mesure s&#8217;inscrit dans une volont\u00e9 plus large de d\u00e9centralisation des services publics en Navarre, une r\u00e9gion qui compte une proportion significative de r\u00e9sidents d&#8217;origine \u00e9trang\u00e8re, notamment dans le secteur agricole.<\/p>\n<blockquote class=\"ml-2 border-l-4 border-border-300\/10 pl-4 text-text-300\">\n<p class=\"font-claude-response-body break-words whitespace-normal leading-[1.7]\"><em>\u00ab L&#8217;acc\u00e8s \u00e0 un bureau de proximit\u00e9 change tout pour nos usagers. Avant, certains renon\u00e7aient simplement \u00e0 r\u00e9gulariser leur situation faute de moyens pour se d\u00e9placer. \u00bb<\/em> Repr\u00e9sentant d&#8217;une association d&#8217;aide aux r\u00e9sidents \u00e9trangers de Tudela<\/p>\n<\/blockquote>\n<p>Cette initiative r\u00e9pond \u00e0 une demande forte des associations locales qui accompagnent les migrants et les r\u00e9sidents \u00e9trangers dans leurs d\u00e9marches. Selon plusieurs organismes d&#8217;aide \u00e0 l&#8217;int\u00e9gration actifs en Navarre, le manque de structures de proximit\u00e9 constituait l&#8217;un des principaux freins \u00e0 la r\u00e9gularisation dans les zones rurales et semi-urbaines de la r\u00e9gion.<\/p>\n<h2>La r\u00e9gularisation, un enjeu central pour des milliers de r\u00e9sidents<\/h2>\n<p>La question de la r\u00e9gularisation des r\u00e9sidents \u00e9trangers en Espagne est un sujet de premier plan. Le pays accueille aujourd&#8217;hui plus de 5,6 millions de r\u00e9sidents \u00e9trangers en situation r\u00e9guli\u00e8re, selon les donn\u00e9es du minist\u00e8re de l&#8217;Int\u00e9rieur espagnol. Mais derri\u00e8re ce chiffre, un nombre important de personnes reste dans une situation administrative pr\u00e9caire, sans acc\u00e8s aux droits sociaux fondamentaux.<\/p>\n<p>En Navarre, la communaut\u00e9 \u00e9trang\u00e8re repr\u00e9sente environ 12 % de la population totale, avec une forte concentration dans les zones agricoles comme la Ribera de Navarre, dont Tudela est la principale ville. Cette r\u00e9gion est notamment connue pour sa production mara\u00eech\u00e8re intensive, qui emploie une main-d&#8217;oeuvre \u00e9trang\u00e8re significative, en particulier en provenance d&#8217;Afrique subsaharienne, du Maghreb et d&#8217;Am\u00e9rique latine.<\/p>\n<p>La r\u00e9gularisation permet \u00e0 ces r\u00e9sidents d&#8217;acc\u00e9der \u00e0 l&#8217;assurance maladie, \u00e0 l&#8217;\u00e9ducation pour leurs enfants, ainsi qu&#8217;\u00e0 des contrats de travail en bonne et due forme. Elle constitue donc un levier essentiel d&#8217;inclusion sociale et \u00e9conomique.<\/p>\n<blockquote class=\"ml-2 border-l-4 border-border-300\/10 pl-4 text-text-300\">\n<p class=\"font-claude-response-body break-words whitespace-normal leading-[1.7]\"><em>\u00ab Disposer d&#8217;un bureau de poste habilit\u00e9 \u00e0 Tudela, c&#8217;est reconna\u00eetre que l&#8217;int\u00e9gration passe aussi par la simplification des proc\u00e9dures administratives au niveau local. \u00bb<\/em> Extrait d&#8217;un communiqu\u00e9 d&#8217;une association de d\u00e9fense des droits des migrants en Navarre<\/p>\n<\/blockquote>\n<p>Selon des sources proches des services municipaux de Tudela, plusieurs dizaines de dossiers sont d\u00e9j\u00e0 en cours de traitement depuis l&#8217;ouverture du bureau. Les premi\u00e8res semaines d&#8217;activit\u00e9 semblent confirmer que la demande est bien r\u00e9elle et que le dispositif r\u00e9pond \u00e0 un besoin concret de la population.<\/p>\n<p>Le bureau de poste est habilit\u00e9 \u00e0 recevoir et \u00e0 transmettre les dossiers de demande de r\u00e9sidence, les renouvellements de titres de s\u00e9jour ainsi que certaines demandes li\u00e9es au regroupement familial. Des agents form\u00e9s \u00e0 ces proc\u00e9dures sp\u00e9cifiques sont disponibles sur place pour orienter les usagers.<\/p>\n<p>Cette initiative locale pourrait servir de mod\u00e8le \u00e0 d&#8217;autres villes de taille moyenne en Espagne, confront\u00e9es aux m\u00eames d\u00e9fis d&#8217;accessibilit\u00e9 administrative pour leurs r\u00e9sidents \u00e9trangers. La Navarre, souvent cit\u00e9e comme une r\u00e9gion pionni\u00e8re en mati\u00e8re de politiques d&#8217;int\u00e9gration, renforce ainsi sa r\u00e9putation dans ce domaine.<\/p>\n<p>La mise en place de ce service s&#8217;inscrit \u00e9galement dans un contexte national marqu\u00e9 par les d\u00e9bats sur la politique migratoire espagnole, avec un gouvernement central qui cherche \u00e0 acc\u00e9l\u00e9rer les proc\u00e9dures de r\u00e9gularisation pour r\u00e9pondre aux besoins du march\u00e9 du travail, notamment dans les secteurs agricole, de la construction et des services \u00e0 la personne.<\/p>\n<p>Pour les r\u00e9sidents de Tudela et des communes environnantes, ce bureau de poste repr\u00e9sente bien plus qu&#8217;un simple point administratif : c&#8217;est une porte d&#8217;entr\u00e9e vers une vie plus stable et mieux int\u00e9gr\u00e9e dans la soci\u00e9t\u00e9 espagnole.<\/p>\n<p><em>Sources et photo: R\u00e9daction LCE (avec l&#8217;aide de l&#8217;IA)<\/em><\/p>\n<hr style=\"border: none;border-top: 1px solid #000000;margin: 24px 0\" \/>\n<p>\u00a0<\/p>\n<\/p><\/div>\n<div class=\"elementor-element elementor-element-ca41dbf elementor-widget elementor-widget-html\" data-id=\"ca41dbf\" data-element_type=\"widget\" data-e-type=\"widget\" data-widget_type=\"html.default\">\n\t\t\t\t\t\t\t\t\t<\/div>\n<\/p><\/div>\n<\/p><\/div>\n<\/p><\/div>\n","protected":false},"excerpt":{"rendered":"<p>La ville de Tudela, dans la communaut\u00e9 forale de Navarre, franchit une \u00e9tape importante dans l&#8217;accompagnement administratif de ses r\u00e9sidents. Depuis peu, un bureau de poste d\u00e9di\u00e9 permet aux habitants de traiter directement leurs d\u00e9marches de r\u00e9gularisation, simplifiant ainsi un parcours souvent long et complexe pour des milliers de personnes. Un service de proximit\u00e9 attendu [&hellip;]<\/p>\n","protected":false},"author":13,"featured_media":76048,"comment_status":"open","ping_status":"closed","sticky":false,"template":"","format":"standard","meta":{"om_disable_all_campaigns":false,"_monsterinsights_skip_tracking":false,"_monsterinsights_sitenote_active":false,"_monsterinsights_sitenote_note":"","_monsterinsights_sitenote_category":0,"_uf_show_specific_survey":0,"_uf_disable_surveys":false,"footnotes":""},"categories":[4509],"tags":[4858,1071,4859],"class_list":["post-76047","post","type-post","status-publish","format-standard","has-post-thumbnail","hentry","category-uncategorized","tag-bureau-de-poste","tag-construction","tag-tudela"],"acf":[],"_links":{"self":[{"href":"https:\/\/immo.lecourrier.es\/index.php\/wp-json\/wp\/v2\/posts\/76047","targetHints":{"allow":["GET"]}}],"collection":[{"href":"https:\/\/immo.lecourrier.es\/index.php\/wp-json\/wp\/v2\/posts"}],"about":[{"href":"https:\/\/immo.lecourrier.es\/index.php\/wp-json\/wp\/v2\/types\/post"}],"author":[{"embeddable":true,"href":"https:\/\/immo.lecourrier.es\/index.php\/wp-json\/wp\/v2\/users\/13"}],"replies":[{"embeddable":true,"href":"https:\/\/immo.lecourrier.es\/index.php\/wp-json\/wp\/v2\/comments?post=76047"}],"version-history":[{"count":0,"href":"https:\/\/immo.lecourrier.es\/index.php\/wp-json\/wp\/v2\/posts\/76047\/revisions"}],"wp:featuredmedia":[{"embeddable":true,"href":"https:\/\/immo.lecourrier.es\/index.php\/wp-json\/wp\/v2\/media\/76048"}],"wp:attachment":[{"href":"https:\/\/immo.lecourrier.es\/index.php\/wp-json\/wp\/v2\/media?parent=76047"}],"wp:term":[{"taxonomy":"category","embeddable":true,"href":"https:\/\/immo.lecourrier.es\/index.php\/wp-json\/wp\/v2\/categories?post=76047"},{"taxonomy":"post_tag","embeddable":true,"href":"https:\/\/immo.lecourrier.es\/index.php\/wp-json\/wp\/v2\/tags?post=76047"}],"curies":[{"name":"wp","href":"https:\/\/api.w.org\/{rel}","templated":true}]}}