{"id":76045,"date":"2026-04-30T12:00:44","date_gmt":"2026-04-30T12:00:44","guid":{"rendered":"https:\/\/immo.lecourrier.es\/index.php\/2026\/04\/30\/lagroecologie-qui-repond-deja-aux-defis-cloture-du-xvie-congres-international-seae-a-pampelune\/"},"modified":"2026-04-30T12:00:45","modified_gmt":"2026-04-30T12:00:45","slug":"lagroecologie-qui-repond-deja-aux-defis-cloture-du-xvie-congres-international-seae-a-pampelune","status":"publish","type":"post","link":"https:\/\/immo.lecourrier.es\/index.php\/2026\/04\/30\/lagroecologie-qui-repond-deja-aux-defis-cloture-du-xvie-congres-international-seae-a-pampelune\/","title":{"rendered":"L&#8217;agro\u00e9cologie qui r\u00e9pond d\u00e9j\u00e0 aux d\u00e9fis : cl\u00f4ture du XVIe Congr\u00e8s international SEAE \u00e0 Pampelune."},"content":{"rendered":"\n<div data-elementor-type=\"wp-post\" data-elementor-id=\"137301\" class=\"elementor elementor-137301\" data-elementor-post-type=\"post\">\n<div class=\"elementor-element elementor-element-6ba0865e e-flex e-con-boxed e-con e-parent\" data-id=\"6ba0865e\" data-element_type=\"container\" data-e-type=\"container\">\n<div class=\"e-con-inner\">\n<div class=\"elementor-element elementor-element-1c8e7920 elementor-widget elementor-widget-text-editor\" data-id=\"1c8e7920\" data-element_type=\"widget\" data-e-type=\"widget\" data-widget_type=\"text-editor.default\">\n<p><i>Pendant quatre jours, Pampelune a \u00e9t\u00e9 le centre mondial de la r\u00e9flexion sur l&#8217;agro\u00e9cologie. Le XVIe Congr\u00e8s international de la Soci\u00e9t\u00e9 espagnole d&#8217;agro\u00e9cologie (SEAE) a r\u00e9uni chercheurs, agriculteurs, institutions et militants du monde entier pour dresser un bilan et tracer des perspectives concr\u00e8tes face aux crises alimentaires, climatiques et sociales qui secouent notre \u00e9poque.<\/i><\/p>\n<h2>Un congr\u00e8s au carrefour de la science et du terrain<\/h2>\n<p>Le XVIe Congr\u00e8s international SEAE, tenu \u00e0 Pampelune fin avril 2026, a rassembl\u00e9 plus de 600 participants venus de plus de 30 pays. Chercheurs universitaires, agriculteurs biologiques, repr\u00e9sentants d&#8217;ONG et responsables politiques ont partag\u00e9 pendant quatre jours leurs exp\u00e9riences, leurs donn\u00e9es et leurs propositions autour d&#8217;un th\u00e8me central : l&#8217;agro\u00e9cologie comme r\u00e9ponse syst\u00e9mique aux grandes crises du XXIe si\u00e8cle.<\/p>\n<p>Selon Diario de Navarra, l&#8217;\u00e9dition 2026 du congr\u00e8s a \u00e9t\u00e9 marqu\u00e9e par une volont\u00e9 affirm\u00e9e de d\u00e9passer le cadre purement acad\u00e9mique pour ancrer les d\u00e9bats dans des r\u00e9alit\u00e9s concr\u00e8tes et des exp\u00e9riences de terrain v\u00e9rifiables.<\/p>\n<p>Plus de 200 communications scientifiques ont \u00e9t\u00e9 pr\u00e9sent\u00e9es lors de l&#8217;\u00e9v\u00e9nement, couvrant des sujets aussi vari\u00e9s que la biodiversit\u00e9 des sols, les syst\u00e8mes alimentaires locaux, la transition agro\u00e9cologique dans les pays du Sud, ou encore les politiques agricoles europ\u00e9ennes dans le cadre de la PAC post-2027.<\/p>\n<p>Parmi les faits marquants, une \u00e9tude pr\u00e9sent\u00e9e lors du congr\u00e8s a d\u00e9montr\u00e9 que les exploitations g\u00e9r\u00e9es selon des principes agro\u00e9cologiques pr\u00e9sentent une r\u00e9sistance aux s\u00e9cheresses sup\u00e9rieure de 35 % en moyenne par rapport aux exploitations conventionnelles, un chiffre qui a suscit\u00e9 un int\u00e9r\u00eat particulier dans le contexte des vagues de chaleur r\u00e9p\u00e9t\u00e9es frappant la p\u00e9ninsule ib\u00e9rique.<\/p>\n<blockquote class=\"ml-2 border-l-4 border-border-300\/10 pl-4 text-text-300\">\n<p class=\"font-claude-response-body break-words whitespace-normal leading-[1.7]\"><em>\u00ab L&#8217;agro\u00e9cologie n&#8217;est pas une alternative marginale. C&#8217;est une r\u00e9ponse scientifiquement fond\u00e9e aux \u00e9checs structurels du mod\u00e8le agricole industriel. \u00bb<\/em> Intervenante lors du panel d&#8217;ouverture du XVIe Congr\u00e8s SEAE, Pampelune 2026<\/p>\n<\/blockquote>\n<p>La ville de Pampelune, capitale de la Navarre, n&#8217;a pas \u00e9t\u00e9 choisie par hasard. La r\u00e9gion est l&#8217;une des plus avanc\u00e9es d&#8217;Espagne en mati\u00e8re de conversion vers l&#8217;agriculture biologique et agro\u00e9cologique, avec pr\u00e8s de 12 % de la surface agricole utile certifi\u00e9e bio, un taux nettement sup\u00e9rieur \u00e0 la moyenne nationale espagnole qui se situe autour de 10,7 %.<\/p>\n<h2>R\u00e9silience agricole et souverainet\u00e9 alimentaire au coeur des d\u00e9bats<\/h2>\n<p>La notion de r\u00e9silience a travers\u00e9 l&#8217;ensemble des sessions du congr\u00e8s. Face au d\u00e9r\u00e8glement climatique, \u00e0 la volatilit\u00e9 des march\u00e9s et \u00e0 la d\u00e9pendance aux intrants chimiques, de nombreux intervenants ont plaid\u00e9 pour une refonte profonde des syst\u00e8mes alimentaires, en pla\u00e7ant la diversit\u00e9 biologique et la proximit\u00e9 au centre des strat\u00e9gies.<\/p>\n<p>Selon la FAO, les syst\u00e8mes alimentaires sont responsables de pr\u00e8s d&#8217;un tiers des \u00e9missions mondiales de gaz \u00e0 effet de serre. Dans ce contexte, les approches agro\u00e9cologiques, qui misent sur la r\u00e9g\u00e9n\u00e9ration des sols, la r\u00e9duction des intrants de synth\u00e8se et la valorisation des savoirs paysans locaux, apparaissent comme des leviers essentiels de d\u00e9carbonation du secteur.<\/p>\n<p>Plusieurs ateliers ont \u00e9galement abord\u00e9 la question de la souverainet\u00e9 alimentaire, notamment en lien avec les n\u00e9gociations commerciales internationales et les accords de libre-\u00e9change qui, selon de nombreux participants, fragilisent les agricultures paysannes des pays du Sud comme du Nord.<\/p>\n<p>Un rapport pr\u00e9sent\u00e9 en s\u00e9ance pl\u00e9ni\u00e8re a mis en avant que les exploitations agro\u00e9cologiques en Europe g\u00e9n\u00e8rent en moyenne 20 % d&#8217;emplois ruraux suppl\u00e9mentaires par rapport aux exploitations conventionnelles de taille comparable. Un argument de poids dans les r\u00e9gions confront\u00e9es \u00e0 l&#8217;exode rural et au vieillissement des populations agricoles.<\/p>\n<blockquote class=\"ml-2 border-l-4 border-border-300\/10 pl-4 text-text-300\">\n<p class=\"font-claude-response-body break-words whitespace-normal leading-[1.7]\"><em>\u00ab Nous ne pouvons plus nous permettre de traiter l&#8217;alimentation comme une simple marchandise. La transition agro\u00e9cologique est aussi une question de justice sociale et de d\u00e9mocratie alimentaire. \u00bb<\/em> Extrait d&#8217;une intervention lors du panel sur la souverainet\u00e9 alimentaire, Congr\u00e8s SEAE 2026<\/p>\n<\/blockquote>\n<p>La cl\u00f4ture du congr\u00e8s a donn\u00e9 lieu \u00e0 l&#8217;adoption d&#8217;une d\u00e9claration finale appelant les gouvernements europ\u00e9ens et nationaux \u00e0 int\u00e9grer les principes agro\u00e9cologiques dans les politiques publiques agricoles, \u00e0 augmenter les financements pour la recherche participative, et \u00e0 soutenir la transition des exploitations via des m\u00e9canismes fiscaux et techniques adapt\u00e9s.<\/p>\n<p>La SEAE a \u00e9galement annonc\u00e9 le lancement d&#8217;une plateforme num\u00e9rique collaborative destin\u00e9e \u00e0 centraliser les donn\u00e9es issues des exp\u00e9riences agro\u00e9cologiques men\u00e9es en Espagne et en Am\u00e9rique latine, avec l&#8217;objectif de constituer une base de connaissances partag\u00e9e accessible aux agriculteurs, aux chercheurs et aux d\u00e9cideurs.<\/p>\n<p>Le prochain congr\u00e8s international de la SEAE est d&#8217;ores et d\u00e9j\u00e0 pr\u00e9vu pour 2028, avec une candidature avanc\u00e9e de plusieurs villes andalouses, r\u00e9gion qui concentre la plus grande superficie de cultures biologiques d&#8217;Espagne.<\/p>\n<p>Ce XVIe Congr\u00e8s aura d\u00e9montr\u00e9, s&#8217;il en \u00e9tait encore besoin, que l&#8217;agro\u00e9cologie ne se cantonne plus au registre de l&#8217;id\u00e9al militant. Elle s&#8217;impose d\u00e9sormais comme un corpus scientifique rigoureux, une pratique \u00e9conomiquement viable et un projet politique coh\u00e9rent face aux urgences du si\u00e8cle.<\/p>\n<p><i>Sources et photo : R\u00e9daction LCE (avec l&#8217;aide de l&#8217;IA)<\/i><\/p>\n<hr style=\"border: none;border-top: 1px solid #000000;margin: 24px 0\" \/>\t\t\t\t\t\t\t\t<\/div>\n<div class=\"elementor-element elementor-element-dddfba3 elementor-widget elementor-widget-html\" data-id=\"dddfba3\" data-element_type=\"widget\" data-e-type=\"widget\" data-widget_type=\"html.default\">\n\t\t\t\t\t\t\t\t\t<\/div>\n<\/p><\/div>\n<\/p><\/div>\n<\/p><\/div>\n","protected":false},"excerpt":{"rendered":"<p>Pendant quatre jours, Pampelune a \u00e9t\u00e9 le centre mondial de la r\u00e9flexion sur l&#8217;agro\u00e9cologie. Le XVIe Congr\u00e8s international de la Soci\u00e9t\u00e9 espagnole d&#8217;agro\u00e9cologie (SEAE) a r\u00e9uni chercheurs, agriculteurs, institutions et militants du monde entier pour dresser un bilan et tracer des perspectives concr\u00e8tes face aux crises alimentaires, climatiques et sociales qui secouent notre \u00e9poque. Un [&hellip;]<\/p>\n","protected":false},"author":13,"featured_media":76046,"comment_status":"open","ping_status":"closed","sticky":false,"template":"","format":"standard","meta":{"om_disable_all_campaigns":false,"_monsterinsights_skip_tracking":false,"_monsterinsights_sitenote_active":false,"_monsterinsights_sitenote_note":"","_monsterinsights_sitenote_category":0,"_uf_show_specific_survey":0,"_uf_disable_surveys":false,"footnotes":""},"categories":[4509],"tags":[301,4856,2021,4857],"class_list":["post-76045","post","type-post","status-publish","format-standard","has-post-thumbnail","hentry","category-uncategorized","tag-agriculture-espagne","tag-agroecologie","tag-pampelune","tag-xvie-congres-international-seae"],"acf":[],"_links":{"self":[{"href":"https:\/\/immo.lecourrier.es\/index.php\/wp-json\/wp\/v2\/posts\/76045","targetHints":{"allow":["GET"]}}],"collection":[{"href":"https:\/\/immo.lecourrier.es\/index.php\/wp-json\/wp\/v2\/posts"}],"about":[{"href":"https:\/\/immo.lecourrier.es\/index.php\/wp-json\/wp\/v2\/types\/post"}],"author":[{"embeddable":true,"href":"https:\/\/immo.lecourrier.es\/index.php\/wp-json\/wp\/v2\/users\/13"}],"replies":[{"embeddable":true,"href":"https:\/\/immo.lecourrier.es\/index.php\/wp-json\/wp\/v2\/comments?post=76045"}],"version-history":[{"count":0,"href":"https:\/\/immo.lecourrier.es\/index.php\/wp-json\/wp\/v2\/posts\/76045\/revisions"}],"wp:featuredmedia":[{"embeddable":true,"href":"https:\/\/immo.lecourrier.es\/index.php\/wp-json\/wp\/v2\/media\/76046"}],"wp:attachment":[{"href":"https:\/\/immo.lecourrier.es\/index.php\/wp-json\/wp\/v2\/media?parent=76045"}],"wp:term":[{"taxonomy":"category","embeddable":true,"href":"https:\/\/immo.lecourrier.es\/index.php\/wp-json\/wp\/v2\/categories?post=76045"},{"taxonomy":"post_tag","embeddable":true,"href":"https:\/\/immo.lecourrier.es\/index.php\/wp-json\/wp\/v2\/tags?post=76045"}],"curies":[{"name":"wp","href":"https:\/\/api.w.org\/{rel}","templated":true}]}}