{"id":76043,"date":"2026-04-30T12:00:39","date_gmt":"2026-04-30T12:00:39","guid":{"rendered":"https:\/\/immo.lecourrier.es\/index.php\/2026\/04\/30\/naissance-du-syndicat-du-logement-de-cantabrie-pour-defendre-ce-droit-face-a-la-speculation\/"},"modified":"2026-04-30T12:00:39","modified_gmt":"2026-04-30T12:00:39","slug":"naissance-du-syndicat-du-logement-de-cantabrie-pour-defendre-ce-droit-face-a-la-speculation","status":"publish","type":"post","link":"https:\/\/immo.lecourrier.es\/index.php\/2026\/04\/30\/naissance-du-syndicat-du-logement-de-cantabrie-pour-defendre-ce-droit-face-a-la-speculation\/","title":{"rendered":"Naissance du Syndicat du Logement de Cantabrie pour d\u00e9fendre ce droit face \u00e0 la sp\u00e9culation."},"content":{"rendered":"\n<div data-elementor-type=\"wp-post\" data-elementor-id=\"136927\" class=\"elementor elementor-136927\" data-elementor-post-type=\"post\">\n<div class=\"elementor-element elementor-element-12e45fd0 e-flex e-con-boxed e-con e-parent\" data-id=\"12e45fd0\" data-element_type=\"container\" data-e-type=\"container\">\n<div class=\"e-con-inner\">\n<div class=\"elementor-element elementor-element-6ef50ac6 elementor-widget elementor-widget-text-editor\" data-id=\"6ef50ac6\" data-element_type=\"widget\" data-e-type=\"widget\" data-widget_type=\"text-editor.default\">\n<p><i>En Espagne, la crise du logement ne cesse de s&#8217;aggraver, touchant de plein fouet les classes populaires et moyennes. Face \u00e0 cette r\u00e9alit\u00e9, une nouvelle organisation voit le jour dans la r\u00e9gion de Cantabrie : le Sindicato de Vivienda de Cantabria, dont l&#8217;objectif est de d\u00e9fendre le droit au logement face \u00e0 la sp\u00e9culation immobili\u00e8re et aux pratiques abusives des propri\u00e9taires et des fonds d&#8217;investissement.<\/i><\/p>\n<h2>Une structure militante pour r\u00e9pondre \u00e0 l&#8217;urgence du logement<\/h2>\n<p>Selon Europa Press, le Syndicat du Logement de Cantabrie a \u00e9t\u00e9 officiellement pr\u00e9sent\u00e9 le 21 avril 2026 \u00e0 Santander. Cette nouvelle structure se positionne comme un outil collectif de d\u00e9fense des locataires, des personnes menac\u00e9es d&#8217;expulsion et de tous ceux qui peinent \u00e0 acc\u00e9der \u00e0 un logement digne sur le territoire cantabre.<\/p>\n<p>L&#8217;organisation entend agir sur plusieurs fronts : accompagnement juridique des locataires en difficult\u00e9, mobilisation collective face aux expulsions, pression sur les pouvoirs publics pour une r\u00e9glementation plus stricte des loyers, et sensibilisation de la population aux droits en mati\u00e8re de logement.<\/p>\n<p>Les fondateurs du syndicat soulignent que la situation dans la r\u00e9gion est devenue critique. Les loyers ont augment\u00e9 de mani\u00e8re significative ces derni\u00e8res ann\u00e9es, rendant l&#8217;acc\u00e8s au logement quasi impossible pour de nombreux habitants, notamment les jeunes et les familles \u00e0 revenus modestes.<\/p>\n<blockquote class=\"ml-2 border-l-4 border-border-300\/10 pl-4 text-text-300\">\n<p class=\"font-claude-response-body break-words whitespace-normal leading-[1.7]\"><em>\u00ab Le logement est un droit fondamental, pas une marchandise. Nous sommes ici pour le d\u00e9fendre collectivement face \u00e0 ceux qui en font un outil de profit. \u00bb<\/em> Porte-parole du Sindicato de Vivienda de Cantabria, lors de la pr\u00e9sentation officielle, avril 2026<\/p>\n<\/blockquote>\n<p>Cette initiative s&#8217;inscrit dans un mouvement plus large qui se d\u00e9veloppe \u00e0 travers toute l&#8217;Espagne, o\u00f9 plusieurs syndicats de locataires ont d\u00e9j\u00e0 vu le jour ces derni\u00e8res ann\u00e9es dans des villes comme Barcelone, Madrid ou Valence.<\/p>\n<h2>Un contexte de crise immobili\u00e8re profonde en Espagne et en Cantabrie<\/h2>\n<p>La cr\u00e9ation de ce syndicat intervient dans un contexte particuli\u00e8rement tendu sur le march\u00e9 immobilier espagnol. Selon les donn\u00e9es du portail immobilier Idealista, les loyers en Espagne ont augment\u00e9 en moyenne de plus de 10 % entre 2024 et 2025, avec des pics encore plus importants dans les zones c\u00f4ti\u00e8res et touristiques, comme c&#8217;est le cas en Cantabrie.<\/p>\n<p>Dans la ville de Santander, capitale r\u00e9gionale, le prix moyen de location a d\u00e9pass\u00e9 les 900 euros par mois pour un appartement de taille standard, une somme difficilement supportable pour des salaires qui, eux, progressent bien plus lentement.<\/p>\n<p>Le ph\u00e9nom\u00e8ne de la location touristique de courte dur\u00e9e, notamment via des plateformes comme Airbnb, est \u00e9galement point\u00e9 du doigt comme l&#8217;un des facteurs aggravants de cette crise. Des milliers de logements qui auraient pu \u00eatre lou\u00e9s \u00e0 des r\u00e9sidents permanents sont ainsi d\u00e9tourn\u00e9s vers un usage touristique, r\u00e9duisant l&#8217;offre disponible et faisant grimper les prix.<\/p>\n<blockquote class=\"ml-2 border-l-4 border-border-300\/10 pl-4 text-text-300\">\n<p class=\"font-claude-response-body break-words whitespace-normal leading-[1.7]\"><em>\u00ab En Cantabrie, le tourisme a transform\u00e9 des quartiers entiers en d\u00e9serts r\u00e9sidentiels. Les habitants d&#8217;origine sont chass\u00e9s par des loyers inaccessibles. \u00bb<\/em> Membre fondateur du Sindicato de Vivienda de Cantabria, avril 2026<\/p>\n<\/blockquote>\n<p>Selon le Conseil g\u00e9n\u00e9ral des notaires d&#8217;Espagne, le taux d&#8217;effort pour acc\u00e9der \u00e0 un logement en location d\u00e9passe d\u00e9sormais 40 % du revenu disponible pour une grande partie des m\u00e9nages espagnols, bien au-del\u00e0 du seuil recommand\u00e9 de 30 % par les organismes internationaux.<\/p>\n<p>Face \u00e0 ces chiffres alarmants, le gouvernement espagnol avait adopt\u00e9 en 2023 une loi sur le logement visant \u00e0 encadrer les loyers dans les zones dites \u00ab tendues \u00bb. Cependant, son application reste in\u00e9gale selon les r\u00e9gions, et la Cantabrie n&#8217;a pas encore activ\u00e9 les m\u00e9canismes pr\u00e9vus par ce texte.<\/p>\n<p>Le Syndicat du Logement de Cantabrie entend pr\u00e9cis\u00e9ment faire pression sur les autorit\u00e9s r\u00e9gionales pour qu&#8217;elles activent ces dispositifs de r\u00e9gulation et mettent en place des politiques de construction de logements abordables \u00e0 grande \u00e9chelle.<\/p>\n<p>L&#8217;organisation pr\u00e9voit \u00e9galement de tisser des liens avec d&#8217;autres syndicats et associations de locataires \u00e0 l&#8217;\u00e9chelle nationale et europ\u00e9enne, afin de porter une voix commune dans les d\u00e9bats politiques sur le droit au logement.<\/p>\n<p>La mobilisation citoyenne autour de cette question ne faiblit pas en Espagne. Des milliers de personnes sont descendues dans les rues ces derniers mois pour r\u00e9clamer des mesures concr\u00e8tes, et la naissance de nouvelles structures comme celle-ci t\u00e9moigne d&#8217;une volont\u00e9 croissante de s&#8217;organiser collectivement pour faire face \u00e0 une crise qui touche des millions de familles.<\/p>\n<p>La Cantabrie, r\u00e9gion jusqu&#8217;ici relativement \u00e9pargn\u00e9e par les tensions extr\u00eames observ\u00e9es \u00e0 Barcelone ou Madrid, semble d\u00e9sormais rattrap\u00e9e par cette r\u00e9alit\u00e9 nationale, et la cr\u00e9ation du Sindicato de Vivienda de Cantabria marque une \u00e9tape importante dans la prise de conscience collective et la structuration de la r\u00e9sistance face \u00e0 la sp\u00e9culation immobili\u00e8re.<\/p>\n<p><em>Sources et photo: R\u00e9daction LCE (avec l&#8217;aide de l&#8217;IA)<\/em><\/p>\n<hr style=\"border: none;border-top: 1px solid #000000;margin: 24px 0\" \/>\t\t\t\t\t\t\t\t<\/div>\n<div class=\"elementor-element elementor-element-5ccbe1b elementor-widget elementor-widget-html\" data-id=\"5ccbe1b\" data-element_type=\"widget\" data-e-type=\"widget\" data-widget_type=\"html.default\">\n\t\t\t\t\t\t\t\t\t<\/div>\n<\/p><\/div>\n<\/p><\/div>\n<\/p><\/div>\n","protected":false},"excerpt":{"rendered":"<p>En Espagne, la crise du logement ne cesse de s&#8217;aggraver, touchant de plein fouet les classes populaires et moyennes. Face \u00e0 cette r\u00e9alit\u00e9, une nouvelle organisation voit le jour dans la r\u00e9gion de Cantabrie : le Sindicato de Vivienda de Cantabria, dont l&#8217;objectif est de d\u00e9fendre le droit au logement face \u00e0 la sp\u00e9culation immobili\u00e8re [&hellip;]<\/p>\n","protected":false},"author":13,"featured_media":76044,"comment_status":"open","ping_status":"closed","sticky":false,"template":"","format":"standard","meta":{"om_disable_all_campaigns":false,"_monsterinsights_skip_tracking":false,"_monsterinsights_sitenote_active":false,"_monsterinsights_sitenote_note":"","_monsterinsights_sitenote_category":0,"_uf_show_specific_survey":0,"_uf_disable_surveys":false,"footnotes":""},"categories":[4509],"tags":[701,1162,660,272],"class_list":["post-76043","post","type-post","status-publish","format-standard","has-post-thumbnail","hentry","category-uncategorized","tag-immobilier","tag-logement","tag-tourisme","tag-valence"],"acf":[],"_links":{"self":[{"href":"https:\/\/immo.lecourrier.es\/index.php\/wp-json\/wp\/v2\/posts\/76043","targetHints":{"allow":["GET"]}}],"collection":[{"href":"https:\/\/immo.lecourrier.es\/index.php\/wp-json\/wp\/v2\/posts"}],"about":[{"href":"https:\/\/immo.lecourrier.es\/index.php\/wp-json\/wp\/v2\/types\/post"}],"author":[{"embeddable":true,"href":"https:\/\/immo.lecourrier.es\/index.php\/wp-json\/wp\/v2\/users\/13"}],"replies":[{"embeddable":true,"href":"https:\/\/immo.lecourrier.es\/index.php\/wp-json\/wp\/v2\/comments?post=76043"}],"version-history":[{"count":0,"href":"https:\/\/immo.lecourrier.es\/index.php\/wp-json\/wp\/v2\/posts\/76043\/revisions"}],"wp:featuredmedia":[{"embeddable":true,"href":"https:\/\/immo.lecourrier.es\/index.php\/wp-json\/wp\/v2\/media\/76044"}],"wp:attachment":[{"href":"https:\/\/immo.lecourrier.es\/index.php\/wp-json\/wp\/v2\/media?parent=76043"}],"wp:term":[{"taxonomy":"category","embeddable":true,"href":"https:\/\/immo.lecourrier.es\/index.php\/wp-json\/wp\/v2\/categories?post=76043"},{"taxonomy":"post_tag","embeddable":true,"href":"https:\/\/immo.lecourrier.es\/index.php\/wp-json\/wp\/v2\/tags?post=76043"}],"curies":[{"name":"wp","href":"https:\/\/api.w.org\/{rel}","templated":true}]}}