{"id":76041,"date":"2026-04-30T11:56:00","date_gmt":"2026-04-30T11:56:00","guid":{"rendered":"https:\/\/immo.lecourrier.es\/index.php\/2026\/04\/30\/dinagro-2026-un-forum-avec-des-voix-expertes-pour-prendre-le-pouls-du-present-et-de-lavenir-de-lagroindustrie-navarraise\/"},"modified":"2026-04-30T11:56:01","modified_gmt":"2026-04-30T11:56:01","slug":"dinagro-2026-un-forum-avec-des-voix-expertes-pour-prendre-le-pouls-du-present-et-de-lavenir-de-lagroindustrie-navarraise","status":"publish","type":"post","link":"https:\/\/immo.lecourrier.es\/index.php\/2026\/04\/30\/dinagro-2026-un-forum-avec-des-voix-expertes-pour-prendre-le-pouls-du-present-et-de-lavenir-de-lagroindustrie-navarraise\/","title":{"rendered":"DINagro 2026, un forum avec des voix expertes pour prendre le pouls du pr\u00e9sent et de l&#8217;avenir de l&#8217;agroindustrie navarraise."},"content":{"rendered":"\n<div data-elementor-type=\"wp-post\" data-elementor-id=\"137304\" class=\"elementor elementor-137304\" data-elementor-post-type=\"post\">\n<div class=\"elementor-element elementor-element-93be123 e-flex e-con-boxed e-con e-parent\" data-id=\"93be123\" data-element_type=\"container\" data-e-type=\"container\">\n<div class=\"e-con-inner\">\n<div class=\"elementor-element elementor-element-5196b6bb elementor-widget elementor-widget-text-editor\" data-id=\"5196b6bb\" data-element_type=\"widget\" data-e-type=\"widget\" data-widget_type=\"text-editor.default\">\n<p><i>La Navarre affirme une fois de plus son r\u00f4le de locomotive agricole en Espagne. Le forum DINagro 2026, organis\u00e9 par le Diario de Navarra, r\u00e9unit cette ann\u00e9e encore des experts, des entrepreneurs et des d\u00e9cideurs pour dresser un \u00e9tat des lieux complet de la fili\u00e8re agroalimentaire r\u00e9gionale, dans un contexte marqu\u00e9 par les d\u00e9fis climatiques, les tensions commerciales mondiales et la n\u00e9cessit\u00e9 de renforcer la r\u00e9silience du secteur.<\/i><\/p>\n<h2>Un forum ancr\u00e9 dans les r\u00e9alit\u00e9s du terrain agricole navarrais<\/h2>\n<p>La r\u00e9gion de Navarre occupe une place strat\u00e9gique dans l&#8217;\u00e9conomie espagnole gr\u00e2ce \u00e0 son secteur agroalimentaire. Avec plus de 4 000 entreprises actives dans la fili\u00e8re et un chiffre d&#8217;affaires annuel d\u00e9passant les 3,5 milliards d&#8217;euros, l&#8217;agroindustrie repr\u00e9sente l&#8217;un des piliers \u00e9conomiques les plus solides de la communaut\u00e9 autonome.<\/p>\n<p>Selon Diario de Navarra, l&#8217;\u00e9dition 2026 du forum rassemble des intervenants issus de l&#8217;ensemble de la cha\u00eene de valeur agricole, des producteurs primaires aux distributeurs, en passant par les transformateurs et les repr\u00e9sentants institutionnels. L&#8217;objectif affich\u00e9 est clair : identifier les leviers de comp\u00e9titivit\u00e9 et de durabilit\u00e9 pour les ann\u00e9es \u00e0 venir.<\/p>\n<p>Le forum se tient dans un contexte particuli\u00e8rement tendu pour l&#8217;agriculture europ\u00e9enne. Les n\u00e9gociations commerciales entre l&#8217;Union europ\u00e9enne et plusieurs pays tiers, notamment dans le cadre des accords avec le Mercosur, continuent de susciter des inqui\u00e9tudes chez les producteurs navarrais. Les fili\u00e8res mara\u00eech\u00e8res et c\u00e9r\u00e9ali\u00e8res, qui repr\u00e9sentent respectivement une part importante des exportations r\u00e9gionales, sont particuli\u00e8rement expos\u00e9es \u00e0 ces incertitudes.<\/p>\n<blockquote class=\"ml-2 border-l-4 border-border-300\/10 pl-4 text-text-300\">\n<p class=\"font-claude-response-body break-words whitespace-normal leading-[1.7]\"><em>\u00ab L&#8217;agroindustrie navarraise doit se transformer profond\u00e9ment pour rester comp\u00e9titive face aux d\u00e9fis climatiques et aux nouvelles exigences des consommateurs. \u00bb<\/em> Diario de Navarra (DINagro), forum DINagro 2026<\/p>\n<\/blockquote>\n<p>Les experts pr\u00e9sents lors de l&#8217;\u00e9v\u00e9nement soulignent que la Navarre dispose d&#8217;atouts consid\u00e9rables pour traverser cette p\u00e9riode de turbulences. La r\u00e9gion b\u00e9n\u00e9ficie d&#8217;une infrastructure logistique moderne, d&#8217;un r\u00e9seau d&#8217;irrigation performant couvrant plus de 100 000 hectares, et d&#8217;un tissu de coop\u00e9ratives agricoles particuli\u00e8rement actif, qui facilite la mutualisation des ressources et la n\u00e9gociation collective.<\/p>\n<h2>R\u00e9silience et innovation au coeur des d\u00e9bats de DINagro 2026<\/h2>\n<p>La notion de r\u00e9silience agricole est au centre des discussions de cette \u00e9dition. Face aux \u00e9pisodes de s\u00e9cheresse de plus en plus fr\u00e9quents et aux al\u00e9as climatiques qui fragilisent les rendements, les intervenants du forum insistent sur la n\u00e9cessit\u00e9 d&#8217;acc\u00e9l\u00e9rer la transition vers des pratiques agricoles plus durables et moins d\u00e9pendantes des intrants chimiques.<\/p>\n<p>Selon les donn\u00e9es pr\u00e9sent\u00e9es lors du forum, la Navarre a enregistr\u00e9 au cours des cinq derni\u00e8res ann\u00e9es une augmentation de pr\u00e8s de 30 % des surfaces cultiv\u00e9es en agriculture biologique, atteignant aujourd&#8217;hui plus de 60 000 hectares certifi\u00e9s. Ce chiffre place la r\u00e9gion parmi les territoires espagnols les plus avanc\u00e9s en mati\u00e8re de conversion agro\u00e9cologique.<\/p>\n<p>Les d\u00e9bats portent \u00e9galement sur la digitalisation de la fili\u00e8re. L&#8217;adoption des technologies de pr\u00e9cision, telles que les capteurs connect\u00e9s, les drones de surveillance des cultures et les plateformes d&#8217;analyse de donn\u00e9es agronomiques, progresse rapidement dans les exploitations navarraises. Selon les estimations du secteur, plus de 40 % des grandes exploitations de la r\u00e9gion utilisent d\u00e9sormais au moins un outil num\u00e9rique dans leur gestion quotidienne.<\/p>\n<blockquote class=\"ml-2 border-l-4 border-border-300\/10 pl-4 text-text-300\">\n<p class=\"font-claude-response-body break-words whitespace-normal leading-[1.7]\"><em>\u00ab La digitalisation n&#8217;est plus une option mais une n\u00e9cessit\u00e9 pour les agriculteurs qui veulent rester comp\u00e9titifs dans les dix prochaines ann\u00e9es. \u00bb<\/em> Intervenant du forum DINagro 2026, Pampelune<\/p>\n<\/blockquote>\n<p>Le forum aborde aussi la question du renouvellement g\u00e9n\u00e9rationnel, un enjeu crucial pour l&#8217;avenir de l&#8217;agriculture navarraise. L&#8217;\u00e2ge moyen des agriculteurs dans la r\u00e9gion d\u00e9passe les 52 ans, et attirer les jeunes vers les m\u00e9tiers de la terre reste un d\u00e9fi majeur. Des programmes d&#8217;accompagnement \u00e0 l&#8217;installation, cofinanc\u00e9s par le gouvernement r\u00e9gional et les fonds europ\u00e9ens de la PAC, sont pr\u00e9sent\u00e9s comme des solutions concr\u00e8tes pour inverser cette tendance.<\/p>\n<p>La question de l&#8217;eau occupe \u00e9galement une place centrale dans les \u00e9changes. La gestion durable des ressources hydriques est pr\u00e9sent\u00e9e comme un facteur d\u00e9terminant de la comp\u00e9titivit\u00e9 future de l&#8217;agroindustrie navarraise, dans un contexte o\u00f9 les projections climatiques anticipent une r\u00e9duction significative des pr\u00e9cipitations dans la p\u00e9ninsule ib\u00e9rique d&#8217;ici 2050.<\/p>\n<p>DINagro 2026 confirme ainsi son statut d&#8217;espace de r\u00e9f\u00e9rence pour penser l&#8217;avenir d&#8217;une fili\u00e8re qui emploie directement et indirectement des dizaines de milliers de personnes en Navarre. Les conclusions du forum seront diffus\u00e9es aupr\u00e8s des acteurs institutionnels et \u00e9conomiques de la r\u00e9gion, dans l&#8217;espoir de nourrir les politiques publiques \u00e0 venir en mati\u00e8re d&#8217;agriculture et d&#8217;alimentation.<\/p>\n<p>En d\u00e9finitive, ce rendez-vous annuel illustre la volont\u00e9 collective d&#8217;une r\u00e9gion de ne pas subir les transformations en cours, mais de les anticiper et de les orienter dans le sens d&#8217;une agriculture plus juste, plus durable et plus r\u00e9siliente face aux chocs \u00e0 venir.<\/p>\n<p><i>Sources et photo: R\u00e9daction LCE (avec l&#8217;aide de l&#8217;IA)<\/i><\/p>\n<hr style=\"border: none;border-top: 1px solid #000000;margin: 24px 0\" \/>\t\t\t\t\t\t\t\t<\/div>\n<div class=\"elementor-element elementor-element-4568f12 elementor-widget elementor-widget-html\" data-id=\"4568f12\" data-element_type=\"widget\" data-e-type=\"widget\" data-widget_type=\"html.default\">\n\t\t\t\t\t\t\t\t\t<\/div>\n<\/p><\/div>\n<\/p><\/div>\n<\/p><\/div>\n","protected":false},"excerpt":{"rendered":"<p>La Navarre affirme une fois de plus son r\u00f4le de locomotive agricole en Espagne. Le forum DINagro 2026, organis\u00e9 par le Diario de Navarra, r\u00e9unit cette ann\u00e9e encore des experts, des entrepreneurs et des d\u00e9cideurs pour dresser un \u00e9tat des lieux complet de la fili\u00e8re agroalimentaire r\u00e9gionale, dans un contexte marqu\u00e9 par les d\u00e9fis climatiques, [&hellip;]<\/p>\n","protected":false},"author":13,"featured_media":76042,"comment_status":"open","ping_status":"closed","sticky":false,"template":"","format":"standard","meta":{"om_disable_all_campaigns":false,"_monsterinsights_skip_tracking":false,"_monsterinsights_sitenote_active":false,"_monsterinsights_sitenote_note":"","_monsterinsights_sitenote_category":0,"_uf_show_specific_survey":0,"_uf_disable_surveys":false,"footnotes":""},"categories":[4509],"tags":[4854,4855,3612],"class_list":["post-76041","post","type-post","status-publish","format-standard","has-post-thumbnail","hentry","category-uncategorized","tag-agroindustrie","tag-dinagro-2026","tag-technologies"],"acf":[],"_links":{"self":[{"href":"https:\/\/immo.lecourrier.es\/index.php\/wp-json\/wp\/v2\/posts\/76041","targetHints":{"allow":["GET"]}}],"collection":[{"href":"https:\/\/immo.lecourrier.es\/index.php\/wp-json\/wp\/v2\/posts"}],"about":[{"href":"https:\/\/immo.lecourrier.es\/index.php\/wp-json\/wp\/v2\/types\/post"}],"author":[{"embeddable":true,"href":"https:\/\/immo.lecourrier.es\/index.php\/wp-json\/wp\/v2\/users\/13"}],"replies":[{"embeddable":true,"href":"https:\/\/immo.lecourrier.es\/index.php\/wp-json\/wp\/v2\/comments?post=76041"}],"version-history":[{"count":0,"href":"https:\/\/immo.lecourrier.es\/index.php\/wp-json\/wp\/v2\/posts\/76041\/revisions"}],"wp:featuredmedia":[{"embeddable":true,"href":"https:\/\/immo.lecourrier.es\/index.php\/wp-json\/wp\/v2\/media\/76042"}],"wp:attachment":[{"href":"https:\/\/immo.lecourrier.es\/index.php\/wp-json\/wp\/v2\/media?parent=76041"}],"wp:term":[{"taxonomy":"category","embeddable":true,"href":"https:\/\/immo.lecourrier.es\/index.php\/wp-json\/wp\/v2\/categories?post=76041"},{"taxonomy":"post_tag","embeddable":true,"href":"https:\/\/immo.lecourrier.es\/index.php\/wp-json\/wp\/v2\/tags?post=76041"}],"curies":[{"name":"wp","href":"https:\/\/api.w.org\/{rel}","templated":true}]}}