{"id":76039,"date":"2026-04-30T11:55:49","date_gmt":"2026-04-30T11:55:49","guid":{"rendered":"https:\/\/immo.lecourrier.es\/index.php\/2026\/04\/30\/la-navarre-defend-le-vehicule-electrique-au-comite-des-regions\/"},"modified":"2026-04-30T11:55:50","modified_gmt":"2026-04-30T11:55:50","slug":"la-navarre-defend-le-vehicule-electrique-au-comite-des-regions","status":"publish","type":"post","link":"https:\/\/immo.lecourrier.es\/index.php\/2026\/04\/30\/la-navarre-defend-le-vehicule-electrique-au-comite-des-regions\/","title":{"rendered":"La Navarre d\u00e9fend le v\u00e9hicule \u00e9lectrique au Comit\u00e9 des R\u00e9gions."},"content":{"rendered":"\n<div data-elementor-type=\"wp-post\" data-elementor-id=\"137396\" class=\"elementor elementor-137396\" data-elementor-post-type=\"post\">\n<div class=\"elementor-element elementor-element-68ca1d51 e-flex e-con-boxed e-con e-parent\" data-id=\"68ca1d51\" data-element_type=\"container\" data-e-type=\"container\">\n<div class=\"e-con-inner\">\n<div class=\"elementor-element elementor-element-407ead8 elementor-widget elementor-widget-text-editor\" data-id=\"407ead8\" data-element_type=\"widget\" data-e-type=\"widget\" data-widget_type=\"text-editor.default\">\n<p><i>La r\u00e9gion de Navarre s&#8217;est illustr\u00e9e sur la sc\u00e8ne europ\u00e9enne en prenant position en faveur du v\u00e9hicule \u00e9lectrique lors d&#8217;une session du Comit\u00e9 des R\u00e9gions. Une initiative qui s&#8217;inscrit dans un contexte de transition \u00e9nerg\u00e9tique acc\u00e9l\u00e9r\u00e9e et de d\u00e9bats intenses sur l&#8217;avenir de la mobilit\u00e9 durable en Europe.<\/i><\/p>\n<h2>La Navarre porte la voix des r\u00e9gions pour la mobilit\u00e9 \u00e9lectrique<\/h2>\n<p>Selon Cadena SER, la r\u00e9gion de Navarre a activement d\u00e9fendu le d\u00e9veloppement du v\u00e9hicule \u00e9lectrique lors d&#8217;une r\u00e9union du Comit\u00e9 europ\u00e9en des R\u00e9gions. Les repr\u00e9sentants navarrais ont plaid\u00e9 pour un soutien renforc\u00e9 aux infrastructures de recharge et pour des politiques incitatives adapt\u00e9es aux r\u00e9alit\u00e9s territoriales.<\/p>\n<p>Le Comit\u00e9 des R\u00e9gions est une institution consultative de l&#8217;Union europ\u00e9enne qui r\u00e9unit des \u00e9lus locaux et r\u00e9gionaux des 27 \u00c9tats membres. Il joue un r\u00f4le cl\u00e9 dans l&#8217;\u00e9laboration des politiques europ\u00e9ennes touchant directement les territoires, notamment en mati\u00e8re de transport, d&#8217;\u00e9nergie et d&#8217;environnement.<\/p>\n<p>La Navarre, r\u00e9gion du nord de l&#8217;Espagne forte d&#8217;environ 661 000 habitants, a d\u00e9velopp\u00e9 ces derni\u00e8res ann\u00e9es une expertise reconnue dans le domaine des \u00e9nergies renouvelables. Elle produit aujourd&#8217;hui plus de 70 % de son \u00e9lectricit\u00e9 \u00e0 partir de sources renouvelables, ce qui en fait l&#8217;une des r\u00e9gions les plus avanc\u00e9es d&#8217;Europe sur ce plan. Cette trajectoire verte lui conf\u00e8re une l\u00e9gitimit\u00e9 particuli\u00e8re pour prendre la parole sur les enjeux de mobilit\u00e9 propre.<\/p>\n<blockquote class=\"ml-2 border-l-4 border-border-300\/10 pl-4 text-text-300\">\n<p class=\"font-claude-response-body break-words whitespace-normal leading-[1.7]\"><em>\u00ab La Navarre est un exemple de ce que les r\u00e9gions peuvent accomplir lorsqu&#8217;elles disposent des outils n\u00e9cessaires pour agir. Nous voulons que l&#8217;Europe soutienne les territoires qui s&#8217;engagent concr\u00e8tement dans la transition. \u00bb<\/em> Repr\u00e9sentation de la Navarre au Comit\u00e9 des R\u00e9gions, avril 2026<\/p>\n<\/blockquote>\n<p>Lors de cette session, les \u00e9lus navarrais ont soulign\u00e9 que la transition vers le v\u00e9hicule \u00e9lectrique ne peut r\u00e9ussir sans un maillage territorial dense en bornes de recharge. Actuellement, l&#8217;Espagne compte environ 30 000 points de recharge publics, un chiffre encore insuffisant au regard des objectifs europ\u00e9ens qui pr\u00e9voient un point de recharge tous les 60 kilom\u00e8tres sur les grands axes routiers d&#8217;ici 2026.<\/p>\n<h2>Un enjeu europ\u00e9en aux implications locales profondes<\/h2>\n<p>La position de la Navarre s&#8217;inscrit dans un d\u00e9bat plus large au niveau europ\u00e9en. L&#8217;Union europ\u00e9enne a fix\u00e9 l&#8217;objectif de ne plus vendre de voitures thermiques neuves \u00e0 partir de 2035, une d\u00e9cision qui continue de susciter des discussions parmi les \u00c9tats membres et les r\u00e9gions.<\/p>\n<p>Selon le Parlement europ\u00e9en, le parc automobile de l&#8217;UE d\u00e9passe les 250 millions de v\u00e9hicules, dont moins de 4 % sont aujourd&#8217;hui \u00e9lectriques. L&#8217;ampleur de la transition \u00e0 accomplir est donc consid\u00e9rable, et les r\u00e9gions comme la Navarre insistent sur la n\u00e9cessit\u00e9 d&#8217;accompagner les citoyens et les entreprises dans ce changement.<\/p>\n<p>Les repr\u00e9sentants navarrais ont \u00e9galement mis en avant les d\u00e9fis sp\u00e9cifiques des zones rurales et semi-rurales, o\u00f9 la d\u00e9pendance \u00e0 la voiture individuelle est plus forte et o\u00f9 les investissements en infrastructures de recharge sont souvent moins rentables \u00e0 court terme pour les op\u00e9rateurs priv\u00e9s.<\/p>\n<blockquote class=\"ml-2 border-l-4 border-border-300\/10 pl-4 text-text-300\">\n<p class=\"font-claude-response-body break-words whitespace-normal leading-[1.7]\"><em>\u00ab Sans une approche territorialis\u00e9e, la transition vers le v\u00e9hicule \u00e9lectrique risque de creuser davantage les in\u00e9galit\u00e9s entre zones urbaines et rurales. \u00bb<\/em> D\u00e9l\u00e9gation navarraise, session du Comit\u00e9 des R\u00e9gions, avril 2026<\/p>\n<\/blockquote>\n<p>Selon l&#8217;Agence Internationale de l&#8217;\u00c9nergie (AIE), les ventes mondiales de v\u00e9hicules \u00e9lectriques ont atteint 14 millions d&#8217;unit\u00e9s en 2023, soit une hausse de 35 % par rapport \u00e0 l&#8217;ann\u00e9e pr\u00e9c\u00e9dente. En Espagne, les ventes de voitures \u00e9lectriques ont progress\u00e9 de 28 % en 2024 par rapport \u00e0 2023, m\u00eame si elles ne repr\u00e9sentent encore que 5,6 % du total des immatriculations.<\/p>\n<p>Face \u00e0 ces chiffres, la Navarre r\u00e9clame des fonds europ\u00e9ens sp\u00e9cifiquement d\u00e9di\u00e9s aux r\u00e9gions pionni\u00e8res dans la transition \u00e9nerg\u00e9tique, afin de financer l&#8217;extension des r\u00e9seaux de recharge, la formation des techniciens sp\u00e9cialis\u00e9s et la sensibilisation des usagers.<\/p>\n<p>La r\u00e9gion esp\u00e8re \u00e9galement que ses arguments trouveront un \u00e9cho favorable dans les prochaines r\u00e9visions des r\u00e8glements europ\u00e9ens sur les infrastructures de carburants alternatifs, notamment dans le cadre du programme RTE-T qui r\u00e9git le d\u00e9veloppement des r\u00e9seaux de transport transeurop\u00e9ens.<\/p>\n<p>Cette d\u00e9marche de la Navarre illustre la mont\u00e9e en puissance des r\u00e9gions dans la gouvernance europ\u00e9enne des politiques de mobilit\u00e9. En portant directement leurs propositions au Comit\u00e9 des R\u00e9gions, elles contournent en partie les filtres nationaux pour peser directement sur les orientations de Bruxelles.<\/p>\n<p>La prochaine session pl\u00e9ni\u00e8re du Comit\u00e9 des R\u00e9gions devrait permettre d&#8217;adopter un avis formel sur la politique europ\u00e9enne de mobilit\u00e9 \u00e9lectrique, dans lequel les contributions des r\u00e9gions comme la Navarre pourraient trouver une traduction concr\u00e8te.<\/p>\n<p><i>Sources et photo: R\u00e9daction LCE (avec l&#8217;aide de l&#8217;IA)<\/i><\/p>\n<hr style=\"border: none;border-top: 1px solid #000000;margin: 24px 0\" \/>\t\t\t\t\t\t\t\t<\/div>\n<div class=\"elementor-element elementor-element-883d61b elementor-widget elementor-widget-html\" data-id=\"883d61b\" data-element_type=\"widget\" data-e-type=\"widget\" data-widget_type=\"html.default\">\n\t\t\t\t\t\t\t\t\t<\/div>\n<\/p><\/div>\n<\/p><\/div>\n<\/p><\/div>\n","protected":false},"excerpt":{"rendered":"<p>La r\u00e9gion de Navarre s&#8217;est illustr\u00e9e sur la sc\u00e8ne europ\u00e9enne en prenant position en faveur du v\u00e9hicule \u00e9lectrique lors d&#8217;une session du Comit\u00e9 des R\u00e9gions. Une initiative qui s&#8217;inscrit dans un contexte de transition \u00e9nerg\u00e9tique acc\u00e9l\u00e9r\u00e9e et de d\u00e9bats intenses sur l&#8217;avenir de la mobilit\u00e9 durable en Europe. La Navarre porte la voix des r\u00e9gions [&hellip;]<\/p>\n","protected":false},"author":13,"featured_media":76040,"comment_status":"open","ping_status":"closed","sticky":false,"template":"","format":"standard","meta":{"om_disable_all_campaigns":false,"_monsterinsights_skip_tracking":false,"_monsterinsights_sitenote_active":false,"_monsterinsights_sitenote_note":"","_monsterinsights_sitenote_category":0,"_uf_show_specific_survey":0,"_uf_disable_surveys":false,"footnotes":""},"categories":[4509],"tags":[769,2020,4853],"class_list":["post-76039","post","type-post","status-publish","format-standard","has-post-thumbnail","hentry","category-uncategorized","tag-investissements","tag-navarre","tag-vehicule-electrique"],"acf":[],"_links":{"self":[{"href":"https:\/\/immo.lecourrier.es\/index.php\/wp-json\/wp\/v2\/posts\/76039","targetHints":{"allow":["GET"]}}],"collection":[{"href":"https:\/\/immo.lecourrier.es\/index.php\/wp-json\/wp\/v2\/posts"}],"about":[{"href":"https:\/\/immo.lecourrier.es\/index.php\/wp-json\/wp\/v2\/types\/post"}],"author":[{"embeddable":true,"href":"https:\/\/immo.lecourrier.es\/index.php\/wp-json\/wp\/v2\/users\/13"}],"replies":[{"embeddable":true,"href":"https:\/\/immo.lecourrier.es\/index.php\/wp-json\/wp\/v2\/comments?post=76039"}],"version-history":[{"count":0,"href":"https:\/\/immo.lecourrier.es\/index.php\/wp-json\/wp\/v2\/posts\/76039\/revisions"}],"wp:featuredmedia":[{"embeddable":true,"href":"https:\/\/immo.lecourrier.es\/index.php\/wp-json\/wp\/v2\/media\/76040"}],"wp:attachment":[{"href":"https:\/\/immo.lecourrier.es\/index.php\/wp-json\/wp\/v2\/media?parent=76039"}],"wp:term":[{"taxonomy":"category","embeddable":true,"href":"https:\/\/immo.lecourrier.es\/index.php\/wp-json\/wp\/v2\/categories?post=76039"},{"taxonomy":"post_tag","embeddable":true,"href":"https:\/\/immo.lecourrier.es\/index.php\/wp-json\/wp\/v2\/tags?post=76039"}],"curies":[{"name":"wp","href":"https:\/\/api.w.org\/{rel}","templated":true}]}}