{"id":76037,"date":"2026-04-30T11:55:44","date_gmt":"2026-04-30T11:55:44","guid":{"rendered":"https:\/\/immo.lecourrier.es\/index.php\/2026\/04\/30\/lespagne-investit-48-millions-deuros-pour-stimuler-linnovation-dans-ses-centres-de-recherche\/"},"modified":"2026-04-30T11:55:44","modified_gmt":"2026-04-30T11:55:44","slug":"lespagne-investit-48-millions-deuros-pour-stimuler-linnovation-dans-ses-centres-de-recherche","status":"publish","type":"post","link":"https:\/\/immo.lecourrier.es\/index.php\/2026\/04\/30\/lespagne-investit-48-millions-deuros-pour-stimuler-linnovation-dans-ses-centres-de-recherche\/","title":{"rendered":"L&#8217;Espagne investit 4,8 millions d&#8217;euros pour stimuler l&#8217;innovation dans ses centres de recherche."},"content":{"rendered":"\n<div data-elementor-type=\"wp-post\" data-elementor-id=\"136896\" class=\"elementor elementor-136896\" data-elementor-post-type=\"post\">\n<div class=\"elementor-element elementor-element-57037644 e-flex e-con-boxed e-con e-parent\" data-id=\"57037644\" data-element_type=\"container\" data-e-type=\"container\">\n<div class=\"e-con-inner\">\n<div class=\"elementor-element elementor-element-25d455b elementor-widget elementor-widget-text-editor\" data-id=\"25d455b\" data-element_type=\"widget\" data-e-type=\"widget\" data-widget_type=\"text-editor.default\">\n<p><i>Le gouvernement de la Principaut\u00e9 des Asturies franchit un nouveau cap dans son soutien \u00e0 la recherche et au d\u00e9veloppement. Avec une enveloppe de 4,8 millions d&#8217;euros destin\u00e9e aux centres de R&amp;D&amp;i, la r\u00e9gion affirme sa volont\u00e9 de faire de l&#8217;innovation un levier central de sa politique \u00e9conomique et industrielle.<\/i><\/p>\n<h2>Un investissement massif pour soutenir la recherche et le d\u00e9veloppement<\/h2>\n<p>Selon le m\u00e9dia Actualidad, le minist\u00e8re de la Science, de l&#8217;Innovation et de l&#8217;Universit\u00e9 des Asturies vient d&#8217;annoncer une nouvelle vague d&#8217;aides financi\u00e8res \u00e0 destination des centres de recherche, de d\u00e9veloppement et d&#8217;innovation (R&amp;D&amp;i) pr\u00e9sents sur le territoire r\u00e9gional.<\/p>\n<p>Cette enveloppe globale de 4,8 millions d&#8217;euros s&#8217;inscrit dans le cadre d&#8217;un programme pluriannuel visant \u00e0 renforcer les capacit\u00e9s technologiques et scientifiques des entreprises et organismes asturiens. L&#8217;objectif affich\u00e9 est clair : permettre \u00e0 ces structures de se doter d&#8217;\u00e9quipements modernes, de recruter des chercheurs qualifi\u00e9s et de d\u00e9velopper des projets \u00e0 fort potentiel d&#8217;impact \u00e9conomique.<\/p>\n<p>Les aides sont accessibles \u00e0 une large palette d&#8217;acteurs, qu&#8217;il s&#8217;agisse de centres technologiques, d&#8217;instituts universitaires ou encore d&#8217;unit\u00e9s de recherche rattach\u00e9es \u00e0 des entreprises priv\u00e9es. Le gouvernement r\u00e9gional entend ainsi couvrir l&#8217;ensemble du spectre de l&#8217;innovation, du laboratoire acad\u00e9mique jusqu&#8217;\u00e0 l&#8217;application industrielle concr\u00e8te.<\/p>\n<blockquote class=\"ml-2 border-l-4 border-border-300\/10 pl-4 text-text-300\">\n<p class=\"font-claude-response-body break-words whitespace-normal leading-[1.7]\"><em>\u00ab Le renforcement des centres de R&amp;D&amp;i est indispensable pour maintenir la comp\u00e9titivit\u00e9 de notre tissu industriel face aux d\u00e9fis technologiques actuels. \u00bb<\/em> D\u00e9claration du minist\u00e8re de la Science, de l&#8217;Innovation et de l&#8217;Universit\u00e9 des Asturies<\/p>\n<\/blockquote>\n<p>Cette initiative s&#8217;inscrit dans une tendance plus large observ\u00e9e \u00e0 l&#8217;\u00e9chelle nationale. Selon le minist\u00e8re espagnol des Sciences, l&#8217;Espagne consacre aujourd&#8217;hui environ 1,44 % de son PIB \u00e0 la recherche et au d\u00e9veloppement, un chiffre encore en de\u00e7\u00e0 de la moyenne europ\u00e9enne fix\u00e9e \u00e0 2,3 %, ce qui justifie des efforts r\u00e9gionaux accrus pour combler cet \u00e9cart.<\/p>\n<h2>Une strat\u00e9gie r\u00e9gionale tourn\u00e9e vers la comp\u00e9titivit\u00e9 et l&#8217;emploi qualifi\u00e9<\/h2>\n<p>Au-del\u00e0 des chiffres, cette d\u00e9cision politique traduit une ambition structurelle pour les Asturies, r\u00e9gion historiquement li\u00e9e \u00e0 l&#8217;industrie lourde et en pleine reconversion \u00e9conomique. Le gouvernement r\u00e9gional mise sur l&#8217;innovation comme moteur de diversification et de cr\u00e9ation d&#8217;emplois \u00e0 haute valeur ajout\u00e9e.<\/p>\n<p>Les centres b\u00e9n\u00e9ficiaires devront r\u00e9pondre \u00e0 des crit\u00e8res stricts d&#8217;\u00e9ligibilit\u00e9, notamment en mati\u00e8re de capacit\u00e9 \u00e0 g\u00e9n\u00e9rer des r\u00e9sultats transf\u00e9rables vers le secteur productif. Une attention particuli\u00e8re sera port\u00e9e aux domaines jug\u00e9s prioritaires par la strat\u00e9gie r\u00e9gionale de sp\u00e9cialisation intelligente, parmi lesquels figurent l&#8217;agroalimentaire, les technologies de l&#8217;information, les \u00e9nergies renouvelables et la sant\u00e9.<\/p>\n<blockquote class=\"ml-2 border-l-4 border-border-300\/10 pl-4 text-text-300\">\n<p class=\"font-claude-response-body break-words whitespace-normal leading-[1.7]\"><em>\u00ab Ces aides permettront de consolider des \u00e9quipes de recherche et de renforcer notre capacit\u00e9 \u00e0 r\u00e9pondre aux besoins des entreprises locales en mati\u00e8re d&#8217;innovation. \u00bb<\/em> Actualidad (Gobierno del Principado de Asturias)<\/p>\n<\/blockquote>\n<p>Selon des donn\u00e9es publi\u00e9es par l&#8217;Institut national de statistique espagnol (INE), les Asturies comptaient en 2023 plus de 3 500 personnes employ\u00e9es dans le secteur de la R&amp;D, soit une progression de 8 % par rapport \u00e0 2020. Ce programme d&#8217;aides devrait contribuer \u00e0 amplifier cette dynamique en attirant de nouveaux talents et en fid\u00e9lisant les chercheurs d\u00e9j\u00e0 en poste.<\/p>\n<p>Les demandes d&#8217;aide peuvent \u00eatre d\u00e9pos\u00e9es aupr\u00e8s des services comp\u00e9tents de la Principaut\u00e9 jusqu&#8217;\u00e0 une date limite fix\u00e9e par arr\u00eat\u00e9. Les dossiers seront \u00e9valu\u00e9s selon une grille multicrit\u00e8res int\u00e9grant la qualit\u00e9 scientifique des projets, leur potentiel de valorisation \u00e9conomique et leur contribution au d\u00e9veloppement durable du territoire.<\/p>\n<p>Cette annonce a \u00e9t\u00e9 bien accueillie par les acteurs du monde acad\u00e9mique et entrepreneurial asturien, qui saluent la continuit\u00e9 et la mont\u00e9e en puissance de l&#8217;engagement public en faveur de l&#8217;innovation. Plusieurs responsables de centres technologiques ont d&#8217;ores et d\u00e9j\u00e0 exprim\u00e9 leur intention de soumettre des dossiers de candidature dans les prochaines semaines.<\/p>\n<p>Avec cet investissement de 4,8 millions d&#8217;euros, la Principaut\u00e9 des Asturies confirme sa trajectoire en faveur d&#8217;une \u00e9conomie fond\u00e9e sur la connaissance et l&#8217;innovation. En soutenant directement les centres de R&amp;D&amp;i, la r\u00e9gion entend non seulement renforcer sa comp\u00e9titivit\u00e9 \u00e0 l&#8217;\u00e9chelle nationale et europ\u00e9enne, mais aussi pr\u00e9parer son tissu \u00e9conomique aux mutations technologiques des prochaines d\u00e9cennies. Un signal fort adress\u00e9 aux chercheurs, aux entreprises et aux partenaires internationaux.<\/p>\n<p><i>Sources et photo: R\u00e9daction LCE (avec l&#8217;aide de l&#8217;IA)<\/i><\/p>\n<hr style=\"border: none;border-top: 1px solid #000000;margin: 24px 0\" \/>\t\t\t\t\t\t\t\t<\/div>\n<div class=\"elementor-element elementor-element-aac90ba elementor-widget elementor-widget-html\" data-id=\"aac90ba\" data-element_type=\"widget\" data-e-type=\"widget\" data-widget_type=\"html.default\">\n\t\t\t\t\t\t\t\t\t<\/div>\n<\/p><\/div>\n<\/p><\/div>\n<\/p><\/div>\n","protected":false},"excerpt":{"rendered":"<p>Le gouvernement de la Principaut\u00e9 des Asturies franchit un nouveau cap dans son soutien \u00e0 la recherche et au d\u00e9veloppement. Avec une enveloppe de 4,8 millions d&#8217;euros destin\u00e9e aux centres de R&amp;D&amp;i, la r\u00e9gion affirme sa volont\u00e9 de faire de l&#8217;innovation un levier central de sa politique \u00e9conomique et industrielle. Un investissement massif pour soutenir [&hellip;]<\/p>\n","protected":false},"author":13,"featured_media":76038,"comment_status":"open","ping_status":"closed","sticky":false,"template":"","format":"standard","meta":{"om_disable_all_campaigns":false,"_monsterinsights_skip_tracking":false,"_monsterinsights_sitenote_active":false,"_monsterinsights_sitenote_note":"","_monsterinsights_sitenote_category":0,"_uf_show_specific_survey":0,"_uf_disable_surveys":false,"footnotes":""},"categories":[4509],"tags":[783,639,4852],"class_list":["post-76037","post","type-post","status-publish","format-standard","has-post-thumbnail","hentry","category-uncategorized","tag-asturies","tag-investissement","tag-recherche-et-developpement"],"acf":[],"_links":{"self":[{"href":"https:\/\/immo.lecourrier.es\/index.php\/wp-json\/wp\/v2\/posts\/76037","targetHints":{"allow":["GET"]}}],"collection":[{"href":"https:\/\/immo.lecourrier.es\/index.php\/wp-json\/wp\/v2\/posts"}],"about":[{"href":"https:\/\/immo.lecourrier.es\/index.php\/wp-json\/wp\/v2\/types\/post"}],"author":[{"embeddable":true,"href":"https:\/\/immo.lecourrier.es\/index.php\/wp-json\/wp\/v2\/users\/13"}],"replies":[{"embeddable":true,"href":"https:\/\/immo.lecourrier.es\/index.php\/wp-json\/wp\/v2\/comments?post=76037"}],"version-history":[{"count":0,"href":"https:\/\/immo.lecourrier.es\/index.php\/wp-json\/wp\/v2\/posts\/76037\/revisions"}],"wp:featuredmedia":[{"embeddable":true,"href":"https:\/\/immo.lecourrier.es\/index.php\/wp-json\/wp\/v2\/media\/76038"}],"wp:attachment":[{"href":"https:\/\/immo.lecourrier.es\/index.php\/wp-json\/wp\/v2\/media?parent=76037"}],"wp:term":[{"taxonomy":"category","embeddable":true,"href":"https:\/\/immo.lecourrier.es\/index.php\/wp-json\/wp\/v2\/categories?post=76037"},{"taxonomy":"post_tag","embeddable":true,"href":"https:\/\/immo.lecourrier.es\/index.php\/wp-json\/wp\/v2\/tags?post=76037"}],"curies":[{"name":"wp","href":"https:\/\/api.w.org\/{rel}","templated":true}]}}