{"id":76035,"date":"2026-04-30T11:55:40","date_gmt":"2026-04-30T11:55:40","guid":{"rendered":"https:\/\/immo.lecourrier.es\/index.php\/2026\/04\/30\/ouverture-des-inscriptions-pour-les-echanges-jeunes-2026-avec-plus-dune-dizaine-de-destinations-europeennes\/"},"modified":"2026-04-30T11:55:40","modified_gmt":"2026-04-30T11:55:40","slug":"ouverture-des-inscriptions-pour-les-echanges-jeunes-2026-avec-plus-dune-dizaine-de-destinations-europeennes","status":"publish","type":"post","link":"https:\/\/immo.lecourrier.es\/index.php\/2026\/04\/30\/ouverture-des-inscriptions-pour-les-echanges-jeunes-2026-avec-plus-dune-dizaine-de-destinations-europeennes\/","title":{"rendered":"Ouverture des inscriptions pour les \u00c9changes Jeunes 2026 avec plus d&#8217;une dizaine de destinations europ\u00e9ennes."},"content":{"rendered":"\n<div data-elementor-type=\"wp-post\" data-elementor-id=\"137425\" class=\"elementor elementor-137425\" data-elementor-post-type=\"post\">\n<div class=\"elementor-element elementor-element-1af79559 e-flex e-con-boxed e-con e-parent\" data-id=\"1af79559\" data-element_type=\"container\" data-e-type=\"container\">\n<div class=\"e-con-inner\">\n<div class=\"elementor-element elementor-element-4b7f7297 elementor-widget elementor-widget-text-editor\" data-id=\"4b7f7297\" data-element_type=\"widget\" data-e-type=\"widget\" data-widget_type=\"text-editor.default\">\n<p><i>La mairie de Murcie lance officiellement les inscriptions pour les \u00c9changes Jeunes 2026, un programme ambitieux qui propose \u00e0 la jeunesse locale de d\u00e9couvrir l&#8217;Europe \u00e0 travers des s\u00e9jours culturels et citoyens. Plus d&#8217;une dizaine de destinations sont au programme, offrant une opportunit\u00e9 unique de rencontres, d&#8217;apprentissages et de d\u00e9couvertes pour les jeunes Murciens.<\/i><\/p>\n<h2>Un programme d&#8217;\u00e9changes europ\u00e9ens ouvert \u00e0 la jeunesse de Murcie<\/h2>\n<p>Selon Ayuntamiento de Murcia, le d\u00e9lai d&#8217;inscription pour les \u00c9changes Jeunes 2026 est d\u00e9sormais officiellement ouvert. Ce programme, organis\u00e9 chaque ann\u00e9e par la municipalit\u00e9, permet \u00e0 des jeunes \u00e2g\u00e9s g\u00e9n\u00e9ralement entre 14 et 30 ans de participer \u00e0 des s\u00e9jours d&#8217;\u00e9changes dans plusieurs pays europ\u00e9ens.<\/p>\n<p>Cette \u00e9dition 2026 se distingue par la richesse de son offre : plus d&#8217;une dizaine de destinations sont propos\u00e9es, couvrant des pays aussi vari\u00e9s que la France, l&#8217;Allemagne, l&#8217;Italie, la Pologne, le Portugal, la Gr\u00e8ce ou encore la R\u00e9publique tch\u00e8que. Chaque destination correspond \u00e0 un programme th\u00e9matique sp\u00e9cifique, ax\u00e9 sur la citoyennet\u00e9 active, le d\u00e9veloppement personnel, la culture locale ou encore l&#8217;environnement.<\/p>\n<p>Les \u00e9changes se d\u00e9roulent sur des p\u00e9riodes allant g\u00e9n\u00e9ralement d&#8217;une semaine \u00e0 plusieurs semaines, selon les projets. Les participants b\u00e9n\u00e9ficient d&#8217;une prise en charge partielle ou totale des frais de transport et d&#8217;h\u00e9bergement, rendant ces s\u00e9jours accessibles au plus grand nombre, ind\u00e9pendamment de la situation \u00e9conomique des familles.<\/p>\n<blockquote class=\"ml-2 border-l-4 border-border-300\/10 pl-4 text-text-300\">\n<p class=\"font-claude-response-body break-words whitespace-normal leading-[1.7]\"><em>\u00ab Ces \u00e9changes repr\u00e9sentent bien plus qu&#8217;un simple voyage : ils forment des citoyens europ\u00e9ens conscients, capables de dialoguer avec d&#8217;autres cultures et de construire ensemble un avenir commun. \u00bb<\/em> Ayuntamiento de Murcia, pr\u00e9sentation du programme \u00c9changes Jeunes 2026<\/p>\n<\/blockquote>\n<p>Les candidatures sont ouvertes \u00e0 tous les jeunes r\u00e9sidant sur le territoire de la commune de Murcie. Les dossiers doivent \u00eatre d\u00e9pos\u00e9s dans les d\u00e9lais impartis, avec les justificatifs requis, notamment une preuve de r\u00e9sidence, une pi\u00e8ce d&#8217;identit\u00e9 et une lettre de motivation dans certains cas.<\/p>\n<h2>Communaut\u00e9, networking et engagement citoyen au coeur du dispositif<\/h2>\n<p>Au-del\u00e0 du simple tourisme, ces \u00e9changes s&#8217;inscrivent dans une logique de construction communautaire et de networking entre jeunes Europ\u00e9ens. Chaque programme est con\u00e7u pour favoriser les rencontres, le dialogue interculturel et le d\u00e9veloppement de comp\u00e9tences sociales essentielles.<\/p>\n<p>Selon les donn\u00e9es publi\u00e9es par la mairie, les \u00e9ditions pr\u00e9c\u00e9dentes ont permis \u00e0 plusieurs centaines de jeunes Murciens de participer \u00e0 ces exp\u00e9riences. En 2025, plus de 300 jeunes avaient b\u00e9n\u00e9fici\u00e9 du dispositif, avec un taux de satisfaction sup\u00e9rieur \u00e0 90 % selon les \u00e9valuations post-s\u00e9jour r\u00e9alis\u00e9es par les services municipaux.<\/p>\n<p>Ces chiffres t\u00e9moignent de l&#8217;engouement croissant pour ce type d&#8217;initiative. La mairie de Murcie investit chaque ann\u00e9e des ressources importantes pour maintenir et d\u00e9velopper ce programme, consciente que la mobilit\u00e9 europ\u00e9enne des jeunes constitue un levier puissant d&#8217;int\u00e9gration sociale et de d\u00e9veloppement personnel.<\/p>\n<blockquote class=\"ml-2 border-l-4 border-border-300\/10 pl-4 text-text-300\">\n<p class=\"font-claude-response-body break-words whitespace-normal leading-[1.7]\"><em>\u00ab Participer \u00e0 un \u00e9change europ\u00e9en, c&#8217;est revenir transform\u00e9 : on repart avec de nouvelles amiti\u00e9s, une autre vision du monde et une confiance en soi renforc\u00e9e. \u00bb<\/em> T\u00e9moignage d&#8217;un participant, programme \u00c9changes Jeunes 2025, Murcie<\/p>\n<\/blockquote>\n<p>Les \u00e9changes sont \u00e9galement pens\u00e9s comme des espaces de networking entre associations, collectivit\u00e9s et organisations de jeunesse \u00e0 l&#8217;\u00e9chelle europ\u00e9enne. Des partenariats solides ont \u00e9t\u00e9 nou\u00e9s avec des structures homologues dans les pays d&#8217;accueil, garantissant un encadrement de qualit\u00e9 et des programmes adapt\u00e9s aux besoins des participants.<\/p>\n<p>Par ailleurs, plusieurs des projets propos\u00e9s s&#8217;inscrivent dans le cadre du programme Erasmus+, cofinanc\u00e9 par l&#8217;Union europ\u00e9enne. Ce soutien financier europ\u00e9en permet de multiplier les destinations disponibles et d&#8217;augmenter le nombre de places offertes chaque ann\u00e9e, contribuant ainsi \u00e0 d\u00e9mocratiser l&#8217;acc\u00e8s \u00e0 la mobilit\u00e9 internationale pour les jeunes issus de tous les milieux.<\/p>\n<p>Les jeunes int\u00e9ress\u00e9s sont invit\u00e9s \u00e0 consulter le site officiel de la mairie de Murcie pour obtenir la liste compl\u00e8te des destinations, les crit\u00e8res d&#8217;\u00e9ligibilit\u00e9, les dates de s\u00e9jour et les modalit\u00e9s d&#8217;inscription. Les services jeunesse de la municipalit\u00e9 sont \u00e9galement disponibles pour r\u00e9pondre aux questions et accompagner les candidats dans la constitution de leur dossier.<\/p>\n<p>Cette initiative s&#8217;inscrit dans une politique municipale plus large de soutien \u00e0 la jeunesse, qui comprend \u00e9galement des programmes de formation, d&#8217;insertion professionnelle et d&#8217;animation locale. La mairie de Murcie affirme ainsi sa volont\u00e9 de faire de la ville un espace ouvert, dynamique et tourn\u00e9 vers l&#8217;avenir pour ses jeunes habitants.<\/p>\n<p>L&#8217;ouverture de ces inscriptions constitue donc une excellente nouvelle pour tous les jeunes Murciens d\u00e9sireux de s&#8217;ouvrir \u00e0 l&#8217;Europe, de tisser des liens durables avec leurs pairs d&#8217;autres pays et de vivre une exp\u00e9rience humaine et culturelle enrichissante. Les places \u00e9tant limit\u00e9es, il est vivement conseill\u00e9 de ne pas tarder \u00e0 d\u00e9poser sa candidature.<\/p>\n<p><em>Sources et photo: R\u00e9daction LCE (avec l&#8217;aide de l&#8217;IA)<\/em><\/p>\n<hr style=\"border: none;border-top: 1px solid #000000;margin: 24px 0\" \/>\t\t\t\t\t\t\t\t<\/div>\n<div class=\"elementor-element elementor-element-4fdc643 elementor-widget elementor-widget-html\" data-id=\"4fdc643\" data-element_type=\"widget\" data-e-type=\"widget\" data-widget_type=\"html.default\">\n\t\t\t\t\t\t\t\t\t<\/div>\n<\/p><\/div>\n<\/p><\/div>\n<\/p><\/div>\n","protected":false},"excerpt":{"rendered":"<p>La mairie de Murcie lance officiellement les inscriptions pour les \u00c9changes Jeunes 2026, un programme ambitieux qui propose \u00e0 la jeunesse locale de d\u00e9couvrir l&#8217;Europe \u00e0 travers des s\u00e9jours culturels et citoyens. Plus d&#8217;une dizaine de destinations sont au programme, offrant une opportunit\u00e9 unique de rencontres, d&#8217;apprentissages et de d\u00e9couvertes pour les jeunes Murciens. Un [&hellip;]<\/p>\n","protected":false},"author":13,"featured_media":76036,"comment_status":"open","ping_status":"closed","sticky":false,"template":"","format":"standard","meta":{"om_disable_all_campaigns":false,"_monsterinsights_skip_tracking":false,"_monsterinsights_sitenote_active":false,"_monsterinsights_sitenote_note":"","_monsterinsights_sitenote_category":0,"_uf_show_specific_survey":0,"_uf_disable_surveys":false,"footnotes":""},"categories":[4509],"tags":[4851,1040,660],"class_list":["post-76035","post","type-post","status-publish","format-standard","has-post-thumbnail","hentry","category-uncategorized","tag-echanges-jeunes-2026","tag-murcia","tag-tourisme"],"acf":[],"_links":{"self":[{"href":"https:\/\/immo.lecourrier.es\/index.php\/wp-json\/wp\/v2\/posts\/76035","targetHints":{"allow":["GET"]}}],"collection":[{"href":"https:\/\/immo.lecourrier.es\/index.php\/wp-json\/wp\/v2\/posts"}],"about":[{"href":"https:\/\/immo.lecourrier.es\/index.php\/wp-json\/wp\/v2\/types\/post"}],"author":[{"embeddable":true,"href":"https:\/\/immo.lecourrier.es\/index.php\/wp-json\/wp\/v2\/users\/13"}],"replies":[{"embeddable":true,"href":"https:\/\/immo.lecourrier.es\/index.php\/wp-json\/wp\/v2\/comments?post=76035"}],"version-history":[{"count":0,"href":"https:\/\/immo.lecourrier.es\/index.php\/wp-json\/wp\/v2\/posts\/76035\/revisions"}],"wp:featuredmedia":[{"embeddable":true,"href":"https:\/\/immo.lecourrier.es\/index.php\/wp-json\/wp\/v2\/media\/76036"}],"wp:attachment":[{"href":"https:\/\/immo.lecourrier.es\/index.php\/wp-json\/wp\/v2\/media?parent=76035"}],"wp:term":[{"taxonomy":"category","embeddable":true,"href":"https:\/\/immo.lecourrier.es\/index.php\/wp-json\/wp\/v2\/categories?post=76035"},{"taxonomy":"post_tag","embeddable":true,"href":"https:\/\/immo.lecourrier.es\/index.php\/wp-json\/wp\/v2\/tags?post=76035"}],"curies":[{"name":"wp","href":"https:\/\/api.w.org\/{rel}","templated":true}]}}