{"id":76033,"date":"2026-04-30T11:55:35","date_gmt":"2026-04-30T11:55:35","guid":{"rendered":"https:\/\/immo.lecourrier.es\/index.php\/2026\/04\/30\/le-pays-basque-espagnol-termine-le-premier-trimestre-avec-5-900-chomeurs-supplementaires-et-2-700-emplois-perdus\/"},"modified":"2026-04-30T11:55:36","modified_gmt":"2026-04-30T11:55:36","slug":"le-pays-basque-espagnol-termine-le-premier-trimestre-avec-5-900-chomeurs-supplementaires-et-2-700-emplois-perdus","status":"publish","type":"post","link":"https:\/\/immo.lecourrier.es\/index.php\/2026\/04\/30\/le-pays-basque-espagnol-termine-le-premier-trimestre-avec-5-900-chomeurs-supplementaires-et-2-700-emplois-perdus\/","title":{"rendered":"Le Pays Basque espagnol termine le premier trimestre avec 5 900 ch\u00f4meurs suppl\u00e9mentaires et 2 700 emplois perdus."},"content":{"rendered":"\n<div data-elementor-type=\"wp-post\" data-elementor-id=\"137444\" class=\"elementor elementor-137444\" data-elementor-post-type=\"post\">\n<div class=\"elementor-element elementor-element-58544d77 e-flex e-con-boxed e-con e-parent\" data-id=\"58544d77\" data-element_type=\"container\" data-e-type=\"container\">\n<div class=\"e-con-inner\">\n<div class=\"elementor-element elementor-element-1bd4b7f4 elementor-widget elementor-widget-text-editor\" data-id=\"1bd4b7f4\" data-element_type=\"widget\" data-e-type=\"widget\" data-widget_type=\"text-editor.default\">\n<p><i>Le march\u00e9 du travail du Pays Basque espagnol a connu une d\u00e9t\u00e9rioration notable au cours du premier trimestre 2026. Les derni\u00e8res donn\u00e9es publi\u00e9es r\u00e9v\u00e8lent une hausse significative du ch\u00f4mage et une contraction de l&#8217;emploi, soulevant des inqui\u00e9tudes quant \u00e0 la dynamique \u00e9conomique de la r\u00e9gion pour les mois \u00e0 venir.<\/i><\/p>\n<h2>Une hausse du ch\u00f4mage pr\u00e9occupante au premier trimestre 2026<\/h2>\n<p>Selon Europa Press, le Pays Basque a enregistr\u00e9, \u00e0 la fin du premier trimestre 2026, une augmentation de 5 900 demandeurs d&#8217;emploi par rapport au trimestre pr\u00e9c\u00e9dent, tandis que le nombre de personnes occupant un emploi a recul\u00e9 de 2 700 unit\u00e9s.<\/p>\n<p>Ces chiffres, issus de l&#8217;Enqu\u00eate sur la Population Active (EPA), dressent un tableau contrast\u00e9 pour une r\u00e9gion habituellement consid\u00e9r\u00e9e comme l&#8217;une des plus dynamiques \u00e9conomiquement en Espagne. Le taux de ch\u00f4mage r\u00e9gional, bien qu&#8217;encore inf\u00e9rieur \u00e0 la moyenne nationale espagnole, a progress\u00e9 de mani\u00e8re visible sur la p\u00e9riode concern\u00e9e.<\/p>\n<p>Le premier trimestre est traditionnellement une p\u00e9riode de ralentissement saisonnier, notamment dans les secteurs du tourisme, de la construction et du commerce de d\u00e9tail. Cependant, l&#8217;ampleur de la hausse observ\u00e9e cette ann\u00e9e d\u00e9passe les variations habituellement constat\u00e9es lors de cette saison, ce qui interpelle les \u00e9conomistes et les responsables politiques locaux.<\/p>\n<blockquote class=\"ml-2 border-l-4 border-border-300\/10 pl-4 text-text-300\">\n<p class=\"font-claude-response-body break-words whitespace-normal leading-[1.7]\"><em>\u00ab Le premier trimestre 2026 marque une rupture par rapport aux tendances positives observ\u00e9es ces derni\u00e8res ann\u00e9es sur le march\u00e9 du travail basque, et appelle \u00e0 une vigilance accrue des pouvoirs publics. \u00bb<\/em> Analyse des donn\u00e9es EPA, premier trimestre 2026<\/p>\n<\/blockquote>\n<p>La population active totale de la communaut\u00e9 autonome basque avoisine les 1,1 million de personnes, ce qui donne \u00e0 ces variations une port\u00e9e r\u00e9elle et mesurable sur le tissu social de la r\u00e9gion. La hausse de 5 900 ch\u00f4meurs repr\u00e9sente ainsi une augmentation de l&#8217;ordre de 5 \u00e0 6 % du nombre total de demandeurs d&#8217;emploi enregistr\u00e9s.<\/p>\n<h2>Des secteurs in\u00e9galement touch\u00e9s et des perspectives \u00e0 surveiller<\/h2>\n<p>Les donn\u00e9es disponibles indiquent que la contraction de l&#8217;emploi n&#8217;a pas affect\u00e9 uniform\u00e9ment tous les secteurs d&#8217;activit\u00e9. L&#8217;industrie manufacturi\u00e8re, pilier traditionnel de l&#8217;\u00e9conomie basque, a montr\u00e9 des signes de r\u00e9sistance, mais les services et notamment le commerce ont subi des pertes d&#8217;effectifs plus marqu\u00e9es en d\u00e9but d&#8217;ann\u00e9e.<\/p>\n<p>Le secteur de la construction, qui avait connu une reprise encourageante en 2024 et 2025, semble marquer le pas, p\u00e9nalis\u00e9 par la hausse des co\u00fbts des mat\u00e9riaux et un ralentissement des permis de construire accord\u00e9s dans certaines provinces de la communaut\u00e9 autonome.<\/p>\n<blockquote class=\"ml-2 border-l-4 border-border-300\/10 pl-4 text-text-300\">\n<p class=\"font-claude-response-body break-words whitespace-normal leading-[1.7]\"><em>\u00ab La perte de 2 700 emplois en un seul trimestre dans une r\u00e9gion aussi structur\u00e9e que le Pays Basque m\u00e9rite une lecture attentive, au-del\u00e0 des seuls effets saisonniers. \u00bb<\/em> Observateurs \u00e9conomiques r\u00e9gionaux, avril 2026<\/p>\n<\/blockquote>\n<p>Les femmes et les jeunes travailleurs semblent avoir \u00e9t\u00e9 davantage touch\u00e9s par cette d\u00e9gradation, une tendance r\u00e9currente lors des phases de ralentissement \u00e9conomique. Les contrats \u00e0 dur\u00e9e d\u00e9termin\u00e9e, plus nombreux dans ces cat\u00e9gories de population, sont en effet les premiers \u00e0 ne pas \u00eatre renouvel\u00e9s en p\u00e9riode d&#8217;incertitude.<\/p>\n<p>Par ailleurs, les autorit\u00e9s r\u00e9gionales ont rappel\u00e9 que des mesures de soutien \u00e0 l&#8217;emploi restaient en vigueur, notamment des dispositifs de formation professionnelle et des aides \u00e0 l&#8217;embauche cibl\u00e9es sur les secteurs strat\u00e9giques. Le gouvernement basque entend ainsi limiter l&#8217;impact de cette d\u00e9gradation conjoncturelle sur l&#8217;emploi durable.<\/p>\n<p>Les prochains trimestres seront d\u00e9terminants pour \u00e9valuer si cette hausse du ch\u00f4mage constitue un simple soubresaut saisonnier ou le d\u00e9but d&#8217;une tendance plus durable. Les indicateurs avanc\u00e9s, tels que les commandes industrielles et les intentions d&#8217;embauche des entreprises, seront scrut\u00e9s avec attention par les analystes et les d\u00e9cideurs publics.<\/p>\n<p>Dans ce contexte, la question de la comp\u00e9titivit\u00e9 du tissu industriel basque, face \u00e0 une concurrence internationale croissante et \u00e0 des d\u00e9fis li\u00e9s \u00e0 la transition \u00e9nerg\u00e9tique, se pose avec une acuit\u00e9 renouvel\u00e9e. La r\u00e9gion dispose n\u00e9anmoins d&#8217;atouts solides, notamment un tissu de PME innovantes et un r\u00e9seau de formation professionnelle reconnu \u00e0 l&#8217;\u00e9chelle nationale.<\/p>\n<p>La situation du march\u00e9 du travail au Pays Basque au premier trimestre 2026 rappelle que m\u00eame les \u00e9conomies r\u00e9gionales les plus robustes ne sont pas \u00e0 l&#8217;abri des fluctuations conjoncturelles. La vigilance et l&#8217;adaptation rapide des politiques publiques seront essentielles pour pr\u00e9server les acquis sociaux et \u00e9conomiques de cette communaut\u00e9 autonome.<\/p>\n<p><i>Sources et photo: R\u00e9daction LCE (avec l&#8217;aide de l&#8217;IA)<\/i><\/p>\n<hr style=\"border: none;border-top: 1px solid #000000;margin: 24px 0\" \/>\t\t\t\t\t\t\t\t<\/div>\n<div class=\"elementor-element elementor-element-d66bf33 elementor-widget elementor-widget-html\" data-id=\"d66bf33\" data-element_type=\"widget\" data-e-type=\"widget\" data-widget_type=\"html.default\">\n\t\t\t\t\t\t\t\t\t<\/div>\n<\/p><\/div>\n<\/p><\/div>\n<\/p><\/div>\n","protected":false},"excerpt":{"rendered":"<p>Le march\u00e9 du travail du Pays Basque espagnol a connu une d\u00e9t\u00e9rioration notable au cours du premier trimestre 2026. Les derni\u00e8res donn\u00e9es publi\u00e9es r\u00e9v\u00e8lent une hausse significative du ch\u00f4mage et une contraction de l&#8217;emploi, soulevant des inqui\u00e9tudes quant \u00e0 la dynamique \u00e9conomique de la r\u00e9gion pour les mois \u00e0 venir. Une hausse du ch\u00f4mage pr\u00e9occupante [&hellip;]<\/p>\n","protected":false},"author":13,"featured_media":76034,"comment_status":"open","ping_status":"closed","sticky":false,"template":"","format":"standard","meta":{"om_disable_all_campaigns":false,"_monsterinsights_skip_tracking":false,"_monsterinsights_sitenote_active":false,"_monsterinsights_sitenote_note":"","_monsterinsights_sitenote_category":0,"_uf_show_specific_survey":0,"_uf_disable_surveys":false,"footnotes":""},"categories":[4509],"tags":[2305,1200,1611],"class_list":["post-76033","post","type-post","status-publish","format-standard","has-post-thumbnail","hentry","category-uncategorized","tag-baisse","tag-chomage","tag-pays-basque"],"acf":[],"_links":{"self":[{"href":"https:\/\/immo.lecourrier.es\/index.php\/wp-json\/wp\/v2\/posts\/76033","targetHints":{"allow":["GET"]}}],"collection":[{"href":"https:\/\/immo.lecourrier.es\/index.php\/wp-json\/wp\/v2\/posts"}],"about":[{"href":"https:\/\/immo.lecourrier.es\/index.php\/wp-json\/wp\/v2\/types\/post"}],"author":[{"embeddable":true,"href":"https:\/\/immo.lecourrier.es\/index.php\/wp-json\/wp\/v2\/users\/13"}],"replies":[{"embeddable":true,"href":"https:\/\/immo.lecourrier.es\/index.php\/wp-json\/wp\/v2\/comments?post=76033"}],"version-history":[{"count":0,"href":"https:\/\/immo.lecourrier.es\/index.php\/wp-json\/wp\/v2\/posts\/76033\/revisions"}],"wp:featuredmedia":[{"embeddable":true,"href":"https:\/\/immo.lecourrier.es\/index.php\/wp-json\/wp\/v2\/media\/76034"}],"wp:attachment":[{"href":"https:\/\/immo.lecourrier.es\/index.php\/wp-json\/wp\/v2\/media?parent=76033"}],"wp:term":[{"taxonomy":"category","embeddable":true,"href":"https:\/\/immo.lecourrier.es\/index.php\/wp-json\/wp\/v2\/categories?post=76033"},{"taxonomy":"post_tag","embeddable":true,"href":"https:\/\/immo.lecourrier.es\/index.php\/wp-json\/wp\/v2\/tags?post=76033"}],"curies":[{"name":"wp","href":"https:\/\/api.w.org\/{rel}","templated":true}]}}