{"id":76027,"date":"2026-04-30T11:50:44","date_gmt":"2026-04-30T11:50:44","guid":{"rendered":"https:\/\/immo.lecourrier.es\/index.php\/2026\/04\/30\/reunion-dinformation-sur-les-aides-exceptionnelles-pour-les-agriculteurs-touches-par-la-serie-de-tempetes\/"},"modified":"2026-04-30T11:50:44","modified_gmt":"2026-04-30T11:50:44","slug":"reunion-dinformation-sur-les-aides-exceptionnelles-pour-les-agriculteurs-touches-par-la-serie-de-tempetes","status":"publish","type":"post","link":"https:\/\/immo.lecourrier.es\/index.php\/2026\/04\/30\/reunion-dinformation-sur-les-aides-exceptionnelles-pour-les-agriculteurs-touches-par-la-serie-de-tempetes\/","title":{"rendered":"R\u00e9union d&#8217;information sur les aides exceptionnelles pour les agriculteurs touch\u00e9s par la s\u00e9rie de temp\u00eates."},"content":{"rendered":"\n<div data-elementor-type=\"wp-post\" data-elementor-id=\"137457\" class=\"elementor elementor-137457\" data-elementor-post-type=\"post\">\n<div class=\"elementor-element elementor-element-1bb5195f e-flex e-con-boxed e-con e-parent\" data-id=\"1bb5195f\" data-element_type=\"container\" data-e-type=\"container\">\n<div class=\"e-con-inner\">\n<div class=\"elementor-element elementor-element-73712fb0 elementor-widget elementor-widget-text-editor\" data-id=\"73712fb0\" data-element_type=\"widget\" data-e-type=\"widget\" data-widget_type=\"text-editor.default\">\n<p><i>Face aux dommages consid\u00e9rables caus\u00e9s par une succession de temp\u00eates hivernales, les autorit\u00e9s espagnoles ont organis\u00e9 une r\u00e9union d&#8217;information destin\u00e9e aux agriculteurs sinistr\u00e9s de la r\u00e9gion de Ja\u00e9n.\u00a0 \u00a0 \u00a0 \u00a0 \u00a0 \u00a0 \u00a0 \u00a0 \u00a0 \u00a0 \u00a0 \u00a0 \u00a0 \u00a0 L&#8217;objectif : pr\u00e9senter les aides exceptionnelles disponibles et guider les exploitants dans leurs d\u00e9marches administratives.<\/i><\/p>\n<h2>Une s\u00e9rie de temp\u00eates aux cons\u00e9quences d\u00e9vastatrices pour l&#8217;agriculture locale<\/h2>\n<p>Depuis le d\u00e9but de l&#8217;ann\u00e9e, la province de Ja\u00e9n, en Andalousie, a \u00e9t\u00e9 frapp\u00e9e par ce que les m\u00e9t\u00e9orologues appellent un &#8220;tren de borrascas&#8221;, soit un encha\u00eenement de perturbations atmosph\u00e9riques successives qui ont frapp\u00e9 le territoire espagnol avec une intensit\u00e9 inhabituelle.<\/p>\n<p>Ces \u00e9pisodes climatiques r\u00e9p\u00e9t\u00e9s ont provoqu\u00e9 des inondations, des glissements de terrain et des vents violents, causant des d\u00e9g\u00e2ts importants sur les exploitations agricoles de la r\u00e9gion. Les oliveraies, qui constituent la colonne vert\u00e9brale de l&#8217;\u00e9conomie agricole locale, ont \u00e9t\u00e9 particuli\u00e8rement touch\u00e9es.<\/p>\n<p>Selon Cadena SER, plusieurs centaines d&#8217;agriculteurs de la comarca ont vu leurs cultures endommag\u00e9es, avec des pertes estim\u00e9es \u00e0 plusieurs millions d&#8217;euros pour l&#8217;ensemble de la zone affect\u00e9e. Certains exploitants rapportent avoir perdu entre 30 et 60 % de leur production annuelle, une situation jug\u00e9e catastrophique par les repr\u00e9sentants du secteur agricole.<\/p>\n<p>Les chiffres sont \u00e9loquents : dans certaines municipalit\u00e9s de la r\u00e9gion, les pr\u00e9cipitations cumul\u00e9es sur trois mois ont d\u00e9pass\u00e9 le double des moyennes saisonni\u00e8res habituelles, selon les donn\u00e9es collect\u00e9es par l&#8217;Agence m\u00e9t\u00e9orologique espagnole (AEMET). Cette accumulation exceptionnelle d&#8217;eau a satur\u00e9 les sols et rendu impossible tout travail agricole pendant plusieurs semaines cons\u00e9cutives.<\/p>\n<blockquote class=\"ml-2 border-l-4 border-border-300\/10 pl-4 text-text-300\">\n<p class=\"font-claude-response-body break-words whitespace-normal leading-[1.7]\"><em>\u00ab Nous n&#8217;avions jamais vu autant de pluie en si peu de temps. Nos champs sont inond\u00e9s depuis des semaines et nous ne savons pas comment nous allons nous en sortir sans une aide urgente de l&#8217;\u00c9tat. \u00bb<\/em> Un agriculteur de J\u00f3dar, lors de la r\u00e9union d&#8217;information<\/p>\n<\/blockquote>\n<p>Face \u00e0 l&#8217;ampleur des d\u00e9g\u00e2ts, les organisations professionnelles agricoles ont rapidement interpell\u00e9 les autorit\u00e9s r\u00e9gionales et nationales pour obtenir une r\u00e9ponse adapt\u00e9e \u00e0 la situation d&#8217;urgence.<\/p>\n<h2>Des aides exceptionnelles pour soutenir les exploitants sinistr\u00e9s<\/h2>\n<p>C&#8217;est dans ce contexte difficile qu&#8217;a \u00e9t\u00e9 organis\u00e9e une r\u00e9union d&#8217;information publique \u00e0 destination des agriculteurs concern\u00e9s. Cet acte informatif visait \u00e0 expliquer en d\u00e9tail les m\u00e9canismes d&#8217;aide mis en place par la Junta de Andaluc\u00eda et le gouvernement central espagnol pour faire face aux cons\u00e9quences de ces intemp\u00e9ries exceptionnelles.<\/p>\n<p>Parmi les dispositifs pr\u00e9sent\u00e9s figurent des subventions directes pour la remise en \u00e9tat des exploitations endommag\u00e9es, des reports de charges sociales et fiscales pour les agriculteurs les plus touch\u00e9s, ainsi que des facilit\u00e9s d&#8217;acc\u00e8s au cr\u00e9dit \u00e0 taux pr\u00e9f\u00e9rentiel via les institutions financi\u00e8res partenaires.<\/p>\n<p>Selon Cadena SER, les aides peuvent couvrir jusqu&#8217;\u00e0 80 % des pertes document\u00e9es pour les exploitations les plus sinistr\u00e9es, sous r\u00e9serve de la constitution d&#8217;un dossier complet aupr\u00e8s des services comp\u00e9tents de la Consejer\u00eda de Agricultura.<\/p>\n<p>Les d\u00e9lais de d\u00e9p\u00f4t des demandes ont \u00e9t\u00e9 fix\u00e9s \u00e0 45 jours \u00e0 compter de la date de publication officielle des d\u00e9crets d&#8217;urgence au Bulletin officiel de la Junta de Andaluc\u00eda. Les repr\u00e9sentants pr\u00e9sents lors de la r\u00e9union ont insist\u00e9 sur l&#8217;importance de respecter scrupuleusement ces d\u00e9lais pour ne pas perdre le b\u00e9n\u00e9fice des aides.<\/p>\n<blockquote class=\"ml-2 border-l-4 border-border-300\/10 pl-4 text-text-300\">\n<p class=\"font-claude-response-body break-words whitespace-normal leading-[1.7]\"><em>\u00ab Ces aides exceptionnelles repr\u00e9sentent une bou\u00e9e de sauvetage pour des familles qui ont tout mis\u00e9 sur leur exploitation. Nous devons nous assurer que chaque agriculteur touch\u00e9 puisse en b\u00e9n\u00e9ficier dans les meilleurs d\u00e9lais. \u00bb<\/em> Un repr\u00e9sentant de la Consejer\u00eda de Agricultura lors de la r\u00e9union d&#8217;information \u00e0 J\u00f3dar<\/p>\n<\/blockquote>\n<p>Par ailleurs, le minist\u00e8re de l&#8217;Agriculture espagnol a \u00e9galement annonc\u00e9 l&#8217;activation du Fonds de calamit\u00e9s agricoles, un m\u00e9canisme national pr\u00e9vu pour les situations de catastrophe naturelle d&#8217;ampleur. Ce fonds permet de mobiliser des ressources suppl\u00e9mentaires lorsque les capacit\u00e9s r\u00e9gionales sont insuffisantes pour r\u00e9pondre \u00e0 l&#8217;ensemble des besoins identifi\u00e9s.<\/p>\n<p>Les techniciens agricoles pr\u00e9sents lors de la r\u00e9union ont \u00e9galement prodigu\u00e9 des conseils pratiques aux exploitants sur les mesures \u00e0 prendre pour limiter les d\u00e9g\u00e2ts futurs et am\u00e9liorer la r\u00e9silience de leurs cultures face aux al\u00e9as climatiques.<\/p>\n<p>Des sessions d&#8217;accompagnement individuel ont \u00e9t\u00e9 propos\u00e9es aux agriculteurs souhaitant obtenir de l&#8217;aide pour constituer leur dossier de demande d&#8217;aide, afin de ne laisser personne sans soutien face \u00e0 la complexit\u00e9 des proc\u00e9dures administratives.<\/p>\n<p>Cette initiative illustre la volont\u00e9 des autorit\u00e9s de ne pas laisser seuls les producteurs locaux face aux cons\u00e9quences d&#8217;un ph\u00e9nom\u00e8ne climatique qui d\u00e9passe largement leur capacit\u00e9 individuelle d&#8217;absorption.<\/p>\n<p>La situation de J\u00f3dar et de ses environs s&#8217;inscrit dans un contexte plus large de d\u00e9r\u00e8glement climatique qui touche l&#8217;ensemble du bassin m\u00e9diterran\u00e9en, avec des \u00e9pisodes m\u00e9t\u00e9orologiques de plus en plus intenses et fr\u00e9quents, mettant \u00e0 rude \u00e9preuve un secteur agricole d\u00e9j\u00e0 fragilis\u00e9 par les al\u00e9as des march\u00e9s et la hausse des co\u00fbts de production.<\/p>\n<p>La mobilisation collective observ\u00e9e lors de cette r\u00e9union t\u00e9moigne de la capacit\u00e9 des communaut\u00e9s rurales espagnoles \u00e0 s&#8217;organiser face \u00e0 l&#8217;adversit\u00e9 et \u00e0 revendiquer les soutiens n\u00e9cessaires \u00e0 leur survie \u00e9conomique. Les prochaines semaines seront d\u00e9terminantes pour mesurer l&#8217;efficacit\u00e9 r\u00e9elle des dispositifs annonc\u00e9s et leur capacit\u00e9 \u00e0 r\u00e9pondre aux besoins concrets des exploitants sinistr\u00e9s de la r\u00e9gion de Ja\u00e9n.<\/p>\n<p><em>Sources et photo: R\u00e9daction LCE (avec l&#8217;aide de l&#8217;IA)<\/em><\/p>\n<hr style=\"border: none;border-top: 1px solid #000000;margin: 24px 0\" \/>\t\t\t\t\t\t\t\t<\/div>\n<div class=\"elementor-element elementor-element-ee585ae elementor-widget elementor-widget-html\" data-id=\"ee585ae\" data-element_type=\"widget\" data-e-type=\"widget\" data-widget_type=\"html.default\">\n\t\t\t\t\t\t\t\t\t<\/div>\n<\/p><\/div>\n<\/p><\/div>\n<\/p><\/div>\n","protected":false},"excerpt":{"rendered":"<p>Face aux dommages consid\u00e9rables caus\u00e9s par une succession de temp\u00eates hivernales, les autorit\u00e9s espagnoles ont organis\u00e9 une r\u00e9union d&#8217;information destin\u00e9e aux agriculteurs sinistr\u00e9s de la r\u00e9gion de Ja\u00e9n.\u00a0 \u00a0 \u00a0 \u00a0 \u00a0 \u00a0 \u00a0 \u00a0 \u00a0 \u00a0 \u00a0 \u00a0 \u00a0 \u00a0 L&#8217;objectif : pr\u00e9senter les aides exceptionnelles disponibles et guider les exploitants dans leurs d\u00e9marches [&hellip;]<\/p>\n","protected":false},"author":13,"featured_media":76028,"comment_status":"open","ping_status":"closed","sticky":false,"template":"","format":"standard","meta":{"om_disable_all_campaigns":false,"_monsterinsights_skip_tracking":false,"_monsterinsights_sitenote_active":false,"_monsterinsights_sitenote_note":"","_monsterinsights_sitenote_category":0,"_uf_show_specific_survey":0,"_uf_disable_surveys":false,"footnotes":""},"categories":[4509],"tags":[4848,4849,604,4850],"class_list":["post-76027","post","type-post","status-publish","format-standard","has-post-thumbnail","hentry","category-uncategorized","tag-agriculteurs","tag-aides-exceptionnelles","tag-andalousie","tag-reunion-dinformation"],"acf":[],"_links":{"self":[{"href":"https:\/\/immo.lecourrier.es\/index.php\/wp-json\/wp\/v2\/posts\/76027","targetHints":{"allow":["GET"]}}],"collection":[{"href":"https:\/\/immo.lecourrier.es\/index.php\/wp-json\/wp\/v2\/posts"}],"about":[{"href":"https:\/\/immo.lecourrier.es\/index.php\/wp-json\/wp\/v2\/types\/post"}],"author":[{"embeddable":true,"href":"https:\/\/immo.lecourrier.es\/index.php\/wp-json\/wp\/v2\/users\/13"}],"replies":[{"embeddable":true,"href":"https:\/\/immo.lecourrier.es\/index.php\/wp-json\/wp\/v2\/comments?post=76027"}],"version-history":[{"count":0,"href":"https:\/\/immo.lecourrier.es\/index.php\/wp-json\/wp\/v2\/posts\/76027\/revisions"}],"wp:featuredmedia":[{"embeddable":true,"href":"https:\/\/immo.lecourrier.es\/index.php\/wp-json\/wp\/v2\/media\/76028"}],"wp:attachment":[{"href":"https:\/\/immo.lecourrier.es\/index.php\/wp-json\/wp\/v2\/media?parent=76027"}],"wp:term":[{"taxonomy":"category","embeddable":true,"href":"https:\/\/immo.lecourrier.es\/index.php\/wp-json\/wp\/v2\/categories?post=76027"},{"taxonomy":"post_tag","embeddable":true,"href":"https:\/\/immo.lecourrier.es\/index.php\/wp-json\/wp\/v2\/tags?post=76027"}],"curies":[{"name":"wp","href":"https:\/\/api.w.org\/{rel}","templated":true}]}}