{"id":76021,"date":"2026-04-30T11:48:03","date_gmt":"2026-04-30T11:48:03","guid":{"rendered":"https:\/\/immo.lecourrier.es\/index.php\/2026\/04\/30\/saint-sebastien-celebre-la-journee-du-livre-avec-des-reductions-des-dedicaces-des-itineraires-litteraires-et-des-prix-pour-les-jeunes-lecteurs\/"},"modified":"2026-04-30T11:48:03","modified_gmt":"2026-04-30T11:48:03","slug":"saint-sebastien-celebre-la-journee-du-livre-avec-des-reductions-des-dedicaces-des-itineraires-litteraires-et-des-prix-pour-les-jeunes-lecteurs","status":"publish","type":"post","link":"https:\/\/immo.lecourrier.es\/index.php\/2026\/04\/30\/saint-sebastien-celebre-la-journee-du-livre-avec-des-reductions-des-dedicaces-des-itineraires-litteraires-et-des-prix-pour-les-jeunes-lecteurs\/","title":{"rendered":"Saint-S\u00e9bastien c\u00e9l\u00e8bre la Journ\u00e9e du Livre avec des r\u00e9ductions, des d\u00e9dicaces, des itin\u00e9raires litt\u00e9raires et des prix pour les jeunes lecteurs."},"content":{"rendered":"\n<div data-elementor-type=\"wp-post\" data-elementor-id=\"137524\" class=\"elementor elementor-137524\" data-elementor-post-type=\"post\">\n<div class=\"elementor-element elementor-element-1dc9689c e-flex e-con-boxed e-con e-parent\" data-id=\"1dc9689c\" data-element_type=\"container\" data-e-type=\"container\">\n<div class=\"e-con-inner\">\n<div class=\"elementor-element elementor-element-40892e83 elementor-widget elementor-widget-text-editor\" data-id=\"40892e83\" data-element_type=\"widget\" data-e-type=\"widget\" data-widget_type=\"text-editor.default\">\n<p><i>Chaque ann\u00e9e, le 23 avril, le monde c\u00e9l\u00e8bre la Journ\u00e9e mondiale du Livre. \u00c0 Saint-S\u00e9bastien, cette date prend une dimension particuli\u00e8re : la ville basque se transforme en un v\u00e9ritable festival de la lecture, r\u00e9unissant libraires, auteurs, familles et passionn\u00e9s de litt\u00e9rature dans une ambiance festive et culturelle unique.<\/i><\/p>\n<h2>Une ville enti\u00e8re mobilis\u00e9e autour de la lecture<\/h2>\n<p>Selon <a href=\"https:\/\/cadenaser.com\/euskadi\/2026\/04\/23\/san-sebastian-celebra-hoy-el-dia-del-libro-con-descuentos-firmas-rutas-literarias-y-premios-a-los-mejores-lectores-infantiles-radio-bilbao\/?utm_source=openai\">Cadena SER (Radio Bilbao)<\/a>, Saint-S\u00e9bastien a organis\u00e9 cette ann\u00e9e une programmation dense et vari\u00e9e pour marquer la Journ\u00e9e du Livre 2026. D\u00e8s l&#8217;ouverture des commerces le matin, les librairies de la ville ont propos\u00e9 des r\u00e9ductions allant jusqu&#8217;\u00e0 10 % sur une large s\u00e9lection de titres, conform\u00e9ment \u00e0 la r\u00e9glementation espagnole qui encadre les promotions dans le secteur du livre.<\/p>\n<p>Plusieurs dizaines d&#8217;auteurs basques et espagnols ont particip\u00e9 \u00e0 des s\u00e9ances de d\u00e9dicaces dans les principales librairies du centre-ville. Ces rencontres, tr\u00e8s attendues par les lecteurs, ont permis un contact direct entre les \u00e9crivains et leur public, renfor\u00e7ant ainsi le lien communautaire autour de la culture litt\u00e9raire locale.<\/p>\n<p>La ville a \u00e9galement mis en place des itin\u00e9raires litt\u00e9raires guid\u00e9s \u00e0 travers les rues de Saint-S\u00e9bastien, permettant aux participants de d\u00e9couvrir les lieux qui ont inspir\u00e9 des \u0153uvres connues ou qui ont accueilli des figures litt\u00e9raires importantes de la r\u00e9gion. Ces promenades culturelles, gratuites et ouvertes \u00e0 tous, ont attir\u00e9 de nombreuses familles et touristes.<\/p>\n<blockquote class=\"ml-2 border-l-4 border-border-300\/10 pl-4 text-text-300\">\n<p class=\"font-claude-response-body break-words whitespace-normal leading-[1.7]\"><em>\u00ab La Journ\u00e9e du Livre n&#8217;est pas seulement une c\u00e9l\u00e9bration commerciale, c&#8217;est avant tout un moment de rencontre entre les habitants et leur patrimoine litt\u00e9raire. \u00bb<\/em> Extrait des d\u00e9clarations d&#8217;un organisateur des \u00e9v\u00e9nements culturels de Saint-S\u00e9bastien, rapport\u00e9es par Cadena SER.<\/p>\n<\/blockquote>\n<p>La participation citoyenne a \u00e9t\u00e9 au rendez-vous : selon les premi\u00e8res estimations communiqu\u00e9es par les organisateurs, plusieurs milliers de personnes ont pris part aux diff\u00e9rentes activit\u00e9s propos\u00e9es tout au long de la journ\u00e9e dans la ville.<\/p>\n<h2>Les jeunes lecteurs \u00e0 l&#8217;honneur : prix et reconnaissance<\/h2>\n<p>L&#8217;un des temps forts de cette \u00e9dition 2026 a \u00e9t\u00e9 la remise de prix aux meilleurs lecteurs infantiles de la ville. Ce concours, organis\u00e9 en amont de la journ\u00e9e par les biblioth\u00e8ques municipales et les \u00e9coles partenaires, a r\u00e9compens\u00e9 des enfants \u00e2g\u00e9s de 6 \u00e0 12 ans pour leur engagement dans la lecture tout au long de l&#8217;ann\u00e9e scolaire.<\/p>\n<p>Selon les donn\u00e9es fournies par la mairie de Saint-S\u00e9bastien, plus de 400 enfants avaient \u00e9t\u00e9 inscrits dans ce programme de lecture encadr\u00e9e, et une trentaine d&#8217;entre eux ont re\u00e7u des distinctions lors de la c\u00e9r\u00e9monie officielle. Les prix remis comprenaient des lots de livres, des abonnements \u00e0 des biblioth\u00e8ques num\u00e9riques et des invitations \u00e0 des ateliers d&#8217;\u00e9criture cr\u00e9ative.<\/p>\n<p>Cette initiative s&#8217;inscrit dans une politique culturelle plus large men\u00e9e par la municipalit\u00e9, qui consid\u00e8re la promotion de la lecture chez les jeunes comme une priorit\u00e9 \u00e9ducative. Selon les chiffres du minist\u00e8re espagnol de la Culture, le taux de lecture r\u00e9guli\u00e8re chez les enfants de 10 \u00e0 14 ans en Espagne atteint environ 67 %, un chiffre en l\u00e9g\u00e8re hausse par rapport aux ann\u00e9es pr\u00e9c\u00e9dentes, notamment gr\u00e2ce \u00e0 des programmes locaux comme celui de Saint-S\u00e9bastien.<\/p>\n<blockquote class=\"ml-2 border-l-4 border-border-300\/10 pl-4 text-text-300\">\n<p class=\"font-claude-response-body break-words whitespace-normal leading-[1.7]\"><em>\u00ab Encourager les enfants \u00e0 lire d\u00e8s le plus jeune \u00e2ge, c&#8217;est leur offrir un outil pour comprendre le monde et d\u00e9velopper leur esprit critique. \u00bb<\/em> Responsable des biblioth\u00e8ques municipales de Saint-S\u00e9bastien, cit\u00e9 par Cadena SER (Radio Bilbao).<\/p>\n<\/blockquote>\n<p>Les biblioth\u00e8ques de la ville ont \u00e9galement prolong\u00e9 leurs horaires d&#8217;ouverture pour l&#8217;occasion, accueillant des ateliers de lecture \u00e0 voix haute, des pr\u00e9sentations de nouveaut\u00e9s \u00e9ditoriales et des animations pour les tout-petits. L&#8217;ensemble de ces activit\u00e9s a contribu\u00e9 \u00e0 faire de cette journ\u00e9e un v\u00e9ritable \u00e9v\u00e9nement communautaire, bien au-del\u00e0 du simple acte d&#8217;achat d&#8217;un livre.<\/p>\n<p>La dimension bilingue de l&#8217;\u00e9v\u00e9nement a aussi \u00e9t\u00e9 soulign\u00e9e : de nombreuses activit\u00e9s se sont d\u00e9roul\u00e9es en basque (euskara) et en espagnol, refl\u00e9tant la r\u00e9alit\u00e9 linguistique et culturelle du Pays basque. Plusieurs auteurs \u00e9crivant en euskara ont \u00e9t\u00e9 mis en avant, dans un souci de valorisation du patrimoine litt\u00e9raire r\u00e9gional.<\/p>\n<p>Cette \u00e9dition 2026 confirme que Saint-S\u00e9bastien reste l&#8217;une des villes espagnoles les plus actives dans la promotion de la culture du livre, combinant accessibilit\u00e9, convivialit\u00e9 et engagement communautaire pour faire de la lecture une f\u00eate partag\u00e9e par tous.<\/p>\n<p><em>Sources et photo : R\u00e9daction LCE (avec l&#8217;aide de l&#8217;IA)<\/em><\/p>\n<hr style=\"border: none;border-top: 1px solid #000000;margin: 24px 0\" \/>\t\t\t\t\t\t\t\t<\/div>\n<div class=\"elementor-element elementor-element-8e24c90 elementor-widget elementor-widget-html\" data-id=\"8e24c90\" data-element_type=\"widget\" data-e-type=\"widget\" data-widget_type=\"html.default\">\n\t\t\t\t\t\t\t\t\t<\/div>\n<\/p><\/div>\n<\/p><\/div>\n<\/p><\/div>\n","protected":false},"excerpt":{"rendered":"<p>Chaque ann\u00e9e, le 23 avril, le monde c\u00e9l\u00e8bre la Journ\u00e9e mondiale du Livre. \u00c0 Saint-S\u00e9bastien, cette date prend une dimension particuli\u00e8re : la ville basque se transforme en un v\u00e9ritable festival de la lecture, r\u00e9unissant libraires, auteurs, familles et passionn\u00e9s de litt\u00e9rature dans une ambiance festive et culturelle unique. Une ville enti\u00e8re mobilis\u00e9e autour de [&hellip;]<\/p>\n","protected":false},"author":13,"featured_media":76022,"comment_status":"open","ping_status":"closed","sticky":false,"template":"","format":"standard","meta":{"om_disable_all_campaigns":false,"_monsterinsights_skip_tracking":false,"_monsterinsights_sitenote_active":false,"_monsterinsights_sitenote_note":"","_monsterinsights_sitenote_category":0,"_uf_show_specific_survey":0,"_uf_disable_surveys":false,"footnotes":""},"categories":[4509],"tags":[2367,2809,1611],"class_list":["post-76021","post","type-post","status-publish","format-standard","has-post-thumbnail","hentry","category-uncategorized","tag-festival","tag-livre","tag-pays-basque"],"acf":[],"_links":{"self":[{"href":"https:\/\/immo.lecourrier.es\/index.php\/wp-json\/wp\/v2\/posts\/76021","targetHints":{"allow":["GET"]}}],"collection":[{"href":"https:\/\/immo.lecourrier.es\/index.php\/wp-json\/wp\/v2\/posts"}],"about":[{"href":"https:\/\/immo.lecourrier.es\/index.php\/wp-json\/wp\/v2\/types\/post"}],"author":[{"embeddable":true,"href":"https:\/\/immo.lecourrier.es\/index.php\/wp-json\/wp\/v2\/users\/13"}],"replies":[{"embeddable":true,"href":"https:\/\/immo.lecourrier.es\/index.php\/wp-json\/wp\/v2\/comments?post=76021"}],"version-history":[{"count":0,"href":"https:\/\/immo.lecourrier.es\/index.php\/wp-json\/wp\/v2\/posts\/76021\/revisions"}],"wp:featuredmedia":[{"embeddable":true,"href":"https:\/\/immo.lecourrier.es\/index.php\/wp-json\/wp\/v2\/media\/76022"}],"wp:attachment":[{"href":"https:\/\/immo.lecourrier.es\/index.php\/wp-json\/wp\/v2\/media?parent=76021"}],"wp:term":[{"taxonomy":"category","embeddable":true,"href":"https:\/\/immo.lecourrier.es\/index.php\/wp-json\/wp\/v2\/categories?post=76021"},{"taxonomy":"post_tag","embeddable":true,"href":"https:\/\/immo.lecourrier.es\/index.php\/wp-json\/wp\/v2\/tags?post=76021"}],"curies":[{"name":"wp","href":"https:\/\/api.w.org\/{rel}","templated":true}]}}