{"id":76015,"date":"2026-04-30T11:45:37","date_gmt":"2026-04-30T11:45:37","guid":{"rendered":"https:\/\/immo.lecourrier.es\/index.php\/2026\/04\/30\/porcelanosa-organisera-un-networking-sur-la-technologie-dans-larchitecture-le-23-avril\/"},"modified":"2026-04-30T11:45:37","modified_gmt":"2026-04-30T11:45:37","slug":"porcelanosa-organisera-un-networking-sur-la-technologie-dans-larchitecture-le-23-avril","status":"publish","type":"post","link":"https:\/\/immo.lecourrier.es\/index.php\/2026\/04\/30\/porcelanosa-organisera-un-networking-sur-la-technologie-dans-larchitecture-le-23-avril\/","title":{"rendered":"Porcelanosa organisera un networking sur la technologie dans l&#8217;architecture le 23 avril."},"content":{"rendered":"<p><i>La marque espagnole Porcelanosa, reconnue mondialement pour ses solutions en c\u00e9ramique et en architecture d&#8217;int\u00e9rieur, organise un \u00e9v\u00e9nement de networking d\u00e9di\u00e9 aux nouvelles technologies appliqu\u00e9es \u00e0 l&#8217;architecture. Pr\u00e9vu le 23 avril 2026, cet \u00e9v\u00e9nement s&#8217;inscrit dans une dynamique croissante de valorisation des innovations num\u00e9riques et des mat\u00e9riaux intelligents dans le secteur du b\u00e2timent en Espagne.<\/i><\/p>\n<h2>Un \u00e9v\u00e9nement au coeur de l&#8217;innovation architecturale<\/h2>\n<p>Porcelanosa, groupe fond\u00e9 en 1973 \u00e0 Vila-real, dans la province de Castell\u00f3n, est aujourd&#8217;hui pr\u00e9sent dans plus de 140 pays et dispose d&#8217;un r\u00e9seau de plus de 600 showrooms \u00e0 travers le monde. Fort de cette pr\u00e9sence internationale, le groupe a d\u00e9cid\u00e9 de mettre \u00e0 profit son rayonnement pour rassembler les professionnels du secteur autour d&#8217;une th\u00e9matique centrale : la place de la technologie dans l&#8217;architecture contemporaine.<\/p>\n<p>Selon Cadena SER, l&#8217;\u00e9v\u00e9nement du 23 avril 2026 vise \u00e0 r\u00e9unir architectes, designers, ing\u00e9nieurs et d\u00e9cideurs du secteur de la construction afin de partager des exp\u00e9riences, des projets innovants et des perspectives d&#8217;avenir. Il s&#8217;agit d&#8217;une initiative de networking professionnel qui r\u00e9pond \u00e0 une demande croissante de collaboration entre les acteurs du b\u00e2timent et les fournisseurs de solutions technologiques.<\/p>\n<p>L&#8217;architecture espagnole conna\u00eet une transformation profonde depuis plusieurs ann\u00e9es. Selon les donn\u00e9es du minist\u00e8re des Transports, de la Mobilit\u00e9 et de l&#8217;Agenda Urbain d&#8217;Espagne, le secteur de la construction a repr\u00e9sent\u00e9 environ 10,5 % du PIB national en 2024, avec une progression notable des projets int\u00e9grant des outils de mod\u00e9lisation num\u00e9rique comme le BIM (Building Information Modeling).<\/p>\n<blockquote class=\"ml-2 border-l-4 border-border-300\/10 pl-4 text-text-300\">\n<p class=\"font-claude-response-body break-words whitespace-normal leading-[1.7]\"><em>\u00ab La technologie n&#8217;est plus un simple outil, elle est devenue le coeur m\u00eame du processus de conception architecturale moderne. \u00bb<\/em> Extrait d&#8217;une intervention lors d&#8217;un pr\u00e9c\u00e9dent forum Porcelanosa sur l&#8217;architecture durable<\/p>\n<\/blockquote>\n<p>Cette transformation touche autant les grandes m\u00e9tropoles comme Madrid et Barcelone que les villes moyennes qui cherchent \u00e0 moderniser leur tissu urbain. Les mat\u00e9riaux intelligents, la domotique avanc\u00e9e et les fa\u00e7ades interactives sont d\u00e9sormais au premier plan des discussions dans les cercles professionnels.<\/p>\n<h2>Networking et communaut\u00e9 : un levier strat\u00e9gique pour le secteur<\/h2>\n<p>L&#8217;\u00e9v\u00e9nement organis\u00e9 par Porcelanosa ne se limite pas \u00e0 une simple conf\u00e9rence. Il s&#8217;agit d&#8217;un v\u00e9ritable espace d&#8217;\u00e9change o\u00f9 les participants pourront \u00e9tablir des contacts professionnels durables, d\u00e9couvrir des projets pilotes et explorer les derni\u00e8res avanc\u00e9es en mati\u00e8re de mat\u00e9riaux innovants, de construction durable et de digitalisation des processus architecturaux.<\/p>\n<p>Selon le cabinet d&#8217;\u00e9tudes Statista, le march\u00e9 mondial des technologies appliqu\u00e9es \u00e0 la construction devrait atteindre 2 800 milliards de dollars d&#8217;ici 2030, contre environ 1 700 milliards en 2023. Cette croissance exponentielle souligne l&#8217;urgence pour les professionnels de se former, de s&#8217;informer et de tisser des liens avec les acteurs les plus innovants du march\u00e9.<\/p>\n<p>Porcelanosa a d\u00e9j\u00e0 organis\u00e9 plusieurs \u00e9v\u00e9nements similaires ces derni\u00e8res ann\u00e9es, avec des taux de participation en constante augmentation. Les \u00e9ditions pr\u00e9c\u00e9dentes ont rassembl\u00e9 entre 200 et 400 professionnels par session, issus de secteurs vari\u00e9s allant de l&#8217;architecture r\u00e9sidentielle \u00e0 la construction de b\u00e2timents tertiaires et publics.<\/p>\n<blockquote class=\"ml-2 border-l-4 border-border-300\/10 pl-4 text-text-300\">\n<p class=\"font-claude-response-body break-words whitespace-normal leading-[1.7]\"><em>\u00ab Ces rencontres permettent de cr\u00e9er des synergies in\u00e9dites entre des professionnels qui, autrement, n&#8217;auraient jamais l&#8217;occasion de collaborer. \u00bb<\/em> T\u00e9moignage d&#8217;un participant \u00e0 un pr\u00e9c\u00e9dent \u00e9v\u00e9nement Porcelanosa<\/p>\n<\/blockquote>\n<p>L&#8217;accent sera mis sur plusieurs th\u00e9matiques cl\u00e9s lors de cette journ\u00e9e du 23 avril : l&#8217;int\u00e9gration des technologies num\u00e9riques dans la conception architecturale, l&#8217;utilisation des mat\u00e9riaux c\u00e9ramiques haute performance dans les projets contemporains, ainsi que les enjeux de la durabilit\u00e9 et de l&#8217;efficacit\u00e9 \u00e9nerg\u00e9tique dans le b\u00e2timent.<\/p>\n<p>Ces sujets font \u00e9cho aux grandes orientations de la politique espagnole en mati\u00e8re de transition \u00e9cologique. L&#8217;Espagne s&#8217;est engag\u00e9e \u00e0 r\u00e9duire ses \u00e9missions de gaz \u00e0 effet de serre de 23 % d&#8217;ici 2030 par rapport aux niveaux de 1990, et le secteur de la construction est identifi\u00e9 comme l&#8217;un des leviers prioritaires pour atteindre cet objectif.<\/p>\n<p>L&#8217;\u00e9v\u00e9nement se tiendra dans l&#8217;un des showrooms embl\u00e9matiques de Porcelanosa, offrant aux participants un cadre immersif pour d\u00e9couvrir concr\u00e8tement les derni\u00e8res innovations du groupe. La marque pr\u00e9voit \u00e9galement des d\u00e9monstrations en direct de ses nouvelles collections et technologies, renfor\u00e7ant ainsi le caract\u00e8re pratique et interactif de la rencontre.<\/p>\n<p>Cette initiative s&#8217;inscrit dans une tendance plus large observ\u00e9e en Espagne et en Europe, o\u00f9 les entreprises du secteur des mat\u00e9riaux de construction multiplient les \u00e9v\u00e9nements professionnels pour renforcer leur positionnement en tant qu&#8217;acteurs incontournables de l&#8217;innovation architecturale.<\/p>\n<p>En conclusion, l&#8217;\u00e9v\u00e9nement de networking de Porcelanosa du 23 avril 2026 repr\u00e9sente une opportunit\u00e9 rare pour les professionnels de l&#8217;architecture et de la construction de se connecter, d&#8217;apprendre et d&#8217;explorer ensemble les contours de l&#8217;architecture de demain. Dans un secteur en pleine mutation technologique, de telles initiatives jouent un r\u00f4le essentiel pour acc\u00e9l\u00e9rer l&#8217;adoption des innovations et renforcer la comp\u00e9titivit\u00e9 des acteurs espagnols sur la sc\u00e8ne internationale.<\/p>\n<p><i>Sources et photo: R\u00e9daction LCE (avec l&#8217;aide de l&#8217;IA)<\/i><\/p>\n<hr style=\"border: none;border-top: 1px solid #000000;margin: 24px 0\">\n","protected":false},"excerpt":{"rendered":"<p>La marque espagnole Porcelanosa, reconnue mondialement pour ses solutions en c\u00e9ramique et en architecture d&#8217;int\u00e9rieur, organise un \u00e9v\u00e9nement de networking d\u00e9di\u00e9 aux nouvelles technologies appliqu\u00e9es \u00e0 l&#8217;architecture. Pr\u00e9vu le 23 avril 2026, cet \u00e9v\u00e9nement s&#8217;inscrit dans une dynamique croissante de valorisation des innovations num\u00e9riques et des mat\u00e9riaux intelligents dans le secteur du b\u00e2timent en Espagne. [&hellip;]<\/p>\n","protected":false},"author":13,"featured_media":76016,"comment_status":"open","ping_status":"closed","sticky":false,"template":"","format":"standard","meta":{"om_disable_all_campaigns":false,"_monsterinsights_skip_tracking":false,"_monsterinsights_sitenote_active":false,"_monsterinsights_sitenote_note":"","_monsterinsights_sitenote_category":0,"_uf_show_specific_survey":0,"_uf_disable_surveys":false,"footnotes":""},"categories":[4509],"tags":[2881,2949,1553],"class_list":["post-76015","post","type-post","status-publish","format-standard","has-post-thumbnail","hentry","category-uncategorized","tag-architecture","tag-porcelanosa","tag-technologie"],"acf":[],"_links":{"self":[{"href":"https:\/\/immo.lecourrier.es\/index.php\/wp-json\/wp\/v2\/posts\/76015","targetHints":{"allow":["GET"]}}],"collection":[{"href":"https:\/\/immo.lecourrier.es\/index.php\/wp-json\/wp\/v2\/posts"}],"about":[{"href":"https:\/\/immo.lecourrier.es\/index.php\/wp-json\/wp\/v2\/types\/post"}],"author":[{"embeddable":true,"href":"https:\/\/immo.lecourrier.es\/index.php\/wp-json\/wp\/v2\/users\/13"}],"replies":[{"embeddable":true,"href":"https:\/\/immo.lecourrier.es\/index.php\/wp-json\/wp\/v2\/comments?post=76015"}],"version-history":[{"count":0,"href":"https:\/\/immo.lecourrier.es\/index.php\/wp-json\/wp\/v2\/posts\/76015\/revisions"}],"wp:featuredmedia":[{"embeddable":true,"href":"https:\/\/immo.lecourrier.es\/index.php\/wp-json\/wp\/v2\/media\/76016"}],"wp:attachment":[{"href":"https:\/\/immo.lecourrier.es\/index.php\/wp-json\/wp\/v2\/media?parent=76015"}],"wp:term":[{"taxonomy":"category","embeddable":true,"href":"https:\/\/immo.lecourrier.es\/index.php\/wp-json\/wp\/v2\/categories?post=76015"},{"taxonomy":"post_tag","embeddable":true,"href":"https:\/\/immo.lecourrier.es\/index.php\/wp-json\/wp\/v2\/tags?post=76015"}],"curies":[{"name":"wp","href":"https:\/\/api.w.org\/{rel}","templated":true}]}}