{"id":76013,"date":"2026-04-30T11:45:33","date_gmt":"2026-04-30T11:45:33","guid":{"rendered":"https:\/\/immo.lecourrier.es\/index.php\/2026\/04\/30\/arival-360-a-valence-un-rendez-vous-incontournable-pour-lhotellerie-et-le-tourisme-experientiel\/"},"modified":"2026-04-30T11:45:33","modified_gmt":"2026-04-30T11:45:33","slug":"arival-360-a-valence-un-rendez-vous-incontournable-pour-lhotellerie-et-le-tourisme-experientiel","status":"publish","type":"post","link":"https:\/\/immo.lecourrier.es\/index.php\/2026\/04\/30\/arival-360-a-valence-un-rendez-vous-incontournable-pour-lhotellerie-et-le-tourisme-experientiel\/","title":{"rendered":"Arival 360 \u00e0 Valence, un rendez-vous incontournable pour l&#8217;h\u00f4tellerie et le tourisme exp\u00e9rientiel."},"content":{"rendered":"\n<div data-elementor-type=\"wp-post\" data-elementor-id=\"137578\" class=\"elementor elementor-137578\" data-elementor-post-type=\"post\">\n<div class=\"elementor-element elementor-element-3054bd2f e-flex e-con-boxed e-con e-parent\" data-id=\"3054bd2f\" data-element_type=\"container\" data-e-type=\"container\">\n<div class=\"e-con-inner\">\n<div class=\"elementor-element elementor-element-69ac1a3b elementor-widget elementor-widget-text-editor\" data-id=\"69ac1a3b\" data-element_type=\"widget\" data-e-type=\"widget\" data-widget_type=\"text-editor.default\">\n<p><i>Du 27 au 29 avril 2026, Valence accueille l&#8217;\u00e9dition Arival 360, l&#8217;un des \u00e9v\u00e9nements les plus attendus du secteur des activit\u00e9s touristiques et de l&#8217;h\u00f4tellerie. Cette ann\u00e9e, la th\u00e9matique H\u00f4tels et Living place l&#8217;h\u00e9bergement au c\u0153ur des nouvelles dynamiques du voyage, \u00e0 l&#8217;heure o\u00f9 les voyageurs cherchent bien plus qu&#8217;un simple toit pour la nuit.<\/i><\/p>\n<h2>Valence, capitale europ\u00e9enne de l&#8217;innovation touristique en 2026<\/h2>\n<p>La ville de Valence, troisi\u00e8me m\u00e9tropole d&#8217;Espagne avec plus de 800 000 habitants, s&#8217;impose comme un terrain id\u00e9al pour accueillir un \u00e9v\u00e9nement de cette envergure. Selon Arival, la conf\u00e9rence rassemblera plusieurs centaines d&#8217;op\u00e9rateurs, d&#8217;h\u00f4teliers et d&#8217;experts du tourisme exp\u00e9rientiel venus de toute l&#8217;Europe et au-del\u00e0.<\/p>\n<p>Le choix de Valence n&#8217;est pas anodin. La ville a enregistr\u00e9 une hausse de 14 % de ses nuit\u00e9es touristiques en 2024 par rapport \u00e0 l&#8217;ann\u00e9e pr\u00e9c\u00e9dente, selon les donn\u00e9es de l&#8217;Institut national de la statistique espagnol. Cette dynamique de croissance en fait une vitrine parfaite pour illustrer les transformations en cours dans le secteur de l&#8217;h\u00e9bergement.<\/p>\n<p>L&#8217;\u00e9v\u00e9nement Arival 360 se distingue des autres salons professionnels par son format immersif. Les participants ne se contentent pas d&#8217;assister \u00e0 des conf\u00e9rences : ils vivent des exp\u00e9riences directement dans la ville h\u00f4te, testent des activit\u00e9s locales et \u00e9changent dans des cadres informels qui favorisent les collaborations concr\u00e8tes.<\/p>\n<blockquote class=\"ml-2 border-l-4 border-border-300\/10 pl-4 text-text-300\">\n<p class=\"font-claude-response-body break-words whitespace-normal leading-[1.7]\"><em>\u00ab Les h\u00f4tels qui int\u00e8grent des exp\u00e9riences locales authentiques dans leur offre voient leur taux de satisfaction client augmenter de plus de 30 % par rapport aux \u00e9tablissements traditionnels. \u00bb<\/em> Selon Arival, rapport annuel sur le tourisme exp\u00e9rientiel 2025<\/p>\n<\/blockquote>\n<p>Cette approche refl\u00e8te une tendance de fond dans le secteur : les voyageurs modernes, notamment les millennials et la g\u00e9n\u00e9ration Z, accordent autant d&#8217;importance \u00e0 ce qu&#8217;ils font pendant leur s\u00e9jour qu&#8217;\u00e0 l&#8217;endroit o\u00f9 ils dorment. Les h\u00f4tels doivent donc repenser leur r\u00f4le et devenir de v\u00e9ritables portes d&#8217;entr\u00e9e vers les exp\u00e9riences locales.<\/p>\n<h2>H\u00f4tels et Living, quand l&#8217;h\u00e9bergement r\u00e9invente son mod\u00e8le<\/h2>\n<p>La th\u00e9matique centrale de cette \u00e9dition, H\u00f4tels et Living, illustre une mutation profonde du secteur h\u00f4telier. De plus en plus d&#8217;\u00e9tablissements cherchent \u00e0 brouiller les fronti\u00e8res entre l&#8217;h\u00f4tel traditionnel, la r\u00e9sidence de courte dur\u00e9e et l&#8217;habitat partag\u00e9. Ce ph\u00e9nom\u00e8ne, souvent d\u00e9sign\u00e9 sous le terme de hospitality living, conna\u00eet une croissance spectaculaire en Europe.<\/p>\n<p>Selon le cabinet de conseil HVS Europe, le segment des h\u00f4tels hybrides et des r\u00e9sidences avec services a progress\u00e9 de 22 % en valeur entre 2023 et 2025 sur le continent europ\u00e9en. En Espagne, ce mouvement est particuli\u00e8rement visible dans des villes comme Barcelone, Madrid et d\u00e9sormais Valence, o\u00f9 de nouveaux concepts d&#8217;h\u00e9bergement \u00e9mergent chaque ann\u00e9e.<\/p>\n<p>L&#8217;Arival 360 de Valence proposera des sessions d\u00e9di\u00e9es \u00e0 ces nouveaux mod\u00e8les, avec des t\u00e9moignages d&#8217;op\u00e9rateurs qui ont r\u00e9ussi \u00e0 transformer leurs \u00e9tablissements en v\u00e9ritables hubs de vie locale. Des ateliers pratiques permettront aux participants d&#8217;explorer des outils num\u00e9riques pour personnaliser l&#8217;exp\u00e9rience client, g\u00e9rer les r\u00e9servations d&#8217;activit\u00e9s directement depuis l&#8217;interface de l&#8217;h\u00f4tel, et mesurer l&#8217;impact \u00e9conomique de ces nouvelles offres.<\/p>\n<blockquote class=\"ml-2 border-l-4 border-border-300\/10 pl-4 text-text-300\">\n<p class=\"font-claude-response-body break-words whitespace-normal leading-[1.7]\"><em>\u00ab L&#8217;avenir de l&#8217;h\u00f4tellerie ne r\u00e9side pas dans les chambres, mais dans les connexions humaines et les exp\u00e9riences que les \u00e9tablissements peuvent faciliter pour leurs clients. \u00bb<\/em> Intervenante lors d&#8217;une pr\u00e9c\u00e9dente \u00e9dition d&#8217;Arival, cit\u00e9e dans le programme officiel 2026<\/p>\n<\/blockquote>\n<p>La question de la durabilit\u00e9 sera \u00e9galement au programme. Selon l&#8217;Organisation mondiale du tourisme, pr\u00e8s de 60 % des voyageurs europ\u00e9ens d\u00e9clarent aujourd&#8217;hui prendre en compte les crit\u00e8res environnementaux dans le choix de leur h\u00e9bergement. Les h\u00f4tels pr\u00e9sents \u00e0 Valence devront r\u00e9pondre \u00e0 cette attente croissante, en int\u00e9grant des pratiques responsables \u00e0 tous les niveaux de leur offre.<\/p>\n<p>Par ailleurs, la ville de Valence elle-m\u00eame s&#8217;est engag\u00e9e dans une strat\u00e9gie de tourisme durable ambitieuse, avec un objectif de r\u00e9duction de 25 % de l&#8217;empreinte carbone li\u00e9e au tourisme d&#8217;ici 2030. Cet engagement municipal renforce la coh\u00e9rence du choix de cette destination pour un \u00e9v\u00e9nement centr\u00e9 sur l&#8217;avenir du secteur.<\/p>\n<p>Les inscriptions pour l&#8217;Arival 360 Valence sont ouvertes sur le site officiel d&#8217;Arival. Les tarifs varient selon le type de pass choisi, avec des options adapt\u00e9es aux ind\u00e9pendants comme aux grandes structures h\u00f4teli\u00e8res.<\/p>\n<p>L&#8217;\u00e9dition 2026 s&#8217;annonce comme un moment charni\u00e8re pour un secteur en pleine transformation, o\u00f9 les fronti\u00e8res entre h\u00e9bergement, exp\u00e9rience et mode de vie continuent de s&#8217;effacer \u00e0 grande vitesse.<\/p>\n<p><i>Sources et photo: R\u00e9daction LCE (avec l&#8217;aide de l&#8217;IA)<\/i><\/p>\n<hr style=\"border: none;border-top: 1px solid #000000;margin: 24px 0\" \/>\n<p>\u00a0<\/p>\n<\/p><\/div>\n<div class=\"elementor-element elementor-element-a98ac0e elementor-widget elementor-widget-html\" data-id=\"a98ac0e\" data-element_type=\"widget\" data-e-type=\"widget\" data-widget_type=\"html.default\">\n\t\t\t\t\t\t\t\t\t<\/div>\n<\/p><\/div>\n<\/p><\/div>\n<\/p><\/div>\n","protected":false},"excerpt":{"rendered":"<p>Du 27 au 29 avril 2026, Valence accueille l&#8217;\u00e9dition Arival 360, l&#8217;un des \u00e9v\u00e9nements les plus attendus du secteur des activit\u00e9s touristiques et de l&#8217;h\u00f4tellerie. Cette ann\u00e9e, la th\u00e9matique H\u00f4tels et Living place l&#8217;h\u00e9bergement au c\u0153ur des nouvelles dynamiques du voyage, \u00e0 l&#8217;heure o\u00f9 les voyageurs cherchent bien plus qu&#8217;un simple toit pour la nuit. [&hellip;]<\/p>\n","protected":false},"author":13,"featured_media":76014,"comment_status":"open","ping_status":"closed","sticky":false,"template":"","format":"standard","meta":{"om_disable_all_campaigns":false,"_monsterinsights_skip_tracking":false,"_monsterinsights_sitenote_active":false,"_monsterinsights_sitenote_note":"","_monsterinsights_sitenote_category":0,"_uf_show_specific_survey":0,"_uf_disable_surveys":false,"footnotes":""},"categories":[4509],"tags":[4847,633,4513,660,272],"class_list":["post-76013","post","type-post","status-publish","format-standard","has-post-thumbnail","hentry","category-uncategorized","tag-arival-360","tag-conference","tag-espagne-hotelerie","tag-tourisme","tag-valence"],"acf":[],"_links":{"self":[{"href":"https:\/\/immo.lecourrier.es\/index.php\/wp-json\/wp\/v2\/posts\/76013","targetHints":{"allow":["GET"]}}],"collection":[{"href":"https:\/\/immo.lecourrier.es\/index.php\/wp-json\/wp\/v2\/posts"}],"about":[{"href":"https:\/\/immo.lecourrier.es\/index.php\/wp-json\/wp\/v2\/types\/post"}],"author":[{"embeddable":true,"href":"https:\/\/immo.lecourrier.es\/index.php\/wp-json\/wp\/v2\/users\/13"}],"replies":[{"embeddable":true,"href":"https:\/\/immo.lecourrier.es\/index.php\/wp-json\/wp\/v2\/comments?post=76013"}],"version-history":[{"count":0,"href":"https:\/\/immo.lecourrier.es\/index.php\/wp-json\/wp\/v2\/posts\/76013\/revisions"}],"wp:featuredmedia":[{"embeddable":true,"href":"https:\/\/immo.lecourrier.es\/index.php\/wp-json\/wp\/v2\/media\/76014"}],"wp:attachment":[{"href":"https:\/\/immo.lecourrier.es\/index.php\/wp-json\/wp\/v2\/media?parent=76013"}],"wp:term":[{"taxonomy":"category","embeddable":true,"href":"https:\/\/immo.lecourrier.es\/index.php\/wp-json\/wp\/v2\/categories?post=76013"},{"taxonomy":"post_tag","embeddable":true,"href":"https:\/\/immo.lecourrier.es\/index.php\/wp-json\/wp\/v2\/tags?post=76013"}],"curies":[{"name":"wp","href":"https:\/\/api.w.org\/{rel}","templated":true}]}}