{"id":76011,"date":"2026-04-30T11:40:59","date_gmt":"2026-04-30T11:40:59","guid":{"rendered":"https:\/\/immo.lecourrier.es\/index.php\/2026\/04\/30\/les-nuitees-dans-les-hotels-de-castille-et-leon-augmentent-de-04\/"},"modified":"2026-04-30T11:40:59","modified_gmt":"2026-04-30T11:40:59","slug":"les-nuitees-dans-les-hotels-de-castille-et-leon-augmentent-de-04","status":"publish","type":"post","link":"https:\/\/immo.lecourrier.es\/index.php\/2026\/04\/30\/les-nuitees-dans-les-hotels-de-castille-et-leon-augmentent-de-04\/","title":{"rendered":"Les nuit\u00e9es dans les h\u00f4tels de Castille-et-Le\u00f3n augmentent de 0,4%."},"content":{"rendered":"\n<div data-elementor-type=\"wp-post\" data-elementor-id=\"137575\" class=\"elementor elementor-137575\" data-elementor-post-type=\"post\">\n<div class=\"elementor-element elementor-element-16b5d393 e-flex e-con-boxed e-con e-parent\" data-id=\"16b5d393\" data-element_type=\"container\" data-e-type=\"container\">\n<div class=\"e-con-inner\">\n<div class=\"elementor-element elementor-element-2fa162b6 elementor-widget elementor-widget-text-editor\" data-id=\"2fa162b6\" data-element_type=\"widget\" data-e-type=\"widget\" data-widget_type=\"text-editor.default\">\n<p><i>Le secteur h\u00f4telier de Castille-et-Le\u00f3n affiche une l\u00e9g\u00e8re progression au d\u00e9but de l&#8217;ann\u00e9e 2026. Selon les derni\u00e8res donn\u00e9es disponibles, les nuit\u00e9es enregistr\u00e9es dans les \u00e9tablissements h\u00f4teliers de cette r\u00e9gion du nord de l&#8217;Espagne ont progress\u00e9 de 0,4 % par rapport \u00e0 la m\u00eame p\u00e9riode de l&#8217;ann\u00e9e pr\u00e9c\u00e9dente. Un chiffre modeste, mais qui t\u00e9moigne d&#8217;une tendance positive dans un contexte touristique encore marqu\u00e9 par des incertitudes \u00e9conomiques et une concurrence accrue entre les destinations europ\u00e9ennes.<\/i><\/p>\n<h2>Une progression modeste mais significative pour la r\u00e9gion<\/h2>\n<p>Selon Diario de Castilla y Le\u00f3n, les \u00e9tablissements h\u00f4teliers de la communaut\u00e9 autonome ont enregistr\u00e9 une hausse de 0,4 % du nombre de nuit\u00e9es sur les premiers mois de l&#8217;ann\u00e9e 2026. Ce chiffre, bien que discret, repr\u00e9sente une consolidation de la fr\u00e9quentation touristique dans une r\u00e9gion qui mise de plus en plus sur son patrimoine historique, ses paysages naturels et sa gastronomie pour attirer les visiteurs.<\/p>\n<p>Cette progression s&#8217;inscrit dans une dynamique plus large observ\u00e9e \u00e0 l&#8217;\u00e9chelle nationale. Selon l&#8217;Institut national de la statistique espagnol (INE), le tourisme int\u00e9rieur et international continue de soutenir le secteur de l&#8217;h\u00e9bergement dans les r\u00e9gions moins expos\u00e9es que des destinations phares comme la Catalogne, les \u00celes Canaries ou la Communaut\u00e9 de Madrid.<\/p>\n<p>La Castille-et-Le\u00f3n, qui regroupe neuf provinces dont Burgos, Salamanque, Valladolid et S\u00e9govie, dispose d&#8217;une offre h\u00f4teli\u00e8re diversifi\u00e9e. On y recense plusieurs centaines d&#8217;\u00e9tablissements class\u00e9s, allant des petits h\u00f4tels ruraux aux complexes urbains de cat\u00e9gorie sup\u00e9rieure. La r\u00e9gion b\u00e9n\u00e9ficie notamment de l&#8217;attrait de la ville de Le\u00f3n, dont la cath\u00e9drale gothique et le Camino de Santiago continuent de drainer des flux importants de visiteurs tout au long de l&#8217;ann\u00e9e.<\/p>\n<blockquote class=\"ml-2 border-l-4 border-border-300\/10 pl-4 text-text-300\">\n<p class=\"font-claude-response-body break-words whitespace-normal leading-[1.7]\"><em>\u00ab Les nuit\u00e9es h\u00f4teli\u00e8res en Castille-et-Le\u00f3n progressent de fa\u00e7on r\u00e9guli\u00e8re, port\u00e9es par un tourisme de qualit\u00e9 qui valorise le patrimoine et l&#8217;authenticit\u00e9 de la r\u00e9gion. \u00bb<\/em> Diario de Castilla y Le\u00f3n, avril 2026<\/p>\n<\/blockquote>\n<p>La dur\u00e9e moyenne de s\u00e9jour reste stable autour de 1,8 nuit par visiteur, un chiffre caract\u00e9ristique des destinations de tourisme culturel et de passage, o\u00f9 les voyageurs combinent souvent plusieurs \u00e9tapes au sein d&#8217;un m\u00eame circuit.<\/p>\n<h2>Les facteurs qui soutiennent la fr\u00e9quentation h\u00f4teli\u00e8re<\/h2>\n<p>Plusieurs \u00e9l\u00e9ments expliquent cette l\u00e9g\u00e8re hausse de la fr\u00e9quentation dans les h\u00f4tels de Castille-et-Le\u00f3n. En premier lieu, le d\u00e9veloppement du tourisme de proximit\u00e9, port\u00e9 par les r\u00e9sidents espagnols des grandes m\u00e9tropoles comme Madrid ou Barcelone, qui choisissent de plus en plus les escapades de week-end dans des destinations authentiques et accessibles.<\/p>\n<p>Selon le journal El Mundo, les r\u00e9gions de l&#8217;int\u00e9rieur de l&#8217;Espagne b\u00e9n\u00e9ficient d&#8217;un regain d&#8217;int\u00e9r\u00eat depuis la p\u00e9riode post-pand\u00e9mie, les voyageurs cherchant des exp\u00e9riences moins satur\u00e9es et plus proches de la nature. La Castille-et-Le\u00f3n, avec ses vastes espaces naturels, ses villages m\u00e9di\u00e9vaux et ses routes gastronomiques, r\u00e9pond parfaitement \u00e0 cette demande croissante.<\/p>\n<p>Le tourisme international joue \u00e9galement un r\u00f4le non n\u00e9gligeable. Les visiteurs en provenance de France, d&#8217;Allemagne, du Royaume-Uni et des \u00c9tats-Unis repr\u00e9sentent une part significative des nuit\u00e9es enregistr\u00e9es, attir\u00e9s notamment par des villes comme Salamanque, class\u00e9e au patrimoine mondial de l&#8217;UNESCO, et par les itin\u00e9raires du Camino de Santiago qui traversent la r\u00e9gion.<\/p>\n<p>Par ailleurs, les autorit\u00e9s r\u00e9gionales ont investi dans des campagnes de promotion touristique cibl\u00e9es, notamment sur les march\u00e9s europ\u00e9ens et nord-am\u00e9ricains. Ces efforts commencent \u00e0 porter leurs fruits, m\u00eame si les professionnels du secteur appellent \u00e0 maintenir un niveau d&#8217;investissement \u00e9lev\u00e9 pour rester comp\u00e9titif face \u00e0 d&#8217;autres destinations espagnoles mieux dot\u00e9es en infrastructures et en notori\u00e9t\u00e9 internationale.<\/p>\n<blockquote class=\"ml-2 border-l-4 border-border-300\/10 pl-4 text-text-300\">\n<p class=\"font-claude-response-body break-words whitespace-normal leading-[1.7]\"><em>\u00ab Le tourisme culturel et patrimonial est un levier essentiel pour les r\u00e9gions de l&#8217;int\u00e9rieur, qui doivent miser sur la qualit\u00e9 de l&#8217;exp\u00e9rience plut\u00f4t que sur le volume. \u00bb<\/em> F\u00e9d\u00e9ration espagnole des h\u00f4tels et du tourisme, rapport 2025<\/p>\n<\/blockquote>\n<p>Les professionnels du secteur h\u00f4telier de la r\u00e9gion soulignent \u00e9galement l&#8217;importance de la modernisation des \u00e9tablissements. Plusieurs h\u00f4tels ont entrepris des travaux de r\u00e9novation ces derni\u00e8res ann\u00e9es pour am\u00e9liorer leur offre et r\u00e9pondre aux nouvelles exigences des voyageurs en mati\u00e8re de confort, de durabilit\u00e9 et de connectivit\u00e9 num\u00e9rique.<\/p>\n<p>Enfin, la mont\u00e9e en puissance des plateformes de r\u00e9servation en ligne et des avis de voyageurs a contribu\u00e9 \u00e0 am\u00e9liorer la visibilit\u00e9 des \u00e9tablissements de la r\u00e9gion \u00e0 l&#8217;\u00e9chelle internationale, permettant \u00e0 de petits h\u00f4tels ruraux de toucher une client\u00e8le qu&#8217;ils n&#8217;auraient pas pu atteindre autrement.<\/p>\n<p>La hausse de 0,4 % des nuit\u00e9es h\u00f4teli\u00e8res en Castille-et-Le\u00f3n est un signal encourageant pour une r\u00e9gion qui mise sur un tourisme durable et de qualit\u00e9. Si la progression reste modeste, elle confirme que la destination dispose d&#8217;atouts solides pour continuer \u00e0 d\u00e9velopper son attractivit\u00e9. Les prochains mois, notamment la saison estivale et les p\u00e9riodes de p\u00e8lerinage sur le Camino de Santiago, seront d\u00e9terminants pour consolider cette tendance et \u00e9valuer la capacit\u00e9 de la r\u00e9gion \u00e0 transformer ses visiteurs de passage en ambassadeurs fid\u00e8les.<\/p>\n<p><i>Sources et photo: R\u00e9daction LCE (avec l&#8217;aide de l&#8217;IA)<\/i><\/p>\n<hr style=\"border: none;border-top: 1px solid #000000;margin: 24px 0\" \/>\n<p>\u00a0<\/p>\n<\/p><\/div>\n<div class=\"elementor-element elementor-element-a262b76 elementor-widget elementor-widget-html\" data-id=\"a262b76\" data-element_type=\"widget\" data-e-type=\"widget\" data-widget_type=\"html.default\">\n\t\t\t\t\t\t\t\t\t<\/div>\n<\/p><\/div>\n<\/p><\/div>\n<\/p><\/div>\n","protected":false},"excerpt":{"rendered":"<p>Le secteur h\u00f4telier de Castille-et-Le\u00f3n affiche une l\u00e9g\u00e8re progression au d\u00e9but de l&#8217;ann\u00e9e 2026. Selon les derni\u00e8res donn\u00e9es disponibles, les nuit\u00e9es enregistr\u00e9es dans les \u00e9tablissements h\u00f4teliers de cette r\u00e9gion du nord de l&#8217;Espagne ont progress\u00e9 de 0,4 % par rapport \u00e0 la m\u00eame p\u00e9riode de l&#8217;ann\u00e9e pr\u00e9c\u00e9dente. Un chiffre modeste, mais qui t\u00e9moigne d&#8217;une tendance [&hellip;]<\/p>\n","protected":false},"author":13,"featured_media":76012,"comment_status":"open","ping_status":"closed","sticky":false,"template":"","format":"standard","meta":{"om_disable_all_campaigns":false,"_monsterinsights_skip_tracking":false,"_monsterinsights_sitenote_active":false,"_monsterinsights_sitenote_note":"","_monsterinsights_sitenote_category":0,"_uf_show_specific_survey":0,"_uf_disable_surveys":false,"footnotes":""},"categories":[4509],"tags":[4846,4838,749],"class_list":["post-76011","post","type-post","status-publish","format-standard","has-post-thumbnail","hentry","category-uncategorized","tag-augmentation-tarifs","tag-castille-et-leon","tag-hotel"],"acf":[],"_links":{"self":[{"href":"https:\/\/immo.lecourrier.es\/index.php\/wp-json\/wp\/v2\/posts\/76011","targetHints":{"allow":["GET"]}}],"collection":[{"href":"https:\/\/immo.lecourrier.es\/index.php\/wp-json\/wp\/v2\/posts"}],"about":[{"href":"https:\/\/immo.lecourrier.es\/index.php\/wp-json\/wp\/v2\/types\/post"}],"author":[{"embeddable":true,"href":"https:\/\/immo.lecourrier.es\/index.php\/wp-json\/wp\/v2\/users\/13"}],"replies":[{"embeddable":true,"href":"https:\/\/immo.lecourrier.es\/index.php\/wp-json\/wp\/v2\/comments?post=76011"}],"version-history":[{"count":0,"href":"https:\/\/immo.lecourrier.es\/index.php\/wp-json\/wp\/v2\/posts\/76011\/revisions"}],"wp:featuredmedia":[{"embeddable":true,"href":"https:\/\/immo.lecourrier.es\/index.php\/wp-json\/wp\/v2\/media\/76012"}],"wp:attachment":[{"href":"https:\/\/immo.lecourrier.es\/index.php\/wp-json\/wp\/v2\/media?parent=76011"}],"wp:term":[{"taxonomy":"category","embeddable":true,"href":"https:\/\/immo.lecourrier.es\/index.php\/wp-json\/wp\/v2\/categories?post=76011"},{"taxonomy":"post_tag","embeddable":true,"href":"https:\/\/immo.lecourrier.es\/index.php\/wp-json\/wp\/v2\/tags?post=76011"}],"curies":[{"name":"wp","href":"https:\/\/api.w.org\/{rel}","templated":true}]}}