{"id":76009,"date":"2026-04-30T11:40:53","date_gmt":"2026-04-30T11:40:53","guid":{"rendered":"https:\/\/immo.lecourrier.es\/index.php\/2026\/04\/30\/castille-et-leon-terre-davenir-pour-la-bioenergie-europeenne-selon-lasaja\/"},"modified":"2026-04-30T11:40:53","modified_gmt":"2026-04-30T11:40:53","slug":"castille-et-leon-terre-davenir-pour-la-bioenergie-europeenne-selon-lasaja","status":"publish","type":"post","link":"https:\/\/immo.lecourrier.es\/index.php\/2026\/04\/30\/castille-et-leon-terre-davenir-pour-la-bioenergie-europeenne-selon-lasaja\/","title":{"rendered":"Castille-et-Le\u00f3n, terre d&#8217;avenir pour la bio\u00e9nergie europ\u00e9enne selon l&#8217;ASAJA."},"content":{"rendered":"\n<div data-elementor-type=\"wp-post\" data-elementor-id=\"137582\" class=\"elementor elementor-137582\" data-elementor-post-type=\"post\">\n<div class=\"elementor-element elementor-element-769b5c66 e-flex e-con-boxed e-con e-parent\" data-id=\"769b5c66\" data-element_type=\"container\" data-e-type=\"container\">\n<div class=\"e-con-inner\">\n<div class=\"elementor-element elementor-element-2f3a8287 elementor-widget elementor-widget-text-editor\" data-id=\"2f3a8287\" data-element_type=\"widget\" data-e-type=\"widget\" data-widget_type=\"text-editor.default\">\n<p><i>Alors que l&#8217;Union europ\u00e9enne acc\u00e9l\u00e8re sa transition \u00e9nerg\u00e9tique, la r\u00e9gion espagnole de Castille-et-Le\u00f3n se positionne comme un acteur cl\u00e9 dans le d\u00e9veloppement de la bio\u00e9nergie agricole. L&#8217;organisation professionnelle ASAJA met en lumi\u00e8re le potentiel consid\u00e9rable de ce territoire pour r\u00e9pondre aux ambitions climatiques du Vieux Continent.<\/i><\/p>\n<h2>Un potentiel agricole et forestier exceptionnel<\/h2>\n<p>Selon ASAJA, Castille-et-Le\u00f3n dispose d&#8217;atouts structurels uniques qui en font une r\u00e9gion particuli\u00e8rement bien plac\u00e9e pour d\u00e9velopper des fili\u00e8res de bio\u00e9nergie \u00e0 grande \u00e9chelle. Avec pr\u00e8s de 9,4 millions d&#8217;hectares de superficie totale, dont environ 3,3 millions consacr\u00e9s aux cultures c\u00e9r\u00e9ali\u00e8res et plus de 3 millions couverts de for\u00eats et de surfaces bois\u00e9es, la r\u00e9gion concentre une biomasse agricole et foresti\u00e8re d&#8217;une ampleur rare en Europe.<\/p>\n<p>Cette masse de mati\u00e8re organique disponible repr\u00e9sente une ressource strat\u00e9gique pour produire de l&#8217;\u00e9nergie renouvelable sous forme de biogaz, de biocarburants ou encore de chaleur verte. Les r\u00e9sidus de c\u00e9r\u00e9ales, les sous-produits viticoles, les d\u00e9chets d&#8217;\u00e9levage et les coupes foresti\u00e8res constituent autant de gisements exploitables dans le cadre des nouvelles orientations fix\u00e9es par Bruxelles.<\/p>\n<p>L&#8217;organisation insiste sur le fait que la r\u00e9gion g\u00e9n\u00e8re chaque ann\u00e9e des millions de tonnes de r\u00e9sidus agricoles inexploit\u00e9s. \u00c0 titre d&#8217;exemple, la seule production de paille issue des cultures c\u00e9r\u00e9ali\u00e8res d\u00e9passe les 4 millions de tonnes par an, une ressource qui pourrait alimenter des centrales de cog\u00e9n\u00e9ration ou \u00eatre transform\u00e9e en biocarburants de deuxi\u00e8me g\u00e9n\u00e9ration.<\/p>\n<blockquote class=\"ml-2 border-l-4 border-border-300\/10 pl-4 text-text-300\">\n<p class=\"font-claude-response-body break-words whitespace-normal leading-[1.7]\"><em>\u00ab Castille-et-Le\u00f3n poss\u00e8de toutes les conditions n\u00e9cessaires pour devenir un p\u00f4le de r\u00e9f\u00e9rence en mati\u00e8re de bio\u00e9nergie agricole en Europe. Le potentiel est l\u00e0, il faut maintenant des politiques adapt\u00e9es pour le concr\u00e9tiser. \u00bb<\/em> ASAJA, comunicado officiel, avril 2026<\/p>\n<\/blockquote>\n<p>Cette vision s&#8217;inscrit dans un contexte europ\u00e9en favorable. La Commission europ\u00e9enne a en effet renforc\u00e9 ses objectifs en mati\u00e8re de bio\u00e9nergie dans le cadre du paquet \u00ab Fit for 55 \u00bb, qui vise \u00e0 r\u00e9duire les \u00e9missions de gaz \u00e0 effet de serre d&#8217;au moins 55 % d&#8217;ici 2030 par rapport aux niveaux de 1990. La bio\u00e9nergie durable est identifi\u00e9e comme l&#8217;un des leviers prioritaires pour atteindre ces objectifs ambitieux.<\/p>\n<h2>Des propositions europ\u00e9ennes que la r\u00e9gion peut concr\u00e9tiser<\/h2>\n<p>Les r\u00e9centes propositions de la Commission europ\u00e9enne sur la bio\u00e9nergie pr\u00e9voient notamment un renforcement des crit\u00e8res de durabilit\u00e9, une meilleure valorisation des r\u00e9sidus agricoles et forestiers, ainsi qu&#8217;un soutien accru aux fili\u00e8res locales de production d&#8217;\u00e9nergie verte. Castille-et-Le\u00f3n, gr\u00e2ce \u00e0 sa structure agraire et \u00e0 son tissu de coop\u00e9ratives agricoles bien d\u00e9velopp\u00e9, serait en mesure d&#8217;absorber rapidement ces nouvelles orientations.<\/p>\n<p>Selon ASAJA (comunicado \/ web oficial), la r\u00e9gion compte d\u00e9j\u00e0 plusieurs installations pilotes de m\u00e9thanisation et de production de biogaz, notamment dans les zones d&#8217;\u00e9levage intensif de la province de Zamora et de Salamanque. Ces exp\u00e9riences constituent une base solide pour une mont\u00e9e en puissance industrielle conforme aux standards europ\u00e9ens.<\/p>\n<p>L&#8217;organisation souligne \u00e9galement que la main-d&#8217;oeuvre agricole locale, forte d&#8217;une longue tradition de gestion des terres, repr\u00e9sente un capital humain indispensable \u00e0 la r\u00e9ussite de cette transition \u00e9nerg\u00e9tique. Former les agriculteurs aux nouvelles pratiques de collecte et de valorisation de la biomasse est pr\u00e9sent\u00e9 comme une priorit\u00e9 absolue pour les ann\u00e9es \u00e0 venir.<\/p>\n<blockquote class=\"ml-2 border-l-4 border-border-300\/10 pl-4 text-text-300\">\n<p class=\"font-claude-response-body break-words whitespace-normal leading-[1.7]\"><em>\u00ab Le monde agricole ne doit pas \u00eatre un simple spectateur de la transition \u00e9nerg\u00e9tique, il doit en \u00eatre le moteur. Les agriculteurs de Castille-et-Le\u00f3n sont pr\u00eats \u00e0 jouer ce r\u00f4le si les conditions r\u00e9glementaires et financi\u00e8res sont r\u00e9unies. \u00bb<\/em> ASAJA, prise de position officielle, 2026<\/p>\n<\/blockquote>\n<p>Des investissements publics et priv\u00e9s seront n\u00e9anmoins n\u00e9cessaires pour franchir le cap. Selon les estimations du secteur, la mise en place d&#8217;une fili\u00e8re bio\u00e9nergie structur\u00e9e \u00e0 l&#8217;\u00e9chelle r\u00e9gionale n\u00e9cessiterait entre 500 et 800 millions d&#8217;euros d&#8217;investissements sur dix ans, en incluant les infrastructures de collecte, de transformation et de distribution. En contrepartie, les retomb\u00e9es \u00e9conomiques pourraient g\u00e9n\u00e9rer plusieurs milliers d&#8217;emplois directs et indirects dans des zones rurales souvent fragilis\u00e9es par l&#8217;exode d\u00e9mographique.<\/p>\n<p>La question de la durabilit\u00e9 environnementale reste centrale dans ce d\u00e9bat. L&#8217;ASAJA insiste sur le fait que la valorisation de la biomasse agricole ne doit pas se faire au d\u00e9triment de la qualit\u00e9 des sols ni de la biodiversit\u00e9 locale. Les pratiques de pr\u00e9l\u00e8vement des r\u00e9sidus devront donc \u00eatre encadr\u00e9es par des protocoles rigoureux pour garantir que la couche organique des terres agricoles soit pr\u00e9serv\u00e9e sur le long terme.<\/p>\n<p>Par ailleurs, la r\u00e9gion b\u00e9n\u00e9ficie d&#8217;une position g\u00e9ographique centrale en Espagne, facilitant la distribution de l&#8217;\u00e9nergie produite vers les grands centres de consommation comme Madrid. Cette accessibilit\u00e9 logistique constitue un avantage comp\u00e9titif non n\u00e9gligeable dans la construction d&#8217;un march\u00e9 ib\u00e9rique de la bio\u00e9nergie.<\/p>\n<p>En conclusion, Castille-et-Le\u00f3n appara\u00eet comme un laboratoire id\u00e9al pour mettre en oeuvre les ambitions bio\u00e9nerg\u00e9tiques de l&#8217;Europe. Avec ses ressources agricoles et foresti\u00e8res abondantes, son tissu coop\u00e9ratif structur\u00e9 et sa volont\u00e9 institutionnelle affich\u00e9e, la r\u00e9gion a toutes les cartes en main pour devenir un mod\u00e8le de r\u00e9silience agricole et \u00e9nerg\u00e9tique \u00e0 l&#8217;\u00e9chelle continentale. Il appartient d\u00e9sormais aux d\u00e9cideurs politiques, tant \u00e0 Madrid qu&#8217;\u00e0 Bruxelles, de cr\u00e9er les conditions favorables \u00e0 cette transformation indispensable.<\/p>\n<p><i>Sources et photo: R\u00e9daction LCE (avec l&#8217;aide de l&#8217;IA)<\/i><\/p>\n<hr style=\"border: none;border-top: 1px solid #000000;margin: 24px 0\" \/>\t\t\t\t\t\t\t\t<\/div>\n<div class=\"elementor-element elementor-element-c712a1c elementor-widget elementor-widget-html\" data-id=\"c712a1c\" data-element_type=\"widget\" data-e-type=\"widget\" data-widget_type=\"html.default\">\n\t\t\t\t\t\t\t\t\t<\/div>\n<\/p><\/div>\n<\/p><\/div>\n<\/p><\/div>\n","protected":false},"excerpt":{"rendered":"<p>Alors que l&#8217;Union europ\u00e9enne acc\u00e9l\u00e8re sa transition \u00e9nerg\u00e9tique, la r\u00e9gion espagnole de Castille-et-Le\u00f3n se positionne comme un acteur cl\u00e9 dans le d\u00e9veloppement de la bio\u00e9nergie agricole. L&#8217;organisation professionnelle ASAJA met en lumi\u00e8re le potentiel consid\u00e9rable de ce territoire pour r\u00e9pondre aux ambitions climatiques du Vieux Continent. Un potentiel agricole et forestier exceptionnel Selon ASAJA, Castille-et-Le\u00f3n [&hellip;]<\/p>\n","protected":false},"author":13,"featured_media":76010,"comment_status":"open","ping_status":"closed","sticky":false,"template":"","format":"standard","meta":{"om_disable_all_campaigns":false,"_monsterinsights_skip_tracking":false,"_monsterinsights_sitenote_active":false,"_monsterinsights_sitenote_note":"","_monsterinsights_sitenote_category":0,"_uf_show_specific_survey":0,"_uf_disable_surveys":false,"footnotes":""},"categories":[4509],"tags":[4844,4845,1987,1059],"class_list":["post-76009","post","type-post","status-publish","format-standard","has-post-thumbnail","hentry","category-uncategorized","tag-asaja","tag-bioenergie-europeenne","tag-castilla-et-leon","tag-environnement"],"acf":[],"_links":{"self":[{"href":"https:\/\/immo.lecourrier.es\/index.php\/wp-json\/wp\/v2\/posts\/76009","targetHints":{"allow":["GET"]}}],"collection":[{"href":"https:\/\/immo.lecourrier.es\/index.php\/wp-json\/wp\/v2\/posts"}],"about":[{"href":"https:\/\/immo.lecourrier.es\/index.php\/wp-json\/wp\/v2\/types\/post"}],"author":[{"embeddable":true,"href":"https:\/\/immo.lecourrier.es\/index.php\/wp-json\/wp\/v2\/users\/13"}],"replies":[{"embeddable":true,"href":"https:\/\/immo.lecourrier.es\/index.php\/wp-json\/wp\/v2\/comments?post=76009"}],"version-history":[{"count":0,"href":"https:\/\/immo.lecourrier.es\/index.php\/wp-json\/wp\/v2\/posts\/76009\/revisions"}],"wp:featuredmedia":[{"embeddable":true,"href":"https:\/\/immo.lecourrier.es\/index.php\/wp-json\/wp\/v2\/media\/76010"}],"wp:attachment":[{"href":"https:\/\/immo.lecourrier.es\/index.php\/wp-json\/wp\/v2\/media?parent=76009"}],"wp:term":[{"taxonomy":"category","embeddable":true,"href":"https:\/\/immo.lecourrier.es\/index.php\/wp-json\/wp\/v2\/categories?post=76009"},{"taxonomy":"post_tag","embeddable":true,"href":"https:\/\/immo.lecourrier.es\/index.php\/wp-json\/wp\/v2\/tags?post=76009"}],"curies":[{"name":"wp","href":"https:\/\/api.w.org\/{rel}","templated":true}]}}