{"id":76007,"date":"2026-04-30T11:40:46","date_gmt":"2026-04-30T11:40:46","guid":{"rendered":"https:\/\/immo.lecourrier.es\/index.php\/2026\/04\/30\/la-feria-de-valence-accueillera-son-grand-rendez-vous-de-lhabitat-avec-dix-pavillons-et-plus-de-110-000-m2-dexposition\/"},"modified":"2026-04-30T11:40:46","modified_gmt":"2026-04-30T11:40:46","slug":"la-feria-de-valence-accueillera-son-grand-rendez-vous-de-lhabitat-avec-dix-pavillons-et-plus-de-110-000-m2-dexposition","status":"publish","type":"post","link":"https:\/\/immo.lecourrier.es\/index.php\/2026\/04\/30\/la-feria-de-valence-accueillera-son-grand-rendez-vous-de-lhabitat-avec-dix-pavillons-et-plus-de-110-000-m2-dexposition\/","title":{"rendered":"La Feria de Valence accueillera son grand rendez-vous de l&#8217;habitat avec dix pavillons et plus de 110 000 m2 d&#8217;exposition."},"content":{"rendered":"<p><i>La Feria Valencia s&#8217;appr\u00eate \u00e0 vivre l&#8217;un des \u00e9v\u00e9nements les plus importants de l&#8217;industrie de l&#8217;habitat en Europe. Du 20 au 23 septembre 2026, le salon international d\u00e9di\u00e9 au design d&#8217;int\u00e9rieur, \u00e0 l&#8217;ameublement et aux solutions r\u00e9sidentielles r\u00e9unira professionnels, exposants et visiteurs du monde entier dans un espace d&#8217;exposition exceptionnel.<\/i><\/p>\n<h2>Un salon de r\u00e9f\u00e9rence pour l&#8217;industrie de l&#8217;habitat<\/h2>\n<p>Selon Europa Press, la Feria Valencia organisera cette ann\u00e9e sa grande \u00e9dition du salon de l&#8217;habitat avec pas moins de dix pavillons mobilis\u00e9s pour l&#8217;occasion. L&#8217;\u00e9v\u00e9nement couvrira une superficie totale de plus de 110 000 m\u00e8tres carr\u00e9s d&#8217;exposition, ce qui en fait l&#8217;une des plus grandes manifestations du secteur en Espagne et dans toute la p\u00e9ninsule ib\u00e9rique.<\/p>\n<p>Ce rendez-vous incontournable regroupe chaque ann\u00e9e des milliers d&#8217;acteurs de la fili\u00e8re : fabricants de meubles, designers d&#8217;int\u00e9rieur, architectes, promoteurs immobiliers et distributeurs sp\u00e9cialis\u00e9s. L&#8217;\u00e9dition 2026 s&#8217;annonce particuli\u00e8rement ambitieuse, avec une offre commerciale et cr\u00e9ative renforc\u00e9e par rapport aux ann\u00e9es pr\u00e9c\u00e9dentes.<\/p>\n<p>Le salon se d\u00e9cline en plusieurs univers th\u00e9matiques : la cuisine, la salle de bain, le salon, la chambre, le bureau, ainsi que les espaces ext\u00e9rieurs et les nouvelles tendances en mati\u00e8re de domotique et de maison connect\u00e9e. Cette diversit\u00e9 permet aux visiteurs professionnels de couvrir l&#8217;ensemble de la cha\u00eene de valeur de l&#8217;habitat en un seul d\u00e9placement.<\/p>\n<blockquote class=\"ml-2 border-l-4 border-border-300\/10 pl-4 text-text-300\">\n<p class=\"font-claude-response-body break-words whitespace-normal leading-[1.7]\"><em>\u00ab Feria Valencia repr\u00e9sente aujourd&#8217;hui l&#8217;un des espaces les plus strat\u00e9giques pour les entreprises du secteur de l&#8217;habitat qui souhaitent se positionner \u00e0 l&#8217;international et nouer des partenariats durables. \u00bb<\/em> Direction de Feria Valencia, pr\u00e9sentation de l&#8217;\u00e9dition 2026<\/p>\n<\/blockquote>\n<p>La ville de Valence joue un r\u00f4le central dans cet \u00e9cosyst\u00e8me. Reconnue comme la capitale mondiale du design en 2022 par le World Design Organization, elle dispose d&#8217;un tissu industriel dense autour du meuble et de la d\u00e9coration, notamment dans la r\u00e9gion de l&#8217;Horta Sud et dans la province de Castell\u00f3n, o\u00f9 se concentrent de nombreux fabricants de c\u00e9ramique et de rev\u00eatements.<\/p>\n<h2>Des chiffres qui t\u00e9moignent d&#8217;un secteur en plein essor<\/h2>\n<p>L&#8217;industrie espagnole du meuble et de la d\u00e9coration int\u00e9rieure repr\u00e9sente un poids \u00e9conomique consid\u00e9rable. Selon les donn\u00e9es de l&#8217;association sectorielle ANIEME, l&#8217;Espagne exporte chaque ann\u00e9e pour plus de 2,5 milliards d&#8217;euros de meubles, faisant du pays l&#8217;un des premiers exportateurs europ\u00e9ens dans ce domaine.<\/p>\n<p>L&#8217;\u00e9dition pr\u00e9c\u00e9dente du salon avait accueilli plus de 90 000 visiteurs professionnels, dont pr\u00e8s de 30 % en provenance de l&#8217;\u00e9tranger. Des d\u00e9l\u00e9gations venues d&#8217;Am\u00e9rique latine, du Moyen-Orient, d&#8217;Asie et d&#8217;Europe du Nord avaient fait le d\u00e9placement jusqu&#8217;\u00e0 Valence pour d\u00e9couvrir les derni\u00e8res innovations et nouer des contacts commerciaux.<\/p>\n<p>Pour l&#8217;\u00e9dition 2026, les organisateurs tablent sur une augmentation significative de la fr\u00e9quentation, port\u00e9e notamment par la mont\u00e9e en puissance des tendances li\u00e9es \u00e0 la durabilit\u00e9, \u00e0 l&#8217;\u00e9conomie circulaire et aux mat\u00e9riaux biosourc\u00e9s. Ces th\u00e9matiques sont au coeur des pr\u00e9occupations actuelles des acteurs du secteur, qui cherchent \u00e0 r\u00e9pondre aux nouvelles exigences r\u00e9glementaires europ\u00e9ennes en mati\u00e8re d&#8217;empreinte environnementale.<\/p>\n<blockquote class=\"ml-2 border-l-4 border-border-300\/10 pl-4 text-text-300\">\n<p class=\"font-claude-response-body break-words whitespace-normal leading-[1.7]\"><em>\u00ab Le salon de l&#8217;habitat de Valence est bien plus qu&#8217;une foire commerciale : c&#8217;est un v\u00e9ritable laboratoire d&#8217;id\u00e9es o\u00f9 se dessine l&#8217;avenir de nos espaces de vie. \u00bb<\/em> Un exposant international, lors de l&#8217;\u00e9dition 2025<\/p>\n<\/blockquote>\n<p>Par ailleurs, la Feria Valencia pr\u00e9voit d&#8217;int\u00e9grer dans son programme une s\u00e9rie de conf\u00e9rences, ateliers et tables rondes anim\u00e9s par des experts reconnus. Ces temps forts permettront d&#8217;aborder des sujets tels que la transformation num\u00e9rique de la fili\u00e8re, l&#8217;essor du commerce en ligne dans le secteur de l&#8217;ameublement ou encore les nouvelles attentes des consommateurs en mati\u00e8re d&#8217;exp\u00e9rience r\u00e9sidentielle.<\/p>\n<p>La dimension internationale de l&#8217;\u00e9v\u00e9nement sera \u00e9galement renforc\u00e9e gr\u00e2ce \u00e0 des partenariats avec des institutions \u00e9trang\u00e8res et des f\u00e9d\u00e9rations professionnelles de plusieurs pays. Des pavillons nationaux sont pr\u00e9vus pour accueillir des d\u00e9l\u00e9gations venues d&#8217;Italie, d&#8217;Allemagne, du Portugal et de plusieurs pays d&#8217;Am\u00e9rique latine.<\/p>\n<p>En mati\u00e8re d&#8217;infrastructure, la Feria Valencia dispose d&#8217;un outil moderne et polyvalent. Son parc d&#8217;exposition, situ\u00e9 \u00e0 proximit\u00e9 imm\u00e9diate du centre-ville et bien desservi par les transports en commun, offre toutes les conditions n\u00e9cessaires \u00e0 l&#8217;accueil d&#8217;un \u00e9v\u00e9nement de cette envergure. Des espaces de networking, des zones de restauration et des services logistiques complets sont \u00e9galement pr\u00e9vus pour faciliter le s\u00e9jour des participants.<\/p>\n<p>Cette \u00e9dition 2026 s&#8217;inscrit dans une dynamique plus large de repositionnement de Valence comme destination incontournable du tourisme d&#8217;affaires en Europe du Sud. La ville multiplie les grands \u00e9v\u00e9nements internationaux et investit dans ses infrastructures pour attirer congr\u00e8s, salons et sommets professionnels tout au long de l&#8217;ann\u00e9e.<\/p>\n<p>La Feria Valencia et son salon de l&#8217;habitat confirment ainsi leur place de premier plan dans le calendrier des \u00e9v\u00e9nements professionnels du secteur, offrant aux entreprises une vitrine incomparable pour pr\u00e9senter leurs innovations et d\u00e9velopper leurs r\u00e9seaux \u00e0 l&#8217;\u00e9chelle internationale.<\/p>\n<p><i>Sources et photo: R\u00e9daction LCE (avec l&#8217;aide de l&#8217;IA)<\/i><\/p>\n<hr style=\"border: none;border-top: 1px solid #000000;margin: 24px 0\">\n","protected":false},"excerpt":{"rendered":"<p>La Feria Valencia s&#8217;appr\u00eate \u00e0 vivre l&#8217;un des \u00e9v\u00e9nements les plus importants de l&#8217;industrie de l&#8217;habitat en Europe. Du 20 au 23 septembre 2026, le salon international d\u00e9di\u00e9 au design d&#8217;int\u00e9rieur, \u00e0 l&#8217;ameublement et aux solutions r\u00e9sidentielles r\u00e9unira professionnels, exposants et visiteurs du monde entier dans un espace d&#8217;exposition exceptionnel. Un salon de r\u00e9f\u00e9rence pour [&hellip;]<\/p>\n","protected":false},"author":13,"featured_media":76008,"comment_status":"open","ping_status":"closed","sticky":false,"template":"","format":"standard","meta":{"om_disable_all_campaigns":false,"_monsterinsights_skip_tracking":false,"_monsterinsights_sitenote_active":false,"_monsterinsights_sitenote_note":"","_monsterinsights_sitenote_category":0,"_uf_show_specific_survey":0,"_uf_disable_surveys":false,"footnotes":""},"categories":[4509],"tags":[4843,660,272],"class_list":["post-76007","post","type-post","status-publish","format-standard","has-post-thumbnail","hentry","category-uncategorized","tag-la-feria-de-valence","tag-tourisme","tag-valence"],"acf":[],"_links":{"self":[{"href":"https:\/\/immo.lecourrier.es\/index.php\/wp-json\/wp\/v2\/posts\/76007","targetHints":{"allow":["GET"]}}],"collection":[{"href":"https:\/\/immo.lecourrier.es\/index.php\/wp-json\/wp\/v2\/posts"}],"about":[{"href":"https:\/\/immo.lecourrier.es\/index.php\/wp-json\/wp\/v2\/types\/post"}],"author":[{"embeddable":true,"href":"https:\/\/immo.lecourrier.es\/index.php\/wp-json\/wp\/v2\/users\/13"}],"replies":[{"embeddable":true,"href":"https:\/\/immo.lecourrier.es\/index.php\/wp-json\/wp\/v2\/comments?post=76007"}],"version-history":[{"count":0,"href":"https:\/\/immo.lecourrier.es\/index.php\/wp-json\/wp\/v2\/posts\/76007\/revisions"}],"wp:featuredmedia":[{"embeddable":true,"href":"https:\/\/immo.lecourrier.es\/index.php\/wp-json\/wp\/v2\/media\/76008"}],"wp:attachment":[{"href":"https:\/\/immo.lecourrier.es\/index.php\/wp-json\/wp\/v2\/media?parent=76007"}],"wp:term":[{"taxonomy":"category","embeddable":true,"href":"https:\/\/immo.lecourrier.es\/index.php\/wp-json\/wp\/v2\/categories?post=76007"},{"taxonomy":"post_tag","embeddable":true,"href":"https:\/\/immo.lecourrier.es\/index.php\/wp-json\/wp\/v2\/tags?post=76007"}],"curies":[{"name":"wp","href":"https:\/\/api.w.org\/{rel}","templated":true}]}}