{"id":76005,"date":"2026-04-30T11:40:41","date_gmt":"2026-04-30T11:40:41","guid":{"rendered":"https:\/\/immo.lecourrier.es\/index.php\/2026\/04\/30\/castille-et-leon-recoit-315-millions-deuros-pour-lagriculture-et-le-developpement-rural\/"},"modified":"2026-04-30T11:40:41","modified_gmt":"2026-04-30T11:40:41","slug":"castille-et-leon-recoit-315-millions-deuros-pour-lagriculture-et-le-developpement-rural","status":"publish","type":"post","link":"https:\/\/immo.lecourrier.es\/index.php\/2026\/04\/30\/castille-et-leon-recoit-315-millions-deuros-pour-lagriculture-et-le-developpement-rural\/","title":{"rendered":"Castille-et-Le\u00f3n re\u00e7oit 31,5 millions d&#8217;euros pour l&#8217;agriculture et le d\u00e9veloppement rural."},"content":{"rendered":"\n<div data-elementor-type=\"wp-post\" data-elementor-id=\"137569\" class=\"elementor elementor-137569\" data-elementor-post-type=\"post\">\n<div class=\"elementor-element elementor-element-268bd091 e-flex e-con-boxed e-con e-parent\" data-id=\"268bd091\" data-element_type=\"container\" data-e-type=\"container\">\n<div class=\"e-con-inner\">\n<div class=\"elementor-element elementor-element-9b044d1 elementor-widget elementor-widget-text-editor\" data-id=\"9b044d1\" data-element_type=\"widget\" data-e-type=\"widget\" data-widget_type=\"text-editor.default\">\n<p><i>La r\u00e9gion de Castille-et-Le\u00f3n b\u00e9n\u00e9ficie d&#8217;une enveloppe financi\u00e8re significative de 31,5 millions d&#8217;euros destin\u00e9e \u00e0 soutenir son secteur agricole et \u00e0 dynamiser son d\u00e9veloppement rural. Cette injection de fonds repr\u00e9sente une \u00e9tape majeure dans la politique de r\u00e9silience agricole que cherche \u00e0 mettre en place cette communaut\u00e9 autonome espagnole, l&#8217;une des plus vastes et des plus agricoles du pays.<\/i><\/p>\n<h2>Un financement strat\u00e9gique pour un territoire rural<\/h2>\n<p>Castille-et-Le\u00f3n, qui couvre pr\u00e8s de 94 000 kilom\u00e8tres carr\u00e9s et repr\u00e9sente environ 18,6 % du territoire espagnol, est une r\u00e9gion profond\u00e9ment marqu\u00e9e par son identit\u00e9 agricole. Elle produit chaque ann\u00e9e des millions de tonnes de c\u00e9r\u00e9ales, de l\u00e9gumineuses et de betteraves sucri\u00e8res, tout en abritant un \u00e9levage ovin parmi les plus importants d&#8217;Europe.<\/p>\n<p>Selon Diario de Castilla y Le\u00f3n, les 31,5 millions d&#8217;euros allou\u00e9s proviendront d&#8217;une combinaison de fonds europ\u00e9ens issus du FEADER (Fonds europ\u00e9en agricole pour le d\u00e9veloppement rural) et de contributions de l&#8217;\u00c9tat espagnol dans le cadre du Plan strat\u00e9gique de la PAC 2023-2027.<\/p>\n<p>Ce financement sera r\u00e9parti en plusieurs axes prioritaires : la modernisation des exploitations agricoles, le soutien aux jeunes agriculteurs, la promotion des pratiques agro\u00e9cologiques et le renforcement des infrastructures rurales. Une part significative, estim\u00e9e \u00e0 environ 8 millions d&#8217;euros, sera directement d\u00e9di\u00e9e \u00e0 l&#8217;installation de jeunes agriculteurs de moins de 40 ans, un enjeu crucial dans une r\u00e9gion qui souffre d&#8217;un vieillissement de sa population active agricole.<\/p>\n<blockquote class=\"ml-2 border-l-4 border-border-300\/10 pl-4 text-text-300\">\n<p class=\"font-claude-response-body break-words whitespace-normal leading-[1.7]\"><em>\u00ab Le renouvellement g\u00e9n\u00e9rationnel dans le secteur agricole de Castille-et-Le\u00f3n est une priorit\u00e9 absolue. Sans jeunes agriculteurs, il n&#8217;y a pas d&#8217;avenir pour nos territoires ruraux. \u00bb<\/em> Junta de Castilla y Le\u00f3n, d\u00e9claration officielle sur le plan de d\u00e9veloppement rural 2025<\/p>\n<\/blockquote>\n<p>Les autorit\u00e9s r\u00e9gionales soulignent que cet investissement arrive \u00e0 un moment critique, alors que le secteur agricole fait face \u00e0 des d\u00e9fis multiples : hausse des co\u00fbts de production, al\u00e9as climatiques de plus en plus fr\u00e9quents et pression concurrentielle accrue sur les march\u00e9s europ\u00e9ens.<\/p>\n<h2>R\u00e9silience agricole et transition \u00e9cologique au coeur des priorit\u00e9s<\/h2>\n<p>Au-del\u00e0 des chiffres bruts, ce plan de financement traduit une vision \u00e0 long terme pour la r\u00e9silience du monde rural en Castille-et-Le\u00f3n. La r\u00e9gion a en effet subi ces derni\u00e8res ann\u00e9es plusieurs \u00e9pisodes de s\u00e9cheresse s\u00e9v\u00e8re qui ont lourdement impact\u00e9 les rendements agricoles. En 2023, certaines zones avaient enregistr\u00e9 des pertes de r\u00e9coltes de c\u00e9r\u00e9ales allant jusqu&#8217;\u00e0 40 % par rapport \u00e0 la moyenne d\u00e9cennale.<\/p>\n<p>Selon le minist\u00e8re espagnol de l&#8217;Agriculture, de la P\u00eache et de l&#8217;Alimentation, la Castille-et-Le\u00f3n repr\u00e9sente \u00e0 elle seule environ 20 % de la production nationale de bl\u00e9 tendre, ce qui en fait un acteur incontournable de la s\u00e9curit\u00e9 alimentaire espagnole.<\/p>\n<p>Dans ce contexte, une enveloppe d&#8217;environ 6,5 millions d&#8217;euros sera consacr\u00e9e \u00e0 des projets d&#8217;irrigation plus efficiente et \u00e0 l&#8217;adoption de technologies de pr\u00e9cision agricole, permettant de r\u00e9duire la consommation d&#8217;eau jusqu&#8217;\u00e0 30 % selon les projections des experts r\u00e9gionaux.<\/p>\n<p>Par ailleurs, la transition vers des pratiques plus durables sera encourag\u00e9e par des aides sp\u00e9cifiques \u00e0 l&#8217;agriculture biologique et \u00e0 la r\u00e9duction de l&#8217;usage des pesticides chimiques. La r\u00e9gion ambitionne d&#8217;augmenter la surface cultiv\u00e9e en bio de 15 % d&#8217;ici \u00e0 2027, un objectif ambitieux mais align\u00e9 avec les exigences du Green Deal europ\u00e9en.<\/p>\n<blockquote class=\"ml-2 border-l-4 border-border-300\/10 pl-4 text-text-300\">\n<p class=\"font-claude-response-body break-words whitespace-normal leading-[1.7]\"><em>\u00ab L&#8217;agriculture de demain en Castille-et-Le\u00f3n devra \u00eatre \u00e0 la fois plus productive et plus respectueuse de l&#8217;environnement. Ces fonds nous donnent les moyens de r\u00e9ussir cette double transition. \u00bb<\/em> Conseil r\u00e9gional de Castille-et-Le\u00f3n, pr\u00e9sentation du plan agricole r\u00e9gional 2025-2027<\/p>\n<\/blockquote>\n<p>Le d\u00e9veloppement des zones rurales ne se limite pas aux seules exploitations agricoles. Une partie des fonds, soit environ 5 millions d&#8217;euros, sera investie dans le renforcement des services de base en milieu rural : am\u00e9lioration des connexions num\u00e9riques, soutien aux commerces et services de proximit\u00e9, et financement de projets de mobilit\u00e9 durable pour d\u00e9senclaver les villages les plus isol\u00e9s.<\/p>\n<p>Ces mesures r\u00e9pondent \u00e0 un d\u00e9fi d\u00e9mographique pr\u00e9occupant : la r\u00e9gion a perdu pr\u00e8s de 100 000 habitants en vingt ans, et la tendance \u00e0 la d\u00e9sertification rurale reste une menace structurelle pour l&#8217;\u00e9conomie locale.<\/p>\n<p>Les premiers appels \u00e0 projets devraient \u00eatre lanc\u00e9s d\u00e8s le deuxi\u00e8me semestre 2025, avec une mise en oeuvre progressive des financements jusqu&#8217;en 2027. Les agriculteurs et les collectivit\u00e9s rurales pourront soumettre leurs dossiers via les guichets de la Junta de Castilla y Le\u00f3n, qui s&#8217;est engag\u00e9e \u00e0 simplifier les proc\u00e9dures administratives pour faciliter l&#8217;acc\u00e8s aux aides.<\/p>\n<p>Ce plan ambitieux illustre la volont\u00e9 des autorit\u00e9s r\u00e9gionales et nationales de faire de Castille-et-Le\u00f3n un mod\u00e8le de d\u00e9veloppement rural durable en Espagne, capable de conjuguer productivit\u00e9 agricole, respect de l&#8217;environnement et vitalit\u00e9 des territoires. La r\u00e9ussite de cette strat\u00e9gie sera d\u00e9terminante non seulement pour la r\u00e9gion, mais aussi pour l&#8217;ensemble de la politique agricole espagnole dans le cadre de la nouvelle PAC.<\/p>\n<p><i>Sources et photo: R\u00e9daction LCE (avec l&#8217;aide de l&#8217;IA)<\/i><\/p>\n<hr style=\"border: none;border-top: 1px solid #000000;margin: 24px 0\" \/>\t\t\t\t\t\t\t\t<\/div>\n<div class=\"elementor-element elementor-element-276b585 elementor-widget elementor-widget-html\" data-id=\"276b585\" data-element_type=\"widget\" data-e-type=\"widget\" data-widget_type=\"html.default\">\n\t\t\t\t\t\t\t\t\t<\/div>\n<\/p><\/div>\n<\/p><\/div>\n<\/p><\/div>\n","protected":false},"excerpt":{"rendered":"<p>La r\u00e9gion de Castille-et-Le\u00f3n b\u00e9n\u00e9ficie d&#8217;une enveloppe financi\u00e8re significative de 31,5 millions d&#8217;euros destin\u00e9e \u00e0 soutenir son secteur agricole et \u00e0 dynamiser son d\u00e9veloppement rural. Cette injection de fonds repr\u00e9sente une \u00e9tape majeure dans la politique de r\u00e9silience agricole que cherche \u00e0 mettre en place cette communaut\u00e9 autonome espagnole, l&#8217;une des plus vastes et des [&hellip;]<\/p>\n","protected":false},"author":13,"featured_media":76006,"comment_status":"open","ping_status":"closed","sticky":false,"template":"","format":"standard","meta":{"om_disable_all_campaigns":false,"_monsterinsights_skip_tracking":false,"_monsterinsights_sitenote_active":false,"_monsterinsights_sitenote_note":"","_monsterinsights_sitenote_category":0,"_uf_show_specific_survey":0,"_uf_disable_surveys":false,"footnotes":""},"categories":[4509],"tags":[1153,4838,4842,332],"class_list":["post-76005","post","type-post","status-publish","format-standard","has-post-thumbnail","hentry","category-uncategorized","tag-agriculture","tag-castille-et-leon","tag-developpement-rural","tag-espagne"],"acf":[],"_links":{"self":[{"href":"https:\/\/immo.lecourrier.es\/index.php\/wp-json\/wp\/v2\/posts\/76005","targetHints":{"allow":["GET"]}}],"collection":[{"href":"https:\/\/immo.lecourrier.es\/index.php\/wp-json\/wp\/v2\/posts"}],"about":[{"href":"https:\/\/immo.lecourrier.es\/index.php\/wp-json\/wp\/v2\/types\/post"}],"author":[{"embeddable":true,"href":"https:\/\/immo.lecourrier.es\/index.php\/wp-json\/wp\/v2\/users\/13"}],"replies":[{"embeddable":true,"href":"https:\/\/immo.lecourrier.es\/index.php\/wp-json\/wp\/v2\/comments?post=76005"}],"version-history":[{"count":0,"href":"https:\/\/immo.lecourrier.es\/index.php\/wp-json\/wp\/v2\/posts\/76005\/revisions"}],"wp:featuredmedia":[{"embeddable":true,"href":"https:\/\/immo.lecourrier.es\/index.php\/wp-json\/wp\/v2\/media\/76006"}],"wp:attachment":[{"href":"https:\/\/immo.lecourrier.es\/index.php\/wp-json\/wp\/v2\/media?parent=76005"}],"wp:term":[{"taxonomy":"category","embeddable":true,"href":"https:\/\/immo.lecourrier.es\/index.php\/wp-json\/wp\/v2\/categories?post=76005"},{"taxonomy":"post_tag","embeddable":true,"href":"https:\/\/immo.lecourrier.es\/index.php\/wp-json\/wp\/v2\/tags?post=76005"}],"curies":[{"name":"wp","href":"https:\/\/api.w.org\/{rel}","templated":true}]}}