{"id":76003,"date":"2026-04-30T11:40:37","date_gmt":"2026-04-30T11:40:37","guid":{"rendered":"https:\/\/immo.lecourrier.es\/index.php\/2026\/04\/30\/iberojet-va-ouvrir-une-nouvelle-liaison-aerienne-entre-lespagne-et-le-salvador-pendant-la-basse-saison\/"},"modified":"2026-04-30T11:40:37","modified_gmt":"2026-04-30T11:40:37","slug":"iberojet-va-ouvrir-une-nouvelle-liaison-aerienne-entre-lespagne-et-le-salvador-pendant-la-basse-saison","status":"publish","type":"post","link":"https:\/\/immo.lecourrier.es\/index.php\/2026\/04\/30\/iberojet-va-ouvrir-une-nouvelle-liaison-aerienne-entre-lespagne-et-le-salvador-pendant-la-basse-saison\/","title":{"rendered":"Iberojet va ouvrir une nouvelle liaison a\u00e9rienne entre l&#8217;Espagne et le Salvador pendant la basse saison."},"content":{"rendered":"\n<div data-elementor-type=\"wp-post\" data-elementor-id=\"137637\" class=\"elementor elementor-137637\" data-elementor-post-type=\"post\">\n<div class=\"elementor-element elementor-element-31f8bd3 e-flex e-con-boxed e-con e-parent\" data-id=\"31f8bd3\" data-element_type=\"container\" data-e-type=\"container\">\n<div class=\"e-con-inner\">\n<div class=\"elementor-element elementor-element-95e12b8 elementor-widget elementor-widget-text-editor\" data-id=\"95e12b8\" data-element_type=\"widget\" data-e-type=\"widget\" data-widget_type=\"text-editor.default\">\n<p>La compagnie a\u00e9rienne d&#8217;\u00c1voris, Iberojet, va ouvrir une nouvelle liaison a\u00e9rienne directe entre l&#8217;Espagne et le Salvador, dont l&#8217;exploitation d\u00e9butera le 13 septembre, en basse saison pour le march\u00e9 touristique espagnol. Selon les pr\u00e9cisions fournies par la compagnie, cette liaison proposera deux vols hebdomadaires au d\u00e9part de Madrid et de Barcelone, renfor\u00e7ant ainsi la connectivit\u00e9 a\u00e9rienne entre les deux pays sans escale.<\/p>\n<p>La compagnie a fix\u00e9 ses tarifs et a commenc\u00e9 \u00e0 commercialiser les billets pour cette nouvelle liaison, comme elle l&#8217;a indiqu\u00e9 dans un communiqu\u00e9. Dans ce communiqu\u00e9, Iberojet se pr\u00e9sente comme l&#8217;option la plus comp\u00e9titive du march\u00e9 pour les vols directs entre l&#8217;Espagne et le Salvador. Cette liaison vise \u00e0 capter la demande touristique, mais aussi \u00e0 faciliter les voyages d&#8217;affaires et les activit\u00e9s logistiques entre ces deux march\u00e9s.<\/p>\n<h2><b>Un renforcement des flux touristiques<\/b><\/h2>\n<p>L&#8217;ouverture de cette liaison s&#8217;inscrit dans une strat\u00e9gie commune visant \u00e0 renforcer les flux touristiques entre l&#8217;Espagne et le Salvador. L&#8217;impulsion institutionnelle vient du gouvernement salvadorien, avec la participation remarqu\u00e9e de la ministre du Tourisme, Morena Ileana Valdez Vigil, en coordination avec la pr\u00e9sidence et le gouvernement central. L&#8217;objectif est de consolider un corridor a\u00e9rien stable vers le march\u00e9 \u00e9metteur touristique europ\u00e9en.<\/p>\n<p>Les vols seront assur\u00e9s par des Airbus A350-900, des appareils long-courriers qui se distinguent par leur efficacit\u00e9 op\u00e9rationnelle et leur consommation de carburant par si\u00e8ge r\u00e9duite par rapport aux g\u00e9n\u00e9rations pr\u00e9c\u00e9dentes. Cette am\u00e9lioration permet de r\u00e9duire les \u00e9missions de CO\u2082 par si\u00e8ge, un \u00e9l\u00e9ment important pour les liaisons transoc\u00e9aniques. De plus, l&#8217;exploitation int\u00e9grera une capacit\u00e9 de fret en soute, renfor\u00e7ant ainsi la valeur commerciale de cette liaison bilat\u00e9rale.<\/p>\n<h2><b>El Salvador, une destination \u00e9mergente<\/b><\/h2>\n<p>Il convient de pr\u00e9ciser que le Salvador renforce ainsi son positionnement en Espagne en tant que destination \u00e9mergente d&#8217;Am\u00e9rique centrale, avec une offre ax\u00e9e sur les plages, la nature, les volcans, la culture, la gastronomie et les exp\u00e9riences urbaines. Pour Iberojet, cette liaison \u00e9largit son r\u00e9seau r\u00e9gional, qui comprend d\u00e9j\u00e0 le Costa Rica, le Honduras, le Mexique et la R\u00e9publique dominicaine. \u00c1voris souligne \u00e9galement l&#8217;int\u00e9r\u00eat d&#8217;une liaison directe pour les voyageurs, les voyagistes et le transport de marchandises sans interm\u00e9diaires.<\/p>\n<p><em>Source: <a href=\"https:\/\/www.hosteltur.com\/175881_iberojet-abrira-una-nueva-ruta-aerea-entre-espana-y-el-salvador-en-temporada-baja.html\" target=\"_blank\" rel=\"noopener\">HOSTELTUR<\/a><\/em><\/p>\n<\/p><\/div>\n<div class=\"elementor-element elementor-element-ccc5d28 elementor-widget-divider--view-line elementor-widget elementor-widget-divider\" data-id=\"ccc5d28\" data-element_type=\"widget\" data-e-type=\"widget\" data-widget_type=\"divider.default\">\n<div class=\"elementor-divider\">\n\t\t\t<span class=\"elementor-divider-separator\"><br \/>\n\t\t\t\t\t\t<\/span>\n\t\t<\/div>\n<\/p><\/div>\n<div class=\"elementor-element elementor-element-98d1365 elementor-widget elementor-widget-html\" data-id=\"98d1365\" data-element_type=\"widget\" data-e-type=\"widget\" data-widget_type=\"html.default\">\n\t\t\t\t\t\t\t\t\t<\/div>\n<\/p><\/div>\n<\/p><\/div>\n<\/p><\/div>\n","protected":false},"excerpt":{"rendered":"<p>La compagnie a\u00e9rienne d&#8217;\u00c1voris, Iberojet, va ouvrir une nouvelle liaison a\u00e9rienne directe entre l&#8217;Espagne et le Salvador, dont l&#8217;exploitation d\u00e9butera le 13 septembre, en basse saison pour le march\u00e9 touristique espagnol. Selon les pr\u00e9cisions fournies par la compagnie, cette liaison proposera deux vols hebdomadaires au d\u00e9part de Madrid et de Barcelone, renfor\u00e7ant ainsi la connectivit\u00e9 [&hellip;]<\/p>\n","protected":false},"author":13,"featured_media":76004,"comment_status":"open","ping_status":"closed","sticky":false,"template":"","format":"standard","meta":{"om_disable_all_campaigns":false,"_monsterinsights_skip_tracking":false,"_monsterinsights_sitenote_active":false,"_monsterinsights_sitenote_note":"","_monsterinsights_sitenote_category":0,"_uf_show_specific_survey":0,"_uf_disable_surveys":false,"footnotes":""},"categories":[212,4503],"tags":[332,4126,3241,3240],"class_list":["post-76003","post","type-post","status-publish","format-standard","has-post-thumbnail","hentry","category-breaking-news","category-transport","tag-espagne","tag-iberojet","tag-liaison-aerienne","tag-salvador"],"acf":[],"_links":{"self":[{"href":"https:\/\/immo.lecourrier.es\/index.php\/wp-json\/wp\/v2\/posts\/76003","targetHints":{"allow":["GET"]}}],"collection":[{"href":"https:\/\/immo.lecourrier.es\/index.php\/wp-json\/wp\/v2\/posts"}],"about":[{"href":"https:\/\/immo.lecourrier.es\/index.php\/wp-json\/wp\/v2\/types\/post"}],"author":[{"embeddable":true,"href":"https:\/\/immo.lecourrier.es\/index.php\/wp-json\/wp\/v2\/users\/13"}],"replies":[{"embeddable":true,"href":"https:\/\/immo.lecourrier.es\/index.php\/wp-json\/wp\/v2\/comments?post=76003"}],"version-history":[{"count":0,"href":"https:\/\/immo.lecourrier.es\/index.php\/wp-json\/wp\/v2\/posts\/76003\/revisions"}],"wp:featuredmedia":[{"embeddable":true,"href":"https:\/\/immo.lecourrier.es\/index.php\/wp-json\/wp\/v2\/media\/76004"}],"wp:attachment":[{"href":"https:\/\/immo.lecourrier.es\/index.php\/wp-json\/wp\/v2\/media?parent=76003"}],"wp:term":[{"taxonomy":"category","embeddable":true,"href":"https:\/\/immo.lecourrier.es\/index.php\/wp-json\/wp\/v2\/categories?post=76003"},{"taxonomy":"post_tag","embeddable":true,"href":"https:\/\/immo.lecourrier.es\/index.php\/wp-json\/wp\/v2\/tags?post=76003"}],"curies":[{"name":"wp","href":"https:\/\/api.w.org\/{rel}","templated":true}]}}