{"id":75994,"date":"2026-04-30T11:35:37","date_gmt":"2026-04-30T11:35:37","guid":{"rendered":"https:\/\/immo.lecourrier.es\/index.php\/2026\/04\/30\/les-pluies-recentes-une-aubaine-pour-les-cultures-cerealieres-et-le-tournesol-en-castille-et-leon\/"},"modified":"2026-04-30T11:35:37","modified_gmt":"2026-04-30T11:35:37","slug":"les-pluies-recentes-une-aubaine-pour-les-cultures-cerealieres-et-le-tournesol-en-castille-et-leon","status":"publish","type":"post","link":"https:\/\/immo.lecourrier.es\/index.php\/2026\/04\/30\/les-pluies-recentes-une-aubaine-pour-les-cultures-cerealieres-et-le-tournesol-en-castille-et-leon\/","title":{"rendered":"Les pluies r\u00e9centes, une aubaine pour les cultures c\u00e9r\u00e9ali\u00e8res et le tournesol en Castille-et-Le\u00f3n"},"content":{"rendered":"<p><i>Apr\u00e8s plusieurs mois de d\u00e9ficit hydrique marqu\u00e9, les pr\u00e9cipitations enregistr\u00e9es ces derni\u00e8res semaines dans la province de Le\u00f3n, en Espagne, offrent un r\u00e9pit bienvenu aux agriculteurs. Les cultures de c\u00e9r\u00e9ales d&#8217;hiver et de tournesol de secano, particuli\u00e8rement vuln\u00e9rables \u00e0 la s\u00e9cheresse, b\u00e9n\u00e9ficient enfin d&#8217;un apport en eau suffisant pour relancer leur d\u00e9veloppement. Une bouff\u00e9e d&#8217;oxyg\u00e8ne pour un secteur agricole sous tension.<\/i><\/p>\n<h2>Des pluies salvatrices pour les c\u00e9r\u00e9ales d&#8217;hiver<\/h2>\n<p>La saison agricole 2025-2026 avait d\u00e9marr\u00e9 sous de mauvais auspices dans la province de Le\u00f3n. Les semis de c\u00e9r\u00e9ales d&#8217;hiver, r\u00e9alis\u00e9s \u00e0 l&#8217;automne, avaient souffert d&#8217;un manque d&#8217;humidit\u00e9 persistant dans les sols, compromettant la lev\u00e9e et les premiers stades de croissance des plantes. Les exploitants agricoles de la r\u00e9gion craignaient une r\u00e9colte largement en de\u00e7\u00e0 des moyennes habituelles.<\/p>\n<p>Mais les pluies survenues courant avril 2026 ont consid\u00e9rablement chang\u00e9 la donne. Selon Agroinformacion, les pr\u00e9cipitations r\u00e9centes sont non seulement b\u00e9n\u00e9fiques pour le bl\u00e9 et l&#8217;orge d&#8217;hiver, mais elles arrivent \u00e9galement \u00e0 un moment crucial pour la siembra, c&#8217;est-\u00e0-dire la p\u00e9riode de semis du tournesol de secano, une culture qui d\u00e9pend enti\u00e8rement des apports naturels en eau, sans irrigation artificielle.<\/p>\n<p>Les c\u00e9r\u00e9ales d&#8217;hiver, qui repr\u00e9sentent une part essentielle de l&#8217;\u00e9conomie agricole de Castille-et-Le\u00f3n, avaient accus\u00e9 un retard de d\u00e9veloppement notable. Les stades ph\u00e9nologiques cl\u00e9s, notamment le tallage et la montaison, s&#8217;effectuaient dans des conditions de stress hydrique pr\u00e9occupantes. Les apports en eau intervenus \u00e0 ce stade permettent aux plantes de compenser une partie du d\u00e9ficit accumul\u00e9 et d&#8217;envisager un remplissage correct des grains.<\/p>\n<p>Selon les donn\u00e9es de l&#8217;Agence m\u00e9t\u00e9orologique espagnole (AEMET), certaines stations de mesure de la province de Le\u00f3n ont enregistr\u00e9 entre 40 et 65 millim\u00e8tres de pr\u00e9cipitations sur les deux derni\u00e8res semaines d&#8217;avril, soit un volume sup\u00e9rieur \u00e0 la normale saisonni\u00e8re de 20 \u00e0 30 %. Ces chiffres restent insuffisants pour compenser l&#8217;int\u00e9gralit\u00e9 du d\u00e9ficit de l&#8217;hiver, mais ils constituent une am\u00e9lioration significative des conditions agronomiques.<\/p>\n<blockquote class=\"ml-2 border-l-4 border-border-300\/10 pl-4 text-text-300\">\n<p class=\"font-claude-response-body break-words whitespace-normal leading-[1.7]\"><em>\u00ab Les pluies r\u00e9centes sont tr\u00e8s b\u00e9n\u00e9fiques non seulement pour les c\u00e9r\u00e9ales d&#8217;hiver, mais aussi pour les semis de tournesol de secano dans la province de Le\u00f3n. \u00bb<\/em> Agroinformacion, avril 2026<\/p>\n<\/blockquote>\n<p>Les agriculteurs de la zone expriment un soulagement mesur\u00e9. Si les pr\u00e9cipitations sont accueillies avec satisfaction, beaucoup rappellent que la situation reste fragile et que de nouvelles p\u00e9riodes s\u00e8ches pourraient rapidement effacer les b\u00e9n\u00e9fices engrang\u00e9s. La r\u00e9silience du secteur agricole face aux al\u00e9as climatiques est plus que jamais mise \u00e0 l&#8217;\u00e9preuve.<\/p>\n<h2>Le tournesol de secano, grande b\u00e9n\u00e9ficiaire des pr\u00e9cipitations printani\u00e8res<\/h2>\n<p>Le tournesol de secano occupe une place particuli\u00e8re dans le paysage agricole de Le\u00f3n. Cette culture, sem\u00e9e au printemps, est enti\u00e8rement tributaire des pluies naturelles pour son alimentation en eau. Contrairement aux cultures irrigu\u00e9es, elle ne dispose d&#8217;aucun filet de s\u00e9curit\u00e9 en cas de s\u00e9cheresse prolong\u00e9e. C&#8217;est pourquoi les conditions m\u00e9t\u00e9orologiques d&#8217;avril et de mai sont d\u00e9terminantes pour l&#8217;ensemble de la campagne.<\/p>\n<p>Les pluies enregistr\u00e9es en ce printemps 2026 interviennent au meilleur moment possible pour les semis en cours. L&#8217;humidit\u00e9 pr\u00e9sente dans les horizons superficiels du sol favorise une germination rapide et homog\u00e8ne, condition indispensable pour obtenir une densit\u00e9 de peuplement satisfaisante. Un d\u00e9marrage optimal de la culture conditionne directement le rendement final, qui peut varier du simple au double selon les conditions d&#8217;\u00e9tablissement.<\/p>\n<p>Selon les estimations du minist\u00e8re espagnol de l&#8217;Agriculture, la superficie emblav\u00e9e en tournesol dans la communaut\u00e9 autonome de Castille-et-Le\u00f3n tourne autour de 120 000 \u00e0 140 000 hectares certaines ann\u00e9es, dont une proportion significative est cultiv\u00e9e en secano. Ces surfaces sont particuli\u00e8rement sensibles aux variations climatiques interannuelles.<\/p>\n<p>La fili\u00e8re ol\u00e9agineuse espagnole suit de pr\u00e8s l&#8217;\u00e9volution des conditions m\u00e9t\u00e9orologiques. Apr\u00e8s plusieurs campagnes difficiles marqu\u00e9es par des rendements d\u00e9cevants en raison de la s\u00e9cheresse, les op\u00e9rateurs de la cha\u00eene de valeur esp\u00e8rent que le printemps 2026 marquera un tournant. Les coop\u00e9ratives agricoles de la r\u00e9gion ont d&#8217;ores et d\u00e9j\u00e0 signal\u00e9 une hausse des intentions de semis en tournesol, les agriculteurs cherchant \u00e0 profiter de prix agricoles favorables et de conditions de d\u00e9part encourageantes.<\/p>\n<blockquote class=\"ml-2 border-l-4 border-border-300\/10 pl-4 text-text-300\">\n<p class=\"font-claude-response-body break-words whitespace-normal leading-[1.7]\"><em>\u00ab Un d\u00e9marrage dans de bonnes conditions hydriques peut faire la diff\u00e9rence entre un rendement moyen et un rendement satisfaisant, surtout pour une culture aussi sensible que le tournesol de secano. \u00bb<\/em> Coop\u00e9ratives Agro-alimentaires d&#8217;Espagne, rapport de campagne 2025<\/p>\n<\/blockquote>\n<p>Il convient toutefois de relativiser cet optimisme. Les sp\u00e9cialistes en agronomie rappellent que le tournesol, bien qu&#8217;adapt\u00e9 \u00e0 des conditions semi-arides, reste vuln\u00e9rable au stress hydrique pendant les phases critiques de floraison et de remplissage des ak\u00e8nes, qui interviendront en juillet et ao\u00fbt. Les mois \u00e0 venir seront donc tout aussi d\u00e9terminants que ce bon d\u00e9part printanier.<\/p>\n<h2>Conclusion<\/h2>\n<p>Les pr\u00e9cipitations enregistr\u00e9es en avril 2026 dans la province de Le\u00f3n repr\u00e9sentent une avanc\u00e9e notable pour l&#8217;agriculture locale, en particulier pour les c\u00e9r\u00e9ales d&#8217;hiver en phase de croissance active et pour les semis de tournesol de secano en cours d&#8217;implantation. Si ces pluies ne suffisent pas \u00e0 effacer enti\u00e8rement les effets d&#8217;un hiver sec, elles am\u00e9liorent sensiblement les perspectives de la campagne agricole 2026. La vigilance reste de mise face \u00e0 un contexte climatique de plus en plus impr\u00e9visible, qui impose aux agriculteurs une capacit\u00e9 d&#8217;adaptation permanente et une gestion rigoureuse de chaque apport en eau disponible.<br \/>\n<i>Sources et photo: R\u00e9daction LCE (avec l&#8217;aide de l&#8217;IA)<\/i><\/p>\n<hr style=\"border: none;border-top: 1px solid #000000;margin: 24px 0\">\n","protected":false},"excerpt":{"rendered":"<p>Apr\u00e8s plusieurs mois de d\u00e9ficit hydrique marqu\u00e9, les pr\u00e9cipitations enregistr\u00e9es ces derni\u00e8res semaines dans la province de Le\u00f3n, en Espagne, offrent un r\u00e9pit bienvenu aux agriculteurs. Les cultures de c\u00e9r\u00e9ales d&#8217;hiver et de tournesol de secano, particuli\u00e8rement vuln\u00e9rables \u00e0 la s\u00e9cheresse, b\u00e9n\u00e9ficient enfin d&#8217;un apport en eau suffisant pour relancer leur d\u00e9veloppement. Une bouff\u00e9e d&#8217;oxyg\u00e8ne [&hellip;]<\/p>\n","protected":false},"author":13,"featured_media":75995,"comment_status":"open","ping_status":"closed","sticky":false,"template":"","format":"standard","meta":{"om_disable_all_campaigns":false,"_monsterinsights_skip_tracking":false,"_monsterinsights_sitenote_active":false,"_monsterinsights_sitenote_note":"","_monsterinsights_sitenote_category":0,"_uf_show_specific_survey":0,"_uf_disable_surveys":false,"footnotes":""},"categories":[4509],"tags":[1153,4838,4839],"class_list":["post-75994","post","type-post","status-publish","format-standard","has-post-thumbnail","hentry","category-uncategorized","tag-agriculture","tag-castille-et-leon","tag-pluie"],"acf":[],"_links":{"self":[{"href":"https:\/\/immo.lecourrier.es\/index.php\/wp-json\/wp\/v2\/posts\/75994","targetHints":{"allow":["GET"]}}],"collection":[{"href":"https:\/\/immo.lecourrier.es\/index.php\/wp-json\/wp\/v2\/posts"}],"about":[{"href":"https:\/\/immo.lecourrier.es\/index.php\/wp-json\/wp\/v2\/types\/post"}],"author":[{"embeddable":true,"href":"https:\/\/immo.lecourrier.es\/index.php\/wp-json\/wp\/v2\/users\/13"}],"replies":[{"embeddable":true,"href":"https:\/\/immo.lecourrier.es\/index.php\/wp-json\/wp\/v2\/comments?post=75994"}],"version-history":[{"count":0,"href":"https:\/\/immo.lecourrier.es\/index.php\/wp-json\/wp\/v2\/posts\/75994\/revisions"}],"wp:featuredmedia":[{"embeddable":true,"href":"https:\/\/immo.lecourrier.es\/index.php\/wp-json\/wp\/v2\/media\/75995"}],"wp:attachment":[{"href":"https:\/\/immo.lecourrier.es\/index.php\/wp-json\/wp\/v2\/media?parent=75994"}],"wp:term":[{"taxonomy":"category","embeddable":true,"href":"https:\/\/immo.lecourrier.es\/index.php\/wp-json\/wp\/v2\/categories?post=75994"},{"taxonomy":"post_tag","embeddable":true,"href":"https:\/\/immo.lecourrier.es\/index.php\/wp-json\/wp\/v2\/tags?post=75994"}],"curies":[{"name":"wp","href":"https:\/\/api.w.org\/{rel}","templated":true}]}}