{"id":75992,"date":"2026-04-30T11:35:31","date_gmt":"2026-04-30T11:35:31","guid":{"rendered":"https:\/\/immo.lecourrier.es\/index.php\/2026\/04\/30\/iryo-reprend-la-liaison-madrid-malaga-le-30-avril-avec-jusqua-dix-frequences-quotidiennes\/"},"modified":"2026-04-30T11:35:31","modified_gmt":"2026-04-30T11:35:31","slug":"iryo-reprend-la-liaison-madrid-malaga-le-30-avril-avec-jusqua-dix-frequences-quotidiennes","status":"publish","type":"post","link":"https:\/\/immo.lecourrier.es\/index.php\/2026\/04\/30\/iryo-reprend-la-liaison-madrid-malaga-le-30-avril-avec-jusqua-dix-frequences-quotidiennes\/","title":{"rendered":"Iryo reprend la liaison Madrid-M\u00e1laga le 30 avril avec jusqu&#8217;\u00e0 dix fr\u00e9quences quotidiennes."},"content":{"rendered":"\n<div data-elementor-type=\"wp-post\" data-elementor-id=\"137655\" class=\"elementor elementor-137655\" data-elementor-post-type=\"post\">\n<div class=\"elementor-element elementor-element-1d699eee e-flex e-con-boxed e-con e-parent\" data-id=\"1d699eee\" data-element_type=\"container\" data-e-type=\"container\">\n<div class=\"e-con-inner\">\n<div class=\"elementor-element elementor-element-548e67a0 elementor-widget elementor-widget-text-editor\" data-id=\"548e67a0\" data-element_type=\"widget\" data-e-type=\"widget\" data-widget_type=\"text-editor.default\">\n<p><i>Apr\u00e8s une interruption li\u00e9e aux travaux de maintenance sur le r\u00e9seau \u00e0 grande vitesse espagnol, la compagnie ferroviaire Iryo annonce la reprise de ses services entre Madrid et M\u00e1laga \u00e0 compter du 30 avril 2026. Une bonne nouvelle pour les voyageurs qui retrouveront une offre renforc\u00e9e sur l&#8217;un des corridors les plus fr\u00e9quent\u00e9s de la p\u00e9ninsule ib\u00e9rique.<\/i><\/p>\n<h2>Un retour en force sur l&#8217;axe Madrid-M\u00e1laga<\/h2>\n<p>Selon Noticias Log\u00edstica y Transporte, Iryo pr\u00e9voit de remettre en service sa liaison \u00e0 grande vitesse entre Madrid et M\u00e1laga le 30 avril 2026, avec une offre pouvant atteindre dix fr\u00e9quences quotidiennes dans les deux sens.<\/p>\n<p>Cette reprise intervient apr\u00e8s plusieurs semaines de suspension partielle du trafic sur cet axe, en raison de travaux programm\u00e9s sur l&#8217;infrastructure ferroviaire g\u00e9r\u00e9e par Adif, le gestionnaire du r\u00e9seau espagnol. Les chantiers, n\u00e9cessaires \u00e0 la modernisation et \u00e0 la s\u00e9curisation des voies, avaient contraint les op\u00e9rateurs \u00e0 r\u00e9duire significativement leur offre commerciale sur ce corridor strat\u00e9gique.<\/p>\n<p>La liaison Madrid-M\u00e1laga est l&#8217;une des plus emprunt\u00e9es d&#8217;Espagne. Elle relie la capitale \u00e0 la capitale de la Costa del Sol en moins de deux heures trente, un temps de parcours qui en fait une alternative s\u00e9rieuse \u00e0 l&#8217;avion pour de nombreux voyageurs d&#8217;affaires et touristes.<\/p>\n<blockquote class=\"ml-2 border-l-4 border-border-300\/10 pl-4 text-text-300\">\n<p class=\"font-claude-response-body break-words whitespace-normal leading-[1.7]\"><em>\u00ab Iryo reprend ses services sur Madrid-M\u00e1laga avec une offre maximale de dix fr\u00e9quences journali\u00e8res, confirmant notre engagement envers les voyageurs sur ce corridor essentiel. \u00bb<\/em> Iryo, communiqu\u00e9 officiel, avril 2026<\/p>\n<\/blockquote>\n<p>Avec dix allers-retours possibles par jour, Iryo entend r\u00e9pondre \u00e0 une demande qui s&#8217;\u00e9tait accumul\u00e9e pendant la p\u00e9riode de suspension. La compagnie, lanc\u00e9e en d\u00e9cembre 2021 et appartenant au groupe Trenitalia ainsi qu&#8217;\u00e0 plusieurs partenaires espagnols, s&#8217;est progressivement impos\u00e9e comme un acteur incontournable du march\u00e9 ferroviaire lib\u00e9ralis\u00e9 en Espagne, face \u00e0 Renfe et \u00e0 Ouigo.<\/p>\n<h2>Un march\u00e9 ferroviaire espagnol en pleine comp\u00e9tition<\/h2>\n<p>L&#8217;Espagne est l&#8217;un des rares pays europ\u00e9ens \u00e0 avoir pleinement ouvert son march\u00e9 ferroviaire \u00e0 grande vitesse \u00e0 la concurrence. Depuis l&#8217;arriv\u00e9e d&#8217;Iryo fin 2021, puis la mont\u00e9e en puissance d&#8217;Ouigo Espa\u00f1a, les prix des billets ont sensiblement baiss\u00e9 sur les axes les plus fr\u00e9quent\u00e9s, au b\u00e9n\u00e9fice direct des consommateurs.<\/p>\n<p>Selon des donn\u00e9es publi\u00e9es par la Commission nationale des march\u00e9s et de la concurrence espagnole (CNMC), le nombre de voyageurs sur les lignes \u00e0 grande vitesse a progress\u00e9 de plus de 15 % entre 2022 et 2025, en partie gr\u00e2ce \u00e0 la pression concurrentielle exerc\u00e9e par les nouveaux entrants sur le march\u00e9.<\/p>\n<p>Iryo op\u00e8re aujourd&#8217;hui sur plusieurs corridors cl\u00e9s : Madrid-Barcelone, Madrid-Valence, Madrid-Alicante et, bien s\u00fbr, Madrid-M\u00e1laga. La compagnie utilise des trains Frecciarossa 1000, d\u00e9velopp\u00e9s par Alstom et Hitachi Rail, capables d&#8217;atteindre une vitesse commerciale de 300 km\/h sur les tron\u00e7ons adapt\u00e9s du r\u00e9seau espagnol.<\/p>\n<blockquote class=\"ml-2 border-l-4 border-border-300\/10 pl-4 text-text-300\">\n<p class=\"font-claude-response-body break-words whitespace-normal leading-[1.7]\"><em>\u00ab La concurrence sur les lignes \u00e0 grande vitesse espagnoles a permis une r\u00e9duction moyenne des tarifs de l&#8217;ordre de 30 \u00e0 40 % sur certains axes, tout en augmentant la fr\u00e9quence des services disponibles pour les voyageurs. \u00bb<\/em> Commission nationale des march\u00e9s et de la concurrence (CNMC), rapport annuel 2025<\/p>\n<\/blockquote>\n<p>La reprise du service Madrid-M\u00e1laga s&#8217;inscrit dans une dynamique plus large de consolidation de la position d&#8217;Iryo sur le r\u00e9seau espagnol. La compagnie cherche \u00e0 fid\u00e9liser sa client\u00e8le en proposant des tarifs attractifs et une exp\u00e9rience \u00e0 bord soign\u00e9e, notamment gr\u00e2ce \u00e0 des espaces de travail am\u00e9nag\u00e9s et une connexion Wi-Fi disponible sur l&#8217;ensemble de la flotte.<\/p>\n<p>Par ailleurs, la saison estivale approchant, la demande sur l&#8217;axe Madrid-M\u00e1laga devrait conna\u00eetre une forte hausse. M\u00e1laga est en effet l&#8217;une des destinations touristiques les plus pris\u00e9es d&#8217;Espagne, attirant chaque ann\u00e9e plusieurs millions de visiteurs internationaux. La disponibilit\u00e9 de dix fr\u00e9quences quotidiennes permettra d&#8217;absorber une partie de ce flux, en compl\u00e9ment des liaisons a\u00e9riennes et des services Renfe.<\/p>\n<p>Adif, de son c\u00f4t\u00e9, a confirm\u00e9 que les travaux r\u00e9alis\u00e9s pendant la p\u00e9riode de suspension ont permis d&#8217;am\u00e9liorer la qualit\u00e9 et la fiabilit\u00e9 de l&#8217;infrastructure, ce qui devrait se traduire par une meilleure ponctualit\u00e9 pour l&#8217;ensemble des op\u00e9rateurs circulant sur cet axe.<\/p>\n<p>En conclusion, la reprise par Iryo de sa liaison Madrid-M\u00e1laga le 30 avril 2026, avec une offre allant jusqu&#8217;\u00e0 dix fr\u00e9quences quotidiennes, constitue une bonne nouvelle pour les voyageurs et confirme la vitalit\u00e9 du march\u00e9 ferroviaire \u00e0 grande vitesse espagnol. Dans un contexte de concurrence accrue et de demande touristique soutenue, cette d\u00e9cision t\u00e9moigne de la confiance des op\u00e9rateurs dans le potentiel de ce corridor strat\u00e9gique pour les ann\u00e9es \u00e0 venir.<br \/><i><\/i><\/p>\n<p><i>Sources et photo: R\u00e9daction LCE (avec l&#8217;aide de l&#8217;IA)<\/i><\/p>\n<hr style=\"border: none;border-top: 1px solid #000000;margin: 24px 0\" \/>\t\t\t\t\t\t\t\t<\/div>\n<div class=\"elementor-element elementor-element-c2dd90f elementor-widget elementor-widget-html\" data-id=\"c2dd90f\" data-element_type=\"widget\" data-e-type=\"widget\" data-widget_type=\"html.default\">\n\t\t\t\t\t\t\t\t\t<\/div>\n<\/p><\/div>\n<\/p><\/div>\n<\/p><\/div>\n","protected":false},"excerpt":{"rendered":"<p>Apr\u00e8s une interruption li\u00e9e aux travaux de maintenance sur le r\u00e9seau \u00e0 grande vitesse espagnol, la compagnie ferroviaire Iryo annonce la reprise de ses services entre Madrid et M\u00e1laga \u00e0 compter du 30 avril 2026. Une bonne nouvelle pour les voyageurs qui retrouveront une offre renforc\u00e9e sur l&#8217;un des corridors les plus fr\u00e9quent\u00e9s de la [&hellip;]<\/p>\n","protected":false},"author":13,"featured_media":75993,"comment_status":"open","ping_status":"closed","sticky":false,"template":"","format":"standard","meta":{"om_disable_all_campaigns":false,"_monsterinsights_skip_tracking":false,"_monsterinsights_sitenote_active":false,"_monsterinsights_sitenote_note":"","_monsterinsights_sitenote_category":0,"_uf_show_specific_survey":0,"_uf_disable_surveys":false,"footnotes":""},"categories":[4509],"tags":[4128,449,272],"class_list":["post-75992","post","type-post","status-publish","format-standard","has-post-thumbnail","hentry","category-uncategorized","tag-iryo","tag-malaga","tag-valence"],"acf":[],"_links":{"self":[{"href":"https:\/\/immo.lecourrier.es\/index.php\/wp-json\/wp\/v2\/posts\/75992","targetHints":{"allow":["GET"]}}],"collection":[{"href":"https:\/\/immo.lecourrier.es\/index.php\/wp-json\/wp\/v2\/posts"}],"about":[{"href":"https:\/\/immo.lecourrier.es\/index.php\/wp-json\/wp\/v2\/types\/post"}],"author":[{"embeddable":true,"href":"https:\/\/immo.lecourrier.es\/index.php\/wp-json\/wp\/v2\/users\/13"}],"replies":[{"embeddable":true,"href":"https:\/\/immo.lecourrier.es\/index.php\/wp-json\/wp\/v2\/comments?post=75992"}],"version-history":[{"count":0,"href":"https:\/\/immo.lecourrier.es\/index.php\/wp-json\/wp\/v2\/posts\/75992\/revisions"}],"wp:featuredmedia":[{"embeddable":true,"href":"https:\/\/immo.lecourrier.es\/index.php\/wp-json\/wp\/v2\/media\/75993"}],"wp:attachment":[{"href":"https:\/\/immo.lecourrier.es\/index.php\/wp-json\/wp\/v2\/media?parent=75992"}],"wp:term":[{"taxonomy":"category","embeddable":true,"href":"https:\/\/immo.lecourrier.es\/index.php\/wp-json\/wp\/v2\/categories?post=75992"},{"taxonomy":"post_tag","embeddable":true,"href":"https:\/\/immo.lecourrier.es\/index.php\/wp-json\/wp\/v2\/tags?post=75992"}],"curies":[{"name":"wp","href":"https:\/\/api.w.org\/{rel}","templated":true}]}}