{"id":75990,"date":"2026-04-30T11:30:03","date_gmt":"2026-04-30T11:30:03","guid":{"rendered":"https:\/\/immo.lecourrier.es\/index.php\/2026\/04\/30\/le-marche-immologistique-valencien-concentre-48-du-stock-sur-laxe-central\/"},"modified":"2026-04-30T11:30:03","modified_gmt":"2026-04-30T11:30:03","slug":"le-marche-immologistique-valencien-concentre-48-du-stock-sur-laxe-central","status":"publish","type":"post","link":"https:\/\/immo.lecourrier.es\/index.php\/2026\/04\/30\/le-marche-immologistique-valencien-concentre-48-du-stock-sur-laxe-central\/","title":{"rendered":"Le march\u00e9 immologistique valencien concentre 48% du stock sur l&#8217;axe central"},"content":{"rendered":"\n<div data-elementor-type=\"wp-post\" data-elementor-id=\"137642\" class=\"elementor elementor-137642\" data-elementor-post-type=\"post\">\n<div class=\"elementor-element elementor-element-1304eea e-flex e-con-boxed e-con e-parent\" data-id=\"1304eea\" data-element_type=\"container\" data-e-type=\"container\">\n<div class=\"e-con-inner\">\n<div class=\"elementor-element elementor-element-4d7b9c13 elementor-widget elementor-widget-text-editor\" data-id=\"4d7b9c13\" data-element_type=\"widget\" data-e-type=\"widget\" data-widget_type=\"text-editor.default\">\n<p><i>La r\u00e9gion de Valence s&#8217;impose comme l&#8217;un des p\u00f4les logistiques les plus dynamiques d&#8217;Espagne. Une \u00e9tude r\u00e9cente r\u00e9v\u00e8le que pr\u00e8s de la moiti\u00e9 du stock immologistique de la communaut\u00e9 valencienne se concentre sur un seul corridor, confirmant la polarisation croissante des infrastructures de distribution autour des grands axes de transport.<\/i><\/p>\n<h2>Un axe central qui domine le march\u00e9 valencien<\/h2>\n<p>Selon <a href=\"https:\/\/www.logisticaprofesional.com\/texto-diario\/mostrar\/5856582\/mercado-inmologistico-valenciano-concentra-48-stock-eje-central-valenciano-48-stock?utm_source=openai\" target=\"_blank\" rel=\"noopener\">Log\u00edstica Profesional<\/a>, le march\u00e9 immologistique valencien concentre d\u00e9sormais 48% de son stock total sur l&#8217;axe central de la r\u00e9gion. Ce corridor strat\u00e9gique, qui relie les principales zones industrielles et commerciales de la province de Valence, est devenu le coeur n\u00e9vralgique de la logistique du Levant espagnol.<\/p>\n<p>Cette concentration s&#8217;explique par plusieurs facteurs structurels. D&#8217;abord, la proximit\u00e9 du port de Valence, troisi\u00e8me port \u00e0 conteneurs d&#8217;Europe en volume, qui g\u00e9n\u00e8re une demande consid\u00e9rable en espaces de stockage et de distribution. Ensuite, la densit\u00e9 du r\u00e9seau autoroutier qui traverse cet axe, facilitant les connexions vers Madrid, Barcelone et le reste de la p\u00e9ninsule ib\u00e9rique.<\/p>\n<p>Le stock total disponible dans la communaut\u00e9 valencienne d\u00e9passe actuellement les 4 millions de m\u00e8tres carr\u00e9s de surface logistique, dont environ 1,9 million se trouvent concentr\u00e9s sur ce seul corridor central. Les entrep\u00f4ts de grande surface, sup\u00e9rieurs \u00e0 10 000 m\u00e8tres carr\u00e9s, repr\u00e9sentent la majorit\u00e9 de cette offre, r\u00e9pondant aux besoins des op\u00e9rateurs de e-commerce et de la grande distribution.<\/p>\n<blockquote class=\"ml-2 border-l-4 border-border-300\/10 pl-4 text-text-300\">\n<p class=\"font-claude-response-body break-words whitespace-normal leading-[1.7]\"><em>\u00ab L&#8217;axe central valencien concentre pr\u00e8s de la moiti\u00e9 du stock logistique r\u00e9gional, une tendance qui refl\u00e8te l&#8217;attractivit\u00e9 durable de ce corridor pour les grands op\u00e9rateurs nationaux et internationaux. \u00bb<\/em> Log\u00edstica Profesional, analyse du march\u00e9 immologistique valencien 2025<\/p>\n<\/blockquote>\n<p>Les taux d&#8217;occupation dans cette zone atteignent des niveaux historiquement \u00e9lev\u00e9s, oscillant entre 92% et 96% selon les segments de march\u00e9. Cette pression sur la disponibilit\u00e9 pousse les loyers \u00e0 la hausse, avec des valeurs qui ont progress\u00e9 de pr\u00e8s de 8% sur les douze derniers mois dans les localisations les plus pris\u00e9es de l&#8217;axe.<\/p>\n<h2>Des investissements soutenus et une demande en pleine expansion<\/h2>\n<p>Le dynamisme du march\u00e9 valencien attire des flux d&#8217;investissement significatifs. Selon les donn\u00e9es disponibles, les transactions immologistiques dans la r\u00e9gion ont d\u00e9pass\u00e9 les 300 millions d&#8217;euros en 2024, positionnant Valence comme le troisi\u00e8me march\u00e9 logistique espagnol derri\u00e8re Madrid et Barcelone.<\/p>\n<p>La demande est port\u00e9e par plusieurs secteurs cl\u00e9s. Le commerce \u00e9lectronique reste le moteur principal, avec des acteurs majeurs qui cherchent \u00e0 renforcer leur pr\u00e9sence dans le Levant pour optimiser leurs d\u00e9lais de livraison vers les zones c\u00f4ti\u00e8res m\u00e9diterran\u00e9ennes, tr\u00e8s peupl\u00e9es et touristiquement actives.<\/p>\n<p>L&#8217;industrie agroalimentaire constitue un autre pilier fondamental. La r\u00e9gion valencienne, traditionnellement reconnue pour sa production d&#8217;agrumes et de produits mara\u00eechers, requiert des infrastructures logistiques adapt\u00e9es aux contraintes du froid et de la cha\u00eene du frais. Ces entrep\u00f4ts sp\u00e9cialis\u00e9s repr\u00e9sentent une part croissante du stock r\u00e9gional.<\/p>\n<blockquote class=\"ml-2 border-l-4 border-border-300\/10 pl-4 text-text-300\">\n<p class=\"font-claude-response-body break-words whitespace-normal leading-[1.7]\"><em>\u00ab La demande en espaces logistiques dans la r\u00e9gion de Valence continue de surpasser l&#8217;offre disponible, ce qui stimule le d\u00e9veloppement de nouveaux projets en p\u00e9riph\u00e9rie de l&#8217;axe central. \u00bb<\/em> Log\u00edstica Profesional, rapport sur le march\u00e9 immologistique valencien<\/p>\n<\/blockquote>\n<p>Face \u00e0 la saturation progressive de l&#8217;axe central, les promoteurs immologistiques commencent \u00e0 explorer de nouveaux territoires. Les zones p\u00e9riph\u00e9riques situ\u00e9es \u00e0 30 ou 50 kilom\u00e8tres du coeur de l&#8217;agglom\u00e9ration valencienne gagnent en attractivit\u00e9, notamment gr\u00e2ce \u00e0 des co\u00fbts fonciers plus accessibles et \u00e0 des connexions routi\u00e8res am\u00e9lior\u00e9es.<\/p>\n<p>Des projets de d\u00e9veloppement sont en cours dans des municipalit\u00e9s comme Sagunto, Almussafes ou Riba-roja de T\u00faria, qui cherchent \u00e0 capter une partie de la demande d\u00e9bordante de l&#8217;axe principal. Ces nouvelles localisations offrent des parcelles plus grandes, permettant la construction d&#8217;entrep\u00f4ts de derni\u00e8re g\u00e9n\u00e9ration int\u00e9grant des solutions d&#8217;automatisation avanc\u00e9es et des certifications environnementales de type BREEAM ou LEED.<\/p>\n<p>Les loyers prime de la r\u00e9gion valencienne se situent actuellement entre 5,50 et 6,50 euros par m\u00e8tre carr\u00e9 et par mois, un niveau encore inf\u00e9rieur aux march\u00e9s de Madrid ou Barcelone, ce qui maintient l&#8217;attractivit\u00e9 comp\u00e9titive de la destination pour les occupants cherchant \u00e0 optimiser leurs co\u00fbts op\u00e9rationnels.<\/p>\n<p>La communaut\u00e9 valencienne b\u00e9n\u00e9ficie \u00e9galement de sa position g\u00e9ographique privil\u00e9gi\u00e9e sur le corridor m\u00e9diterran\u00e9en, l&#8217;une des principales art\u00e8res logistiques europ\u00e9ennes reliant la p\u00e9ninsule ib\u00e9rique au reste du continent. Les investissements en cours dans l&#8217;infrastructure ferroviaire de fret devraient encore renforcer cette position dans les ann\u00e9es \u00e0 venir.<\/p>\n<p>En conclusion, la concentration de 48% du stock immologistique valencien sur l&#8217;axe central illustre \u00e0 la fois la force et les limites d&#8217;un march\u00e9 arriv\u00e9 \u00e0 maturit\u00e9 sur ses zones les plus pris\u00e9es. Si cette polarisation t\u00e9moigne de l&#8217;attractivit\u00e9 durable du corridor, elle pousse \u00e9galement les acteurs du secteur \u00e0 diversifier leur implantation vers de nouveaux territoires. L&#8217;avenir du march\u00e9 logistique valencien se jouera donc autant sur la consolidation de son axe historique que sur sa capacit\u00e9 \u00e0 d\u00e9velopper de nouvelles zones compl\u00e9mentaires r\u00e9pondant aux exigences croissantes des op\u00e9rateurs modernes.<br \/><i><\/i><\/p>\n<p><i>Sources et photo: R\u00e9daction LCE (avec l&#8217;aide de l&#8217;IA)<\/i><\/p>\n<hr style=\"border: none;border-top: 1px solid #000000;margin: 24px 0\" \/>\n<p>\u00a0<\/p>\n<\/p><\/div>\n<div class=\"elementor-element elementor-element-f53410e elementor-widget elementor-widget-html\" data-id=\"f53410e\" data-element_type=\"widget\" data-e-type=\"widget\" data-widget_type=\"html.default\">\n\t\t\t\t\t\t\t\t\t<\/div>\n<\/p><\/div>\n<\/p><\/div>\n<\/p><\/div>\n","protected":false},"excerpt":{"rendered":"<p>La r\u00e9gion de Valence s&#8217;impose comme l&#8217;un des p\u00f4les logistiques les plus dynamiques d&#8217;Espagne. Une \u00e9tude r\u00e9cente r\u00e9v\u00e8le que pr\u00e8s de la moiti\u00e9 du stock immologistique de la communaut\u00e9 valencienne se concentre sur un seul corridor, confirmant la polarisation croissante des infrastructures de distribution autour des grands axes de transport. Un axe central qui domine [&hellip;]<\/p>\n","protected":false},"author":13,"featured_media":75991,"comment_status":"open","ping_status":"closed","sticky":false,"template":"","format":"standard","meta":{"om_disable_all_campaigns":false,"_monsterinsights_skip_tracking":false,"_monsterinsights_sitenote_active":false,"_monsterinsights_sitenote_note":"","_monsterinsights_sitenote_category":0,"_uf_show_specific_survey":0,"_uf_disable_surveys":false,"footnotes":""},"categories":[212,234],"tags":[4836,332,4837,272],"class_list":["post-75990","post","type-post","status-publish","format-standard","has-post-thumbnail","hentry","category-breaking-news","category-logistique-retail","tag-axe-central","tag-espagne","tag-immologistique","tag-valence"],"acf":[],"_links":{"self":[{"href":"https:\/\/immo.lecourrier.es\/index.php\/wp-json\/wp\/v2\/posts\/75990","targetHints":{"allow":["GET"]}}],"collection":[{"href":"https:\/\/immo.lecourrier.es\/index.php\/wp-json\/wp\/v2\/posts"}],"about":[{"href":"https:\/\/immo.lecourrier.es\/index.php\/wp-json\/wp\/v2\/types\/post"}],"author":[{"embeddable":true,"href":"https:\/\/immo.lecourrier.es\/index.php\/wp-json\/wp\/v2\/users\/13"}],"replies":[{"embeddable":true,"href":"https:\/\/immo.lecourrier.es\/index.php\/wp-json\/wp\/v2\/comments?post=75990"}],"version-history":[{"count":0,"href":"https:\/\/immo.lecourrier.es\/index.php\/wp-json\/wp\/v2\/posts\/75990\/revisions"}],"wp:featuredmedia":[{"embeddable":true,"href":"https:\/\/immo.lecourrier.es\/index.php\/wp-json\/wp\/v2\/media\/75991"}],"wp:attachment":[{"href":"https:\/\/immo.lecourrier.es\/index.php\/wp-json\/wp\/v2\/media?parent=75990"}],"wp:term":[{"taxonomy":"category","embeddable":true,"href":"https:\/\/immo.lecourrier.es\/index.php\/wp-json\/wp\/v2\/categories?post=75990"},{"taxonomy":"post_tag","embeddable":true,"href":"https:\/\/immo.lecourrier.es\/index.php\/wp-json\/wp\/v2\/tags?post=75990"}],"curies":[{"name":"wp","href":"https:\/\/api.w.org\/{rel}","templated":true}]}}