{"id":75986,"date":"2026-04-30T11:29:48","date_gmt":"2026-04-30T11:29:48","guid":{"rendered":"https:\/\/immo.lecourrier.es\/index.php\/2026\/04\/30\/amazon-annonce-un-nouveau-centre-logistique-a-la-muela-avec-un-investissement-de-100-millions-deuros\/"},"modified":"2026-04-30T11:29:48","modified_gmt":"2026-04-30T11:29:48","slug":"amazon-annonce-un-nouveau-centre-logistique-a-la-muela-avec-un-investissement-de-100-millions-deuros","status":"publish","type":"post","link":"https:\/\/immo.lecourrier.es\/index.php\/2026\/04\/30\/amazon-annonce-un-nouveau-centre-logistique-a-la-muela-avec-un-investissement-de-100-millions-deuros\/","title":{"rendered":"Amazon annonce un nouveau centre logistique \u00e0 La Muela avec un investissement de 100 millions d&#8217;euros"},"content":{"rendered":"\n<div data-elementor-type=\"wp-post\" data-elementor-id=\"137667\" class=\"elementor elementor-137667\" data-elementor-post-type=\"post\">\n<div class=\"elementor-element elementor-element-187b1cd3 e-flex e-con-boxed e-con e-parent\" data-id=\"187b1cd3\" data-element_type=\"container\" data-e-type=\"container\">\n<div class=\"e-con-inner\">\n<div class=\"elementor-element elementor-element-6b637b92 elementor-widget elementor-widget-text-editor\" data-id=\"6b637b92\" data-element_type=\"widget\" data-e-type=\"widget\" data-widget_type=\"text-editor.default\">\n<p><i>Le g\u00e9ant am\u00e9ricain du commerce en ligne Amazon confirme son ancrage strat\u00e9gique en Espagne avec l&#8217;annonce d&#8217;un nouveau centre logistique dans la commune de La Muela, en Aragon. Dot\u00e9 d&#8217;un investissement de 100 millions d&#8217;euros, ce projet illustre la dynamique d&#8217;expansion continue de l&#8217;entreprise sur le march\u00e9 ib\u00e9rique et renforce le positionnement de la r\u00e9gion comme hub logistique incontournable en Europe du Sud.<\/i><\/p>\n<h2>Un investissement massif au coeur de l&#8217;Aragon<\/h2>\n<p>Selon<a href=\"https:\/\/www.alimarket.es\/logistica\/noticia\/425015\/amazon-anuncia-un-nuevo-centro-logistico-en-la-muela-con-una-inversion-de-100-m-?utm_source=openai\" target=\"_blank\" rel=\"noopener\"> Alimarket Log\u00edstica<\/a>, Amazon a officiellement annonc\u00e9 la construction d&#8217;un nouveau centre logistique sur le territoire de La Muela, une commune situ\u00e9e \u00e0 une trentaine de kilom\u00e8tres \u00e0 l&#8217;ouest de Saragosse. L&#8217;investissement pr\u00e9vu s&#8217;\u00e9l\u00e8ve \u00e0 100 millions d&#8217;euros, ce qui en fait l&#8217;un des projets logistiques les plus importants annonc\u00e9s en Espagne au cours des derniers mois.<\/p>\n<p>Ce futur entrep\u00f4t s&#8217;inscrit dans la strat\u00e9gie globale d&#8217;Amazon visant \u00e0 densifier son r\u00e9seau de distribution en Europe. La Muela b\u00e9n\u00e9ficie d&#8217;une position g\u00e9ographique privil\u00e9gi\u00e9e, \u00e0 proximit\u00e9 de l&#8217;autoroute A-2 reliant Madrid \u00e0 Barcelone, ainsi que d&#8217;un acc\u00e8s facilit\u00e9 aux grands axes routiers qui traversent la p\u00e9ninsule ib\u00e9rique.<\/p>\n<p>Le site devrait g\u00e9n\u00e9rer plusieurs centaines d&#8217;emplois directs lors de sa mise en service, bien que le nombre exact de postes n&#8217;ait pas encore \u00e9t\u00e9 officiellement communiqu\u00e9 par l&#8217;entreprise. Cette annonce s&#8217;accompagne d&#8217;un calendrier de construction dont les grandes lignes restent \u00e0 pr\u00e9ciser, mais les premi\u00e8res op\u00e9rations pourraient d\u00e9marrer d&#8217;ici deux \u00e0 trois ans selon les estimations du secteur.<\/p>\n<blockquote class=\"ml-2 border-l-4 border-border-300\/10 pl-4 text-text-300\">\n<p class=\"font-claude-response-body break-words whitespace-normal leading-[1.7]\"><em>\u00ab Ce nouveau centre logistique repr\u00e9sente un engagement fort d&#8217;Amazon envers l&#8217;Espagne et ses travailleurs, et contribuera \u00e0 am\u00e9liorer encore notre capacit\u00e9 \u00e0 livrer rapidement nos clients dans toute la p\u00e9ninsule. \u00bb<\/em> Porte-parole d&#8217;Amazon Espagne, communiqu\u00e9 officiel<\/p>\n<\/blockquote>\n<p>La municipalit\u00e9 de La Muela, qui compte environ 5 000 habitants, accueille d\u00e9j\u00e0 plusieurs grandes plateformes logistiques sur son territoire. La pr\u00e9sence de zones industrielles bien \u00e9quip\u00e9es et la disponibilit\u00e9 de terrains \u00e0 des prix comp\u00e9titifs par rapport aux grandes m\u00e9tropoles en font une destination de choix pour les op\u00e9rateurs du secteur.<\/p>\n<h2>L&#8217;Espagne, terrain de jeu strat\u00e9gique pour la logistique europ\u00e9enne<\/h2>\n<p>Ce projet s&#8217;inscrit dans un contexte de fort d\u00e9veloppement du secteur logistique en Espagne. Le pays attire depuis plusieurs ann\u00e9es des investissements massifs de la part des grands acteurs du e-commerce et de la distribution, port\u00e9s par la croissance soutenue des achats en ligne et la n\u00e9cessit\u00e9 d&#8217;optimiser les d\u00e9lais de livraison.<\/p>\n<p>Selon les donn\u00e9es du secteur, l&#8217;Espagne a enregistr\u00e9 une hausse significative de la demande en surfaces logistiques ces derni\u00e8res ann\u00e9es, avec des taux d&#8217;occupation proches de 95 % dans certaines zones strat\u00e9giques comme Madrid, Barcelone ou encore Saragosse. Cette tension sur le march\u00e9 immobilier logistique a conduit de nombreux op\u00e9rateurs \u00e0 diversifier leurs implantations vers des zones secondaires offrant de meilleures conditions d&#8217;accueil.<\/p>\n<p>Amazon, qui emploie d\u00e9j\u00e0 plus de 25 000 personnes en Espagne, dispose d&#8217;un r\u00e9seau de centres de distribution et de tri qui couvre l&#8217;ensemble du territoire national. La soci\u00e9t\u00e9 exploite notamment des installations \u00e0 Madrid, Barcelone, S\u00e9ville, Bilbao et Valence. L&#8217;ajout d&#8217;un site en Aragon permettra de renforcer la couverture dans le nord-est du pays et d&#8217;am\u00e9liorer les d\u00e9lais de livraison vers des zones aujourd&#8217;hui moins bien desservies.<\/p>\n<blockquote class=\"ml-2 border-l-4 border-border-300\/10 pl-4 text-text-300\">\n<p class=\"font-claude-response-body break-words whitespace-normal leading-[1.7]\"><em>\u00ab L&#8217;Aragon est devenu l&#8217;une des r\u00e9gions les plus attractives d&#8217;Espagne pour la logistique, gr\u00e2ce \u00e0 sa position centrale, ses infrastructures de qualit\u00e9 et ses co\u00fbts fonciers encore accessibles. \u00bb<\/em> Analyse du march\u00e9 logistique espagnol, cabinet sp\u00e9cialis\u00e9 CBRE Espagne<\/p>\n<\/blockquote>\n<p>Le gouvernement r\u00e9gional d&#8217;Aragon a salu\u00e9 cette annonce comme un signal fort de la confiance des investisseurs dans le potentiel \u00e9conomique de la r\u00e9gion. Les autorit\u00e9s locales ont mis en avant les efforts r\u00e9alis\u00e9s ces derni\u00e8res ann\u00e9es pour d\u00e9velopper les zones industrielles et am\u00e9liorer les connexions routi\u00e8res et ferroviaires, notamment dans le cadre du corridor m\u00e9diterran\u00e9en et des liaisons vers la France.<\/p>\n<p>Par ailleurs, la tendance \u00e0 la relocalisation de certaines cha\u00eenes d&#8217;approvisionnement en Europe, acc\u00e9l\u00e9r\u00e9e par les tensions g\u00e9opolitiques mondiales et les perturbations logistiques observ\u00e9es depuis 2020, renforce l&#8217;attrait des sites ib\u00e9riques pour les grandes entreprises souhaitant s\u00e9curiser leurs flux de marchandises \u00e0 destination du march\u00e9 europ\u00e9en.<\/p>\n<p>La construction de ce centre logistique devra \u00e9galement r\u00e9pondre aux exigences environnementales croissantes impos\u00e9es aux nouveaux projets industriels en Espagne. Amazon a indiqu\u00e9 vouloir int\u00e9grer des \u00e9quipements \u00e0 haute efficacit\u00e9 \u00e9nerg\u00e9tique, conform\u00e9ment \u00e0 ses engagements en mati\u00e8re de d\u00e9veloppement durable et \u00e0 son objectif d&#8217;atteindre la neutralit\u00e9 carbone d&#8217;ici 2040 dans le cadre de son programme &#8220;The Climate Pledge&#8221;.<\/p>\n<p>En d\u00e9finitive, l&#8217;annonce de ce nouveau centre logistique \u00e0 La Muela confirme le r\u00f4le central que joue l&#8217;Espagne dans la strat\u00e9gie europ\u00e9enne d&#8217;Amazon. Avec 100 millions d&#8217;euros engag\u00e9s, ce projet repr\u00e9sente un signal fort pour l&#8217;ensemble du secteur logistique ib\u00e9rique et t\u00e9moigne de la vitalit\u00e9 d&#8217;un march\u00e9 qui continue d&#8217;attirer des investissements d&#8217;envergure internationale, au b\u00e9n\u00e9fice de l&#8217;emploi local et du d\u00e9veloppement \u00e9conomique r\u00e9gional.<br \/><i><\/i><\/p>\n<p><i>Sources et photo: R\u00e9daction LCE (avec l&#8217;aide de l&#8217;IA)<\/i><\/p>\n<hr style=\"border: none;border-top: 1px solid #000000;margin: 24px 0\" \/>\n<p>\u00a0<\/p>\n<\/p><\/div>\n<\/p><\/div>\n<\/p><\/div>\n<div class=\"elementor-element elementor-element-743fe55 e-flex e-con-boxed e-con e-parent\" data-id=\"743fe55\" data-element_type=\"container\" data-e-type=\"container\">\n<div class=\"e-con-inner\">\n<div class=\"elementor-element elementor-element-bdba5ec elementor-widget elementor-widget-html\" data-id=\"bdba5ec\" data-element_type=\"widget\" data-e-type=\"widget\" data-widget_type=\"html.default\">\n\t\t\t\t\t\t\t\t\t<\/div>\n<\/p><\/div>\n<\/p><\/div>\n<\/p><\/div>\n","protected":false},"excerpt":{"rendered":"<p>Le g\u00e9ant am\u00e9ricain du commerce en ligne Amazon confirme son ancrage strat\u00e9gique en Espagne avec l&#8217;annonce d&#8217;un nouveau centre logistique dans la commune de La Muela, en Aragon. Dot\u00e9 d&#8217;un investissement de 100 millions d&#8217;euros, ce projet illustre la dynamique d&#8217;expansion continue de l&#8217;entreprise sur le march\u00e9 ib\u00e9rique et renforce le positionnement de la r\u00e9gion [&hellip;]<\/p>\n","protected":false},"author":13,"featured_media":75987,"comment_status":"open","ping_status":"closed","sticky":false,"template":"","format":"standard","meta":{"om_disable_all_campaigns":false,"_monsterinsights_skip_tracking":false,"_monsterinsights_sitenote_active":false,"_monsterinsights_sitenote_note":"","_monsterinsights_sitenote_category":0,"_uf_show_specific_survey":0,"_uf_disable_surveys":false,"footnotes":""},"categories":[4509],"tags":[1050,2005,1051,4835],"class_list":["post-75986","post","type-post","status-publish","format-standard","has-post-thumbnail","hentry","category-uncategorized","tag-amazon","tag-aragon","tag-centre-logistique","tag-muela"],"acf":[],"_links":{"self":[{"href":"https:\/\/immo.lecourrier.es\/index.php\/wp-json\/wp\/v2\/posts\/75986","targetHints":{"allow":["GET"]}}],"collection":[{"href":"https:\/\/immo.lecourrier.es\/index.php\/wp-json\/wp\/v2\/posts"}],"about":[{"href":"https:\/\/immo.lecourrier.es\/index.php\/wp-json\/wp\/v2\/types\/post"}],"author":[{"embeddable":true,"href":"https:\/\/immo.lecourrier.es\/index.php\/wp-json\/wp\/v2\/users\/13"}],"replies":[{"embeddable":true,"href":"https:\/\/immo.lecourrier.es\/index.php\/wp-json\/wp\/v2\/comments?post=75986"}],"version-history":[{"count":0,"href":"https:\/\/immo.lecourrier.es\/index.php\/wp-json\/wp\/v2\/posts\/75986\/revisions"}],"wp:featuredmedia":[{"embeddable":true,"href":"https:\/\/immo.lecourrier.es\/index.php\/wp-json\/wp\/v2\/media\/75987"}],"wp:attachment":[{"href":"https:\/\/immo.lecourrier.es\/index.php\/wp-json\/wp\/v2\/media?parent=75986"}],"wp:term":[{"taxonomy":"category","embeddable":true,"href":"https:\/\/immo.lecourrier.es\/index.php\/wp-json\/wp\/v2\/categories?post=75986"},{"taxonomy":"post_tag","embeddable":true,"href":"https:\/\/immo.lecourrier.es\/index.php\/wp-json\/wp\/v2\/tags?post=75986"}],"curies":[{"name":"wp","href":"https:\/\/api.w.org\/{rel}","templated":true}]}}