{"id":75984,"date":"2026-04-30T11:29:42","date_gmt":"2026-04-30T11:29:42","guid":{"rendered":"https:\/\/immo.lecourrier.es\/index.php\/2026\/04\/30\/le-marche-du-festival-de-cinema-mecas-inaugure-sa-neuvieme-edition\/"},"modified":"2026-04-30T11:29:42","modified_gmt":"2026-04-30T11:29:42","slug":"le-marche-du-festival-de-cinema-mecas-inaugure-sa-neuvieme-edition","status":"publish","type":"post","link":"https:\/\/immo.lecourrier.es\/index.php\/2026\/04\/30\/le-marche-du-festival-de-cinema-mecas-inaugure-sa-neuvieme-edition\/","title":{"rendered":"Le March\u00e9 du Festival de Cin\u00e9ma MECAS inaugure sa neuvi\u00e8me \u00e9dition."},"content":{"rendered":"\n<div data-elementor-type=\"wp-post\" data-elementor-id=\"137827\" class=\"elementor elementor-137827\" data-elementor-post-type=\"post\">\n<div class=\"elementor-element elementor-element-37037499 e-flex e-con-boxed e-con e-parent\" data-id=\"37037499\" data-element_type=\"container\" data-e-type=\"container\">\n<div class=\"e-con-inner\">\n<div class=\"elementor-element elementor-element-1e4d1f99 elementor-widget elementor-widget-text-editor\" data-id=\"1e4d1f99\" data-element_type=\"widget\" data-e-type=\"widget\" data-widget_type=\"text-editor.default\">\n<p><i>Le MECAS, Mercado del Festival de Cine de las Islas Canarias, a ouvert ses portes pour la neuvi\u00e8me fois cons\u00e9cutive, confirmant son r\u00f4le incontournable dans le paysage audiovisuel europ\u00e9en et latino-am\u00e9ricain. Cet \u00e9v\u00e9nement, qui se tient aux \u00celes Canaries, rassemble chaque ann\u00e9e professionnels, r\u00e9alisateurs, producteurs et distributeurs venus du monde entier pour tisser des liens, d\u00e9couvrir de nouveaux projets et faire avancer l&#8217;industrie du cin\u00e9ma ind\u00e9pendant.<\/i><\/p>\n<h2>Un rendez-vous professionnel au c\u0153ur de la communaut\u00e9 cin\u00e9matographique<\/h2>\n<p>Depuis sa cr\u00e9ation, le MECAS s&#8217;est impos\u00e9 comme un espace de rencontre essentiel pour les acteurs du septi\u00e8me art. Cette neuvi\u00e8me \u00e9dition ne fait pas exception : elle r\u00e9unit plusieurs centaines de professionnels accr\u00e9dit\u00e9s, venus de plus de 30 pays diff\u00e9rents, pour participer \u00e0 des sessions de pitching, des tables rondes, des projections priv\u00e9es et des rencontres B2B.<\/p>\n<p>Selon El Cultural de Canarias, cette \u00e9dition marque une \u00e9tape importante dans le d\u00e9veloppement du march\u00e9, avec une programmation enrichie et un nombre record de projets pr\u00e9sent\u00e9s. Plus de 80 projets en d\u00e9veloppement ou en phase de financement ont \u00e9t\u00e9 soumis pour cette session, illustrant le dynamisme croissant du secteur dans la r\u00e9gion.<\/p>\n<p>Le march\u00e9 joue un r\u00f4le central dans la mise en r\u00e9seau des professionnels du cin\u00e9ma. Il permet aux r\u00e9alisateurs \u00e9mergents de rencontrer directement des producteurs et des distributeurs, facilitant ainsi le passage de l&#8217;id\u00e9e \u00e0 l&#8217;\u00e9cran. Cette fonction de pont entre cr\u00e9ation et financement est au c\u0153ur de l&#8217;identit\u00e9 du MECAS.<\/p>\n<blockquote class=\"ml-2 border-l-4 border-border-300\/10 pl-4 text-text-300\">\n<p class=\"font-claude-response-body break-words whitespace-normal leading-[1.7]\"><em>\u00ab Le MECAS est devenu un espace privil\u00e9gi\u00e9 o\u00f9 les projets trouvent leur chemin vers la production, gr\u00e2ce \u00e0 des rencontres directes et sinc\u00e8res entre cr\u00e9ateurs et financeurs. \u00bb<\/em> Direction du MECAS, lors de la c\u00e9r\u00e9monie d&#8217;inauguration de la neuvi\u00e8me \u00e9dition<\/p>\n<\/blockquote>\n<p>Les \u00celes Canaries, avec leur statut de territoire europ\u00e9en aux portes de l&#8217;Afrique et du continent am\u00e9ricain, offrent un cadre g\u00e9ographique et culturel unique pour ce type d&#8217;\u00e9v\u00e9nement. Leur position strat\u00e9gique favorise les \u00e9changes entre les industries cin\u00e9matographiques europ\u00e9enne, africaine et latino-am\u00e9ricaine, faisant du MECAS un carrefour v\u00e9ritablement international.<\/p>\n<h2>Networking et opportunit\u00e9s : une \u00e9dition tourn\u00e9e vers l&#8217;avenir<\/h2>\n<p>L&#8217;un des points forts de cette neuvi\u00e8me \u00e9dition r\u00e9side dans le renforcement des activit\u00e9s de networking structur\u00e9. Des sessions de speed meetings ont \u00e9t\u00e9 organis\u00e9es, permettant \u00e0 chaque professionnel accr\u00e9dit\u00e9 de rencontrer en quelques heures un maximum d&#8217;interlocuteurs potentiels. Ce format, tr\u00e8s appr\u00e9ci\u00e9 dans les grands march\u00e9s internationaux comme le MIF de Cannes ou le march\u00e9 de la Berlinale, est d\u00e9sormais pleinement int\u00e9gr\u00e9 dans le programme du MECAS.<\/p>\n<p>Parmi les initiatives notables de cette \u00e9dition, on rel\u00e8ve \u00e9galement la cr\u00e9ation d&#8217;un espace d\u00e9di\u00e9 aux coproductions ib\u00e9ro-am\u00e9ricaines. Ce dispositif vise \u00e0 encourager les collaborations entre producteurs espagnols et leurs homologues d&#8217;Am\u00e9rique latine, une r\u00e9gion en pleine effervescence cin\u00e9matographique. Selon les organisateurs, plusieurs accords de coproduction ont d\u00e9j\u00e0 \u00e9t\u00e9 sign\u00e9s lors des premi\u00e8res journ\u00e9es du march\u00e9.<\/p>\n<blockquote class=\"ml-2 border-l-4 border-border-300\/10 pl-4 text-text-300\">\n<p class=\"font-claude-response-body break-words whitespace-normal leading-[1.7]\"><em>\u00ab Chaque \u00e9dition du MECAS nous rappelle que le cin\u00e9ma se construit avant tout sur des rencontres humaines, sur la confiance que l&#8217;on cr\u00e9e autour d&#8217;une table ou dans un couloir de festival. \u00bb<\/em> Productrice ind\u00e9pendante, participante \u00e0 la neuvi\u00e8me \u00e9dition du MECAS<\/p>\n<\/blockquote>\n<p>L&#8217;\u00e9v\u00e9nement accorde \u00e9galement une place importante aux nouvelles technologies et aux nouveaux formats de diffusion. Des ateliers consacr\u00e9s aux plateformes de streaming, \u00e0 la r\u00e9alit\u00e9 virtuelle appliqu\u00e9e au cin\u00e9ma et aux mod\u00e8les de financement participatif ont \u00e9t\u00e9 int\u00e9gr\u00e9s au programme, refl\u00e9tant les mutations profondes que traverse l&#8217;industrie audiovisuelle mondiale.<\/p>\n<p>C\u00f4t\u00e9 chiffres, le MECAS enregistre une progression constante de sa fr\u00e9quentation depuis plusieurs ann\u00e9es. La cinqui\u00e8me \u00e9dition avait accueilli environ 300 professionnels accr\u00e9dit\u00e9s, un chiffre qui a plus que doubl\u00e9 pour atteindre plus de 650 participants lors de la huiti\u00e8me \u00e9dition. Cette tendance haussi\u00e8re t\u00e9moigne de la reconnaissance internationale croissante de l&#8217;\u00e9v\u00e9nement.<\/p>\n<p>Les \u00celes Canaries b\u00e9n\u00e9ficient par ailleurs d&#8217;un cadre fiscal avantageux pour les productions cin\u00e9matographiques, avec des incitations allant jusqu&#8217;\u00e0 50 % de d\u00e9duction fiscale sur les d\u00e9penses locales de tournage. Cet atout majeur contribue \u00e0 attirer les productions internationales et renforce l&#8217;attractivit\u00e9 de la r\u00e9gion comme destination cin\u00e9matographique de premier plan en Europe.<\/p>\n<p>En conclusion, la neuvi\u00e8me \u00e9dition du MECAS confirme la vitalit\u00e9 et l&#8217;ambition d&#8217;un march\u00e9 qui s&#8217;est construit patiemment au fil des ann\u00e9es pour devenir une r\u00e9f\u00e9rence dans le monde du cin\u00e9ma ind\u00e9pendant. En misant sur la qualit\u00e9 des rencontres, la diversit\u00e9 des projets et l&#8217;ouverture internationale, le MECAS continue de remplir sa mission premi\u00e8re : offrir aux professionnels du cin\u00e9ma un espace o\u00f9 les id\u00e9es deviennent des films et o\u00f9 les r\u00e9seaux se construisent pour durer.<\/p>\n<p><i>Sources et photo: R\u00e9daction LCE (avec l&#8217;aide de l&#8217;IA)<\/i><\/p>\n<hr style=\"border: none;border-top: 1px solid #000000;margin: 24px 0\" \/>\t\t\t\t\t\t\t\t<\/div>\n<div class=\"elementor-element elementor-element-5bcda57 elementor-widget elementor-widget-html\" data-id=\"5bcda57\" data-element_type=\"widget\" data-e-type=\"widget\" data-widget_type=\"html.default\">\n\t\t\t\t\t\t\t\t\t<\/div>\n<\/p><\/div>\n<\/p><\/div>\n<\/p><\/div>\n","protected":false},"excerpt":{"rendered":"<p>Le MECAS, Mercado del Festival de Cine de las Islas Canarias, a ouvert ses portes pour la neuvi\u00e8me fois cons\u00e9cutive, confirmant son r\u00f4le incontournable dans le paysage audiovisuel europ\u00e9en et latino-am\u00e9ricain. Cet \u00e9v\u00e9nement, qui se tient aux \u00celes Canaries, rassemble chaque ann\u00e9e professionnels, r\u00e9alisateurs, producteurs et distributeurs venus du monde entier pour tisser des liens, [&hellip;]<\/p>\n","protected":false},"author":13,"featured_media":75985,"comment_status":"open","ping_status":"closed","sticky":false,"template":"","format":"standard","meta":{"om_disable_all_campaigns":false,"_monsterinsights_skip_tracking":false,"_monsterinsights_sitenote_active":false,"_monsterinsights_sitenote_note":"","_monsterinsights_sitenote_category":0,"_uf_show_specific_survey":0,"_uf_disable_surveys":false,"footnotes":""},"categories":[4509],"tags":[882,1319,2367,4834],"class_list":["post-75984","post","type-post","status-publish","format-standard","has-post-thumbnail","hentry","category-uncategorized","tag-canaries","tag-cinema","tag-festival","tag-festival-de-cinema-mecas"],"acf":[],"_links":{"self":[{"href":"https:\/\/immo.lecourrier.es\/index.php\/wp-json\/wp\/v2\/posts\/75984","targetHints":{"allow":["GET"]}}],"collection":[{"href":"https:\/\/immo.lecourrier.es\/index.php\/wp-json\/wp\/v2\/posts"}],"about":[{"href":"https:\/\/immo.lecourrier.es\/index.php\/wp-json\/wp\/v2\/types\/post"}],"author":[{"embeddable":true,"href":"https:\/\/immo.lecourrier.es\/index.php\/wp-json\/wp\/v2\/users\/13"}],"replies":[{"embeddable":true,"href":"https:\/\/immo.lecourrier.es\/index.php\/wp-json\/wp\/v2\/comments?post=75984"}],"version-history":[{"count":0,"href":"https:\/\/immo.lecourrier.es\/index.php\/wp-json\/wp\/v2\/posts\/75984\/revisions"}],"wp:featuredmedia":[{"embeddable":true,"href":"https:\/\/immo.lecourrier.es\/index.php\/wp-json\/wp\/v2\/media\/75985"}],"wp:attachment":[{"href":"https:\/\/immo.lecourrier.es\/index.php\/wp-json\/wp\/v2\/media?parent=75984"}],"wp:term":[{"taxonomy":"category","embeddable":true,"href":"https:\/\/immo.lecourrier.es\/index.php\/wp-json\/wp\/v2\/categories?post=75984"},{"taxonomy":"post_tag","embeddable":true,"href":"https:\/\/immo.lecourrier.es\/index.php\/wp-json\/wp\/v2\/tags?post=75984"}],"curies":[{"name":"wp","href":"https:\/\/api.w.org\/{rel}","templated":true}]}}