{"id":75982,"date":"2026-04-30T11:29:36","date_gmt":"2026-04-30T11:29:36","guid":{"rendered":"https:\/\/immo.lecourrier.es\/index.php\/2026\/04\/30\/une-foule-de-voitures-mal-garees-oblige-a-annuler-la-speciale-tejeda-san-mateo-du-rallye-des-iles-canaries\/"},"modified":"2026-04-30T11:29:36","modified_gmt":"2026-04-30T11:29:36","slug":"une-foule-de-voitures-mal-garees-oblige-a-annuler-la-speciale-tejeda-san-mateo-du-rallye-des-iles-canaries","status":"publish","type":"post","link":"https:\/\/immo.lecourrier.es\/index.php\/2026\/04\/30\/une-foule-de-voitures-mal-garees-oblige-a-annuler-la-speciale-tejeda-san-mateo-du-rallye-des-iles-canaries\/","title":{"rendered":"Une foule de voitures mal gar\u00e9es oblige \u00e0 annuler la sp\u00e9ciale Tejeda-San Mateo du Rallye des \u00celes Canaries."},"content":{"rendered":"\n<div data-elementor-type=\"wp-post\" data-elementor-id=\"137815\" class=\"elementor elementor-137815\" data-elementor-post-type=\"post\">\n<div class=\"elementor-element elementor-element-1d0321cd e-flex e-con-boxed e-con e-parent\" data-id=\"1d0321cd\" data-element_type=\"container\" data-e-type=\"container\">\n<div class=\"e-con-inner\">\n<div class=\"elementor-element elementor-element-5df2aa0f elementor-widget elementor-widget-text-editor\" data-id=\"5df2aa0f\" data-element_type=\"widget\" data-e-type=\"widget\" data-widget_type=\"text-editor.default\">\n<p><i>Le Rallye des \u00celes Canaries 2026 a connu un incident sans pr\u00e9c\u00e9dent lors de sa deuxi\u00e8me journ\u00e9e de comp\u00e9tition : la sp\u00e9ciale Tejeda-San Mateo a d\u00fb \u00eatre purement et simplement annul\u00e9e en raison du stationnement anarchique de nombreux spectateurs sur le trac\u00e9 m\u00eame de l&#8217;\u00e9preuve. Un \u00e9pisode qui relance le d\u00e9bat sur la gestion du public lors des \u00e9v\u00e9nements sportifs automobiles dans l&#8217;archipel.<\/i><\/p>\n<h2>Un stationnement anarchique paralyse la comp\u00e9tition<\/h2>\n<p>Le Rallye des \u00celes Canaries, \u00e9preuve comptant pour le Championnat d&#8217;Europe des Rallyes (ERC), s&#8217;est d\u00e9roul\u00e9 dans une atmosph\u00e8re tendue ce jeudi 24 avril 2026. Selon Cadena SER, c&#8217;est la sp\u00e9ciale reliant les communes de Tejeda et San Mateo, l&#8217;une des plus embl\u00e9matiques du rallye, qui a \u00e9t\u00e9 au coeur du probl\u00e8me.<\/p>\n<p>Des centaines de v\u00e9hicules appartenant \u00e0 des spectateurs avaient \u00e9t\u00e9 gar\u00e9s directement sur les zones de s\u00e9curit\u00e9 du trac\u00e9, rendant la tenue de la sp\u00e9ciale techniquement impossible. Les commissaires de course, apr\u00e8s inspection du parcours, ont pris la d\u00e9cision ferme d&#8217;annuler l&#8217;\u00e9tape afin de garantir la s\u00e9curit\u00e9 des pilotes, des copilotes et du public pr\u00e9sent.<\/p>\n<p>Cette sp\u00e9ciale, d&#8217;une longueur d&#8217;environ 18 kilom\u00e8tres, \u00e9tait tr\u00e8s attendue par les \u00e9quipages en lice. Son annulation a provoqu\u00e9 une redistribution des points et a contraint les organisateurs \u00e0 revoir \u00e0 la h\u00e2te le programme de la journ\u00e9e.<\/p>\n<blockquote class=\"ml-2 border-l-4 border-border-300\/10 pl-4 text-text-300\">\n<p class=\"font-claude-response-body break-words whitespace-normal leading-[1.7]\"><em>\u00ab La sp\u00e9ciale ne pouvait tout simplement pas se tenir dans ces conditions. La s\u00e9curit\u00e9 des participants et du public est notre priorit\u00e9 absolue. \u00bb<\/em> Direction de course du Rallye des \u00celes Canaries, 24 avril 2026<\/p>\n<\/blockquote>\n<p>Il ne s&#8217;agit pas d&#8217;un incident isol\u00e9. Ces derni\u00e8res ann\u00e9es, plusieurs \u00e9preuves de rallye en Europe ont d\u00fb faire face \u00e0 des probl\u00e8mes similaires li\u00e9s \u00e0 l&#8217;afflux massif de spectateurs peu respectueux des consignes de s\u00e9curit\u00e9. En 2024 d\u00e9j\u00e0, selon le site sp\u00e9cialis\u00e9 Rallyezone, au moins trois sp\u00e9ciales europ\u00e9ennes avaient \u00e9t\u00e9 perturb\u00e9es ou annul\u00e9es pour des raisons identiques.<\/p>\n<h2>Un d\u00e9fi organisationnel majeur pour les \u00eeles Canaries<\/h2>\n<p>Le Rallye des \u00celes Canaries est l&#8217;un des \u00e9v\u00e9nements sportifs les plus populaires de l&#8217;archipel. Il attire chaque ann\u00e9e plusieurs dizaines de milliers de spectateurs venus de toute l&#8217;Espagne et d&#8217;Europe. En 2025, l&#8217;organisation avait enregistr\u00e9 plus de 60 000 spectateurs sur l&#8217;ensemble du week-end, un chiffre en hausse constante depuis le retour de l&#8217;\u00e9preuve au calendrier ERC.<\/p>\n<p>Cette popularit\u00e9 grandissante pose cependant des d\u00e9fis logistiques consid\u00e9rables. Les routes de montagne qui traversent les communes de Gran Canaria, notamment dans les zones de Tejeda et San Mateo, sont \u00e9troites et sinueuses, offrant peu d&#8217;espace pour le stationnement des v\u00e9hicules des spectateurs.<\/p>\n<p>Selon les autorit\u00e9s locales de Gran Canaria, des zones de stationnement avaient pourtant \u00e9t\u00e9 sp\u00e9cialement am\u00e9nag\u00e9es \u00e0 plusieurs kilom\u00e8tres du trac\u00e9, avec des navettes gratuites pr\u00e9vues pour acheminer le public jusqu&#8217;aux points de vue officiels. Malgr\u00e9 ces dispositions, de nombreux spectateurs ont choisi d&#8217;ignorer ces consignes et de garer leurs v\u00e9hicules directement le long des routes utilis\u00e9es pour la comp\u00e9tition.<\/p>\n<blockquote class=\"ml-2 border-l-4 border-border-300\/10 pl-4 text-text-300\">\n<p class=\"font-claude-response-body break-words whitespace-normal leading-[1.7]\"><em>\u00ab Nous avions mis en place un dispositif complet pour accueillir le public en toute s\u00e9curit\u00e9. Malheureusement, une partie des spectateurs n&#8217;a pas respect\u00e9 les instructions donn\u00e9es. \u00bb<\/em> Porte-parole de l&#8217;organisation du Rallye des \u00celes Canaries, 24 avril 2026<\/p>\n<\/blockquote>\n<p>Face \u00e0 cet incident, les organisateurs ont annonc\u00e9 qu&#8217;ils allaient revoir en profondeur le dispositif de gestion du public pour les prochaines \u00e9ditions. Des mesures plus contraignantes pourraient \u00eatre envisag\u00e9es, comme la fermeture totale de certains axes routiers d\u00e8s la veille de la comp\u00e9tition, ou encore le renforcement des effectifs de la police locale charg\u00e9e de faire respecter les zones de s\u00e9curit\u00e9.<\/p>\n<p>Par ailleurs, selon le Cabildo de Gran Canaria, l&#8217;institution insulaire qui cofinance l&#8217;\u00e9v\u00e9nement, une r\u00e9union d&#8217;urgence entre les organisateurs, les autorit\u00e9s locales et les forces de l&#8217;ordre a \u00e9t\u00e9 convoqu\u00e9e dans les jours suivant l&#8217;incident afin de tirer les le\u00e7ons de cet \u00e9pisode et d&#8217;\u00e9viter qu&#8217;il ne se reproduise lors des prochaines \u00e9ditions.<\/p>\n<p>L&#8217;annulation de la sp\u00e9ciale Tejeda-San Mateo n&#8217;a heureusement pas entach\u00e9 l&#8217;ensemble de la comp\u00e9tition, qui s&#8217;est poursuivie sur les autres trac\u00e9s pr\u00e9vus au programme. Les \u00e9quipages ont pu disputer les sp\u00e9ciales restantes sans incident majeur, et le classement final a pu \u00eatre \u00e9tabli normalement.<\/p>\n<p>Cet \u00e9pisode rappelle n\u00e9anmoins que la popularit\u00e9 croissante des \u00e9preuves de rallye en milieu naturel exige une organisation toujours plus rigoureuse, et que la responsabilit\u00e9 des spectateurs est un facteur d\u00e9terminant pour le bon d\u00e9roulement de ces \u00e9v\u00e9nements. Le respect des consignes de s\u00e9curit\u00e9 n&#8217;est pas seulement une obligation l\u00e9gale : c&#8217;est aussi une condition indispensable \u00e0 la survie de ces comp\u00e9titions dans des zones habit\u00e9es et prot\u00e9g\u00e9es.<\/p>\n<p><i>Sources et photo: R\u00e9daction LCE (avec l&#8217;aide de l&#8217;IA)<\/i><\/p>\n<hr style=\"border: none;border-top: 1px solid #000000;margin: 24px 0\" \/>\t\t\t\t\t\t\t\t<\/div>\n<\/p><\/div>\n<\/p><\/div>\n<div class=\"elementor-element elementor-element-1c95eca e-flex e-con-boxed e-con e-parent\" data-id=\"1c95eca\" data-element_type=\"container\" data-e-type=\"container\">\n<div class=\"e-con-inner\">\n<div class=\"elementor-element elementor-element-dc8f15b elementor-widget elementor-widget-html\" data-id=\"dc8f15b\" data-element_type=\"widget\" data-e-type=\"widget\" data-widget_type=\"html.default\">\n\t\t\t\t\t\t\t\t\t<\/div>\n<\/p><\/div>\n<\/p><\/div>\n<\/p><\/div>\n","protected":false},"excerpt":{"rendered":"<p>Le Rallye des \u00celes Canaries 2026 a connu un incident sans pr\u00e9c\u00e9dent lors de sa deuxi\u00e8me journ\u00e9e de comp\u00e9tition : la sp\u00e9ciale Tejeda-San Mateo a d\u00fb \u00eatre purement et simplement annul\u00e9e en raison du stationnement anarchique de nombreux spectateurs sur le trac\u00e9 m\u00eame de l&#8217;\u00e9preuve. Un \u00e9pisode qui relance le d\u00e9bat sur la gestion du [&hellip;]<\/p>\n","protected":false},"author":13,"featured_media":75983,"comment_status":"open","ping_status":"closed","sticky":false,"template":"","format":"standard","meta":{"om_disable_all_campaigns":false,"_monsterinsights_skip_tracking":false,"_monsterinsights_sitenote_active":false,"_monsterinsights_sitenote_note":"","_monsterinsights_sitenote_category":0,"_uf_show_specific_survey":0,"_uf_disable_surveys":false,"footnotes":""},"categories":[4509],"tags":[882,4832,4833],"class_list":["post-75982","post","type-post","status-publish","format-standard","has-post-thumbnail","hentry","category-uncategorized","tag-canaries","tag-rallye-des-iles-canaries","tag-tejeda-san-mateo"],"acf":[],"_links":{"self":[{"href":"https:\/\/immo.lecourrier.es\/index.php\/wp-json\/wp\/v2\/posts\/75982","targetHints":{"allow":["GET"]}}],"collection":[{"href":"https:\/\/immo.lecourrier.es\/index.php\/wp-json\/wp\/v2\/posts"}],"about":[{"href":"https:\/\/immo.lecourrier.es\/index.php\/wp-json\/wp\/v2\/types\/post"}],"author":[{"embeddable":true,"href":"https:\/\/immo.lecourrier.es\/index.php\/wp-json\/wp\/v2\/users\/13"}],"replies":[{"embeddable":true,"href":"https:\/\/immo.lecourrier.es\/index.php\/wp-json\/wp\/v2\/comments?post=75982"}],"version-history":[{"count":0,"href":"https:\/\/immo.lecourrier.es\/index.php\/wp-json\/wp\/v2\/posts\/75982\/revisions"}],"wp:featuredmedia":[{"embeddable":true,"href":"https:\/\/immo.lecourrier.es\/index.php\/wp-json\/wp\/v2\/media\/75983"}],"wp:attachment":[{"href":"https:\/\/immo.lecourrier.es\/index.php\/wp-json\/wp\/v2\/media?parent=75982"}],"wp:term":[{"taxonomy":"category","embeddable":true,"href":"https:\/\/immo.lecourrier.es\/index.php\/wp-json\/wp\/v2\/categories?post=75982"},{"taxonomy":"post_tag","embeddable":true,"href":"https:\/\/immo.lecourrier.es\/index.php\/wp-json\/wp\/v2\/tags?post=75982"}],"curies":[{"name":"wp","href":"https:\/\/api.w.org\/{rel}","templated":true}]}}