{"id":75980,"date":"2026-04-29T01:17:41","date_gmt":"2026-04-29T01:17:41","guid":{"rendered":"https:\/\/immo.lecourrier.es\/index.php\/2026\/04\/29\/lespagne-met-a-jour-son-systeme-national-dindices-de-reference-pour-les-loyers\/"},"modified":"2026-04-29T01:17:41","modified_gmt":"2026-04-29T01:17:41","slug":"lespagne-met-a-jour-son-systeme-national-dindices-de-reference-pour-les-loyers","status":"publish","type":"post","link":"https:\/\/immo.lecourrier.es\/index.php\/2026\/04\/29\/lespagne-met-a-jour-son-systeme-national-dindices-de-reference-pour-les-loyers\/","title":{"rendered":"L&#8217;Espagne met \u00e0 jour son syst\u00e8me national d&#8217;indices de r\u00e9f\u00e9rence pour les loyers"},"content":{"rendered":"\n<div data-elementor-type=\"wp-post\" data-elementor-id=\"136476\" class=\"elementor elementor-136476\" data-elementor-post-type=\"post\">\n<div class=\"elementor-element elementor-element-3d8f02b2 e-flex e-con-boxed e-con e-parent\" data-id=\"3d8f02b2\" data-element_type=\"container\" data-e-type=\"container\">\n<div class=\"e-con-inner\">\n<div class=\"elementor-element elementor-element-3201d8b0 elementor-widget elementor-widget-text-editor\" data-id=\"3201d8b0\" data-element_type=\"widget\" data-e-type=\"widget\" data-widget_type=\"text-editor.default\">\n<p><i>L&#8217;Espagne franchit une nouvelle \u00e9tape dans la r\u00e9gulation de son march\u00e9 locatif. Une r\u00e9solution publi\u00e9e au Bolet\u00edn Oficial del Estado actualise le syst\u00e8me \u00e9tatique d&#8217;indices de r\u00e9f\u00e9rence du prix du loyer, un outil central pour encadrer les hausses de loyers et prot\u00e9ger les locataires sur l&#8217;ensemble du territoire national.<\/i><\/p>\n<h2>Un syst\u00e8me d&#8217;indices au coeur de la politique du logement espagnol<\/h2>\n<p>Depuis l&#8217;adoption de la loi sur le logement en mai 2023, l&#8217;Espagne s&#8217;est dot\u00e9e d&#8217;un cadre juridique permettant de limiter les augmentations de loyers dans les zones dites \u00ab tendues \u00bb, c&#8217;est-\u00e0-dire les territoires o\u00f9 la pression locative est particuli\u00e8rement forte. Pour que ce dispositif fonctionne concr\u00e8tement, il repose sur un syst\u00e8me d&#8217;indices de r\u00e9f\u00e9rence mis en place et r\u00e9guli\u00e8rement actualis\u00e9 par l&#8217;\u00c9tat.<\/p>\n<p>Selon le Bolet\u00edn Oficial del Estado (BOE), la r\u00e9solution publi\u00e9e le 17 avril 2026 vient actualiser ce syst\u00e8me d&#8217;indices afin de refl\u00e9ter au mieux les \u00e9volutions r\u00e9centes du march\u00e9 locatif espagnol. Cette mise \u00e0 jour est essentielle pour garantir que les plafonds de loyers applicables dans les zones tendues correspondent bien aux r\u00e9alit\u00e9s \u00e9conomiques du moment, et non \u00e0 des donn\u00e9es obsol\u00e8tes.<\/p>\n<p>Le syst\u00e8me en question agr\u00e8ge des informations provenant de multiples sources administratives, notamment les d\u00e9clarations fiscales, les donn\u00e9es du cadastre et les registres de d\u00e9p\u00f4ts de cautions. Il permet ainsi de calculer des prix de r\u00e9f\u00e9rence au m\u00e8tre carr\u00e9 selon la localisation g\u00e9ographique, le type de logement et d&#8217;autres crit\u00e8res objectifs.<\/p>\n<p>Cette d\u00e9marche s&#8217;inscrit dans un contexte de forte tension sur le march\u00e9 immobilier espagnol. Selon l&#8217;Institut national de la statistique espagnol (INE), les loyers ont augment\u00e9 en moyenne de plus de 8 % en 2024 dans les grandes m\u00e9tropoles comme Madrid, Barcelone ou Valence. Dans certains quartiers centraux, la hausse d\u00e9passe m\u00eame les 15 % sur deux ans, rendant l&#8217;acc\u00e8s au logement de plus en plus difficile pour les m\u00e9nages \u00e0 revenus moyens et modestes.<\/p>\n<h2>Des implications concr\u00e8tes pour les propri\u00e9taires et les locataires<\/h2>\n<p>L&#8217;actualisation de ces indices n&#8217;est pas qu&#8217;une formalit\u00e9 administrative. Elle a des effets directs sur des millions de m\u00e9nages espagnols. En effet, dans les zones d\u00e9clar\u00e9es tendues par les communaut\u00e9s autonomes, les propri\u00e9taires ne peuvent pas fixer librement le loyer d&#8217;un nouveau contrat : celui-ci doit rester dans les limites d\u00e9finies par l&#8217;indice de r\u00e9f\u00e9rence applicable \u00e0 leur bien.<\/p>\n<p>Selon le minist\u00e8re espagnol du Logement et de l&#8217;Agenda urbain, plus de 140 municipalit\u00e9s avaient \u00e9t\u00e9 d\u00e9clar\u00e9es zones tendues \u00e0 la fin de l&#8217;ann\u00e9e 2025, repr\u00e9sentant une population de pr\u00e8s de 15 millions d&#8217;habitants. Ces territoires concentrent l&#8217;essentiel des tensions locatives du pays et b\u00e9n\u00e9ficient donc directement de la mise \u00e0 jour des indices.<\/p>\n<p>Pour les locataires, cette r\u00e9vision offre une meilleure protection contre les hausses abusives lors des renouvellements de contrats ou des nouvelles locations. Pour les propri\u00e9taires, elle impose un cadre clair mais soul\u00e8ve parfois des inqui\u00e9tudes quant \u00e0 la rentabilit\u00e9 de leurs biens, certains choisissant de retirer leurs logements du march\u00e9 locatif traditionnel pour les proposer en location touristique de courte dur\u00e9e.<\/p>\n<p>Cette tension entre r\u00e9gulation et offre de logements disponibles reste un d\u00e9fi majeur pour les autorit\u00e9s espagnoles. Selon le Conseil g\u00e9n\u00e9ral des agents immobiliers d&#8217;Espagne, le nombre de logements disponibles \u00e0 la location longue dur\u00e9e a recul\u00e9 de pr\u00e8s de 12 % dans les zones tendues entre 2023 et 2025, un ph\u00e9nom\u00e8ne en partie attribu\u00e9 aux effets de la r\u00e9gulation sur le comportement des propri\u00e9taires.<\/p>\n<p>Par ailleurs, la mise \u00e0 jour r\u00e9guli\u00e8re des indices est \u00e9galement per\u00e7ue comme un signal positif par les associations de d\u00e9fense des locataires. Elle d\u00e9montre la volont\u00e9 de l&#8217;\u00c9tat de maintenir un dispositif vivant et adapt\u00e9, plut\u00f4t qu&#8217;un outil fig\u00e9 qui perdrait rapidement sa pertinence face \u00e0 un march\u00e9 en constante \u00e9volution.<\/p>\n<p>La r\u00e9solution pr\u00e9cise \u00e9galement les modalit\u00e9s de consultation des indices par les particuliers et les professionnels. Un portail en ligne d\u00e9di\u00e9 permet d\u00e9sormais d&#8217;acc\u00e9der aux donn\u00e9es de r\u00e9f\u00e9rence pour n&#8217;importe quelle adresse en Espagne, \u00e0 condition que celle-ci soit couverte par le syst\u00e8me. Cette transparence est salu\u00e9e par de nombreux acteurs du secteur comme un progr\u00e8s notable en mati\u00e8re d&#8217;information du public.<\/p>\n<p>En conclusion, la mise \u00e0 jour du syst\u00e8me \u00e9tatique d&#8217;indices de r\u00e9f\u00e9rence du prix du loyer publi\u00e9e au BOE le 17 avril 2026 illustre la volont\u00e9 de l&#8217;Espagne de maintenir une politique active de r\u00e9gulation locative. Si des tensions persistent entre l&#8217;objectif de protection des locataires et la n\u00e9cessit\u00e9 de pr\u00e9server une offre de logements suffisante, cette actualisation constitue un maillon indispensable du dispositif de contr\u00f4le des loyers. Le march\u00e9 locatif espagnol reste sous haute surveillance, et les prochains mois seront d\u00e9cisifs pour \u00e9valuer l&#8217;efficacit\u00e9 r\u00e9elle de ces mesures sur le terrain.<br \/><i>Sources et photo: R\u00e9daction LCE (avec l&#8217;aide de l&#8217;IA)<\/i><\/p>\n<hr style=\"border: none;border-top: 1px solid #000000;margin: 24px 0\" \/>\n<p>\u00a0<\/p>\n<\/p><\/div>\n<div class=\"elementor-element elementor-element-e93bc6f elementor-widget elementor-widget-html\" data-id=\"e93bc6f\" data-element_type=\"widget\" data-e-type=\"widget\" data-widget_type=\"html.default\">\n\t\t\t\t\t\t\t\t\t<\/div>\n<\/p><\/div>\n<\/p><\/div>\n<\/p><\/div>\n","protected":false},"excerpt":{"rendered":"<p>L&#8217;Espagne franchit une nouvelle \u00e9tape dans la r\u00e9gulation de son march\u00e9 locatif. Une r\u00e9solution publi\u00e9e au Bolet\u00edn Oficial del Estado actualise le syst\u00e8me \u00e9tatique d&#8217;indices de r\u00e9f\u00e9rence du prix du loyer, un outil central pour encadrer les hausses de loyers et prot\u00e9ger les locataires sur l&#8217;ensemble du territoire national. Un syst\u00e8me d&#8217;indices au coeur de [&hellip;]<\/p>\n","protected":false},"author":13,"featured_media":75981,"comment_status":"open","ping_status":"closed","sticky":false,"template":"","format":"standard","meta":{"om_disable_all_campaigns":false,"_monsterinsights_skip_tracking":false,"_monsterinsights_sitenote_active":false,"_monsterinsights_sitenote_note":"","_monsterinsights_sitenote_category":0,"_uf_show_specific_survey":0,"_uf_disable_surveys":false,"footnotes":""},"categories":[212,233],"tags":[332,701,1162,272],"class_list":["post-75980","post","type-post","status-publish","format-standard","has-post-thumbnail","hentry","category-breaking-news","category-etudes","tag-espagne","tag-immobilier","tag-logement","tag-valence"],"acf":[],"_links":{"self":[{"href":"https:\/\/immo.lecourrier.es\/index.php\/wp-json\/wp\/v2\/posts\/75980","targetHints":{"allow":["GET"]}}],"collection":[{"href":"https:\/\/immo.lecourrier.es\/index.php\/wp-json\/wp\/v2\/posts"}],"about":[{"href":"https:\/\/immo.lecourrier.es\/index.php\/wp-json\/wp\/v2\/types\/post"}],"author":[{"embeddable":true,"href":"https:\/\/immo.lecourrier.es\/index.php\/wp-json\/wp\/v2\/users\/13"}],"replies":[{"embeddable":true,"href":"https:\/\/immo.lecourrier.es\/index.php\/wp-json\/wp\/v2\/comments?post=75980"}],"version-history":[{"count":0,"href":"https:\/\/immo.lecourrier.es\/index.php\/wp-json\/wp\/v2\/posts\/75980\/revisions"}],"wp:featuredmedia":[{"embeddable":true,"href":"https:\/\/immo.lecourrier.es\/index.php\/wp-json\/wp\/v2\/media\/75981"}],"wp:attachment":[{"href":"https:\/\/immo.lecourrier.es\/index.php\/wp-json\/wp\/v2\/media?parent=75980"}],"wp:term":[{"taxonomy":"category","embeddable":true,"href":"https:\/\/immo.lecourrier.es\/index.php\/wp-json\/wp\/v2\/categories?post=75980"},{"taxonomy":"post_tag","embeddable":true,"href":"https:\/\/immo.lecourrier.es\/index.php\/wp-json\/wp\/v2\/tags?post=75980"}],"curies":[{"name":"wp","href":"https:\/\/api.w.org\/{rel}","templated":true}]}}