{"id":75977,"date":"2026-04-29T01:16:06","date_gmt":"2026-04-29T01:16:06","guid":{"rendered":"https:\/\/immo.lecourrier.es\/index.php\/2026\/04\/29\/lespagne-lance-un-plan-national-du-logement-2026-2030-dote-de-7-milliards-deuros-pour-enrayer-la-crise-immobiliere\/"},"modified":"2026-04-29T01:16:06","modified_gmt":"2026-04-29T01:16:06","slug":"lespagne-lance-un-plan-national-du-logement-2026-2030-dote-de-7-milliards-deuros-pour-enrayer-la-crise-immobiliere","status":"publish","type":"post","link":"https:\/\/immo.lecourrier.es\/index.php\/2026\/04\/29\/lespagne-lance-un-plan-national-du-logement-2026-2030-dote-de-7-milliards-deuros-pour-enrayer-la-crise-immobiliere\/","title":{"rendered":"L&#8217;Espagne lance un Plan National du Logement 2026-2030 dot\u00e9 de 7 milliards d&#8217;euros pour enrayer la crise immobili\u00e8re"},"content":{"rendered":"<p><i>Le gouvernement espagnol a approuv\u00e9 un ambitieux Plan National du Logement pour la p\u00e9riode 2026-2030, avec une enveloppe budg\u00e9taire de 7 milliards d&#8217;euros. L&#8217;objectif affich\u00e9 est clair : \u00e9largir le parc de logements publics, lutter contre la sp\u00e9culation immobili\u00e8re et garantir un acc\u00e8s au logement digne pour tous les citoyens, en particulier les jeunes et les m\u00e9nages modestes.<\/i><\/p>\n<h2>Un plan massif pour r\u00e9pondre \u00e0 une crise profonde<\/h2>\n<p>Depuis plusieurs ann\u00e9es, l&#8217;Espagne fait face \u00e0 une crise du logement sans pr\u00e9c\u00e9dent. Les prix \u00e0 l&#8217;achat et \u00e0 la location ont explos\u00e9 dans les grandes m\u00e9tropoles comme Madrid, Barcelone ou Valence, rendant l&#8217;acc\u00e8s \u00e0 un logement d\u00e9cent de plus en plus difficile pour une large partie de la population.<\/p>\n<p>Selon La Moncloa (Comunicado Gobierno), ce nouveau plan quinquennal repr\u00e9sente l&#8217;investissement public le plus important jamais consacr\u00e9 au logement dans l&#8217;histoire r\u00e9cente de l&#8217;Espagne. Les 7 milliards d&#8217;euros mobilis\u00e9s seront r\u00e9partis sur cinq ans et destin\u00e9s \u00e0 financer la construction de logements sociaux, les aides \u00e0 la r\u00e9novation \u00e9nerg\u00e9tique ainsi que des dispositifs d&#8217;encadrement des loyers dans les zones dites \u00ab tendues \u00bb.<\/p>\n<p>Le plan pr\u00e9voit la cr\u00e9ation de plus de 120 000 nouveaux logements publics d&#8217;ici \u00e0 2030, dont une grande partie sera r\u00e9serv\u00e9e aux jeunes de moins de 35 ans et aux familles dont les revenus ne d\u00e9passent pas 2,5 fois le salaire minimum interprofessionnel, fix\u00e9 en 2025 \u00e0 1 184 euros mensuels bruts.<\/p>\n<p>Parmi les mesures phares figure \u00e9galement la mobilisation de terrains publics inutilis\u00e9s pour y construire des logements abordables. Le gouvernement entend ainsi recycler des friches urbaines et des biens appartenant \u00e0 l&#8217;\u00c9tat ou \u00e0 des organismes publics pour acc\u00e9l\u00e9rer la production de logements sans recourir \u00e0 des expropriations massives.<\/p>\n<p>La lutte contre la sp\u00e9culation constitue un autre axe central du plan. Des m\u00e9canismes de r\u00e9gulation renforc\u00e9s sont pr\u00e9vus pour limiter les rachats massifs de logements par des fonds d&#8217;investissement, souvent accus\u00e9s de contribuer \u00e0 la hausse des prix en retirant des biens du march\u00e9 locatif traditionnel.<\/p>\n<h2>Des aides concr\u00e8tes pour les locataires et les propri\u00e9taires modestes<\/h2>\n<p>Au-del\u00e0 de la construction de nouveaux logements, le Plan National du Logement 2026-2030 int\u00e8gre un volet social important destin\u00e9 \u00e0 soutenir les m\u00e9nages les plus vuln\u00e9rables face \u00e0 la pression locative.<\/p>\n<p>Une aide directe au loyer sera maintenue et renforc\u00e9e pour les foyers dont les d\u00e9penses de logement d\u00e9passent 30 % de leurs revenus nets. Selon les estimations du minist\u00e8re du Logement espagnol, environ 1,5 million de m\u00e9nages pourraient b\u00e9n\u00e9ficier de ce dispositif au cours des cinq prochaines ann\u00e9es.<\/p>\n<p>Le plan pr\u00e9voit par ailleurs une enveloppe sp\u00e9cifique de 1,2 milliard d&#8217;euros d\u00e9di\u00e9e \u00e0 la r\u00e9novation \u00e9nerg\u00e9tique des logements anciens. Cette mesure vise \u00e0 am\u00e9liorer la performance thermique des b\u00e2timents, r\u00e9duire les factures d&#8217;\u00e9nergie des occupants et contribuer aux objectifs climatiques de l&#8217;Espagne dans le cadre du Pacte vert europ\u00e9en.<\/p>\n<p>Selon le journal El Pa\u00eds, les associations de locataires saluent globalement l&#8217;ambition du plan, tout en appelant \u00e0 une mise en oeuvre rapide et \u00e0 des contr\u00f4les rigoureux pour \u00e9viter que les aides ne profitent principalement aux promoteurs priv\u00e9s plut\u00f4t qu&#8217;aux m\u00e9nages en difficult\u00e9.<\/p>\n<p>Le gouvernement a \u00e9galement annonc\u00e9 la cr\u00e9ation d&#8217;un observatoire national du logement charg\u00e9 de suivre en temps r\u00e9el l&#8217;\u00e9volution des prix, des loyers et de l&#8217;offre disponible sur l&#8217;ensemble du territoire. Cet organisme ind\u00e9pendant devra publier des rapports trimestriels et pourra formuler des recommandations aux autorit\u00e9s locales et r\u00e9gionales.<\/p>\n<p>Les communaut\u00e9s autonomes joueront un r\u00f4le cl\u00e9 dans la mise en oeuvre du plan, car le logement est en Espagne une comp\u00e9tence partag\u00e9e entre l&#8217;\u00c9tat central et les r\u00e9gions. Des accords de financement sp\u00e9cifiques seront n\u00e9goci\u00e9s avec chaque communaut\u00e9 pour adapter les dispositifs aux r\u00e9alit\u00e9s locales.<\/p>\n<p>Le gouvernement esp\u00e8re que ce plan permettra de stabiliser les prix du logement dans les zones les plus tendues d&#8217;ici \u00e0 2028, tout en augmentant de 15 % le parc locatif abordable \u00e0 l&#8217;\u00e9chelle nationale.<\/p>\n<p>Ce Plan National du Logement 2026-2030 marque une rupture significative avec les politiques pr\u00e9c\u00e9dentes, davantage orient\u00e9es vers le soutien \u00e0 l&#8217;accession \u00e0 la propri\u00e9t\u00e9. En pla\u00e7ant la r\u00e9gulation du march\u00e9 locatif et l&#8217;extension du parc public au coeur de sa strat\u00e9gie, le gouvernement espagnol entend apporter une r\u00e9ponse structurelle \u00e0 une crise qui touche des millions de citoyens et qui est devenue l&#8217;une des premi\u00e8res pr\u00e9occupations sociales du pays.<br \/>\n<i>Sources et photo: R\u00e9daction LCE (avec l&#8217;aide de l&#8217;IA)<\/i><\/p>\n<hr style=\"border: none;border-top: 1px solid #000000;margin: 24px 0\">\n","protected":false},"excerpt":{"rendered":"<p>Le gouvernement espagnol a approuv\u00e9 un ambitieux Plan National du Logement pour la p\u00e9riode 2026-2030, avec une enveloppe budg\u00e9taire de 7 milliards d&#8217;euros. L&#8217;objectif affich\u00e9 est clair : \u00e9largir le parc de logements publics, lutter contre la sp\u00e9culation immobili\u00e8re et garantir un acc\u00e8s au logement digne pour tous les citoyens, en particulier les jeunes et [&hellip;]<\/p>\n","protected":false},"author":13,"featured_media":75978,"comment_status":"open","ping_status":"closed","sticky":false,"template":"","format":"standard","meta":{"om_disable_all_campaigns":false,"_monsterinsights_skip_tracking":false,"_monsterinsights_sitenote_active":false,"_monsterinsights_sitenote_note":"","_monsterinsights_sitenote_category":0,"_uf_show_specific_survey":0,"_uf_disable_surveys":false,"footnotes":""},"categories":[212,233],"tags":[332,639,1162],"class_list":["post-75977","post","type-post","status-publish","format-standard","has-post-thumbnail","hentry","category-breaking-news","category-etudes","tag-espagne","tag-investissement","tag-logement"],"acf":[],"_links":{"self":[{"href":"https:\/\/immo.lecourrier.es\/index.php\/wp-json\/wp\/v2\/posts\/75977","targetHints":{"allow":["GET"]}}],"collection":[{"href":"https:\/\/immo.lecourrier.es\/index.php\/wp-json\/wp\/v2\/posts"}],"about":[{"href":"https:\/\/immo.lecourrier.es\/index.php\/wp-json\/wp\/v2\/types\/post"}],"author":[{"embeddable":true,"href":"https:\/\/immo.lecourrier.es\/index.php\/wp-json\/wp\/v2\/users\/13"}],"replies":[{"embeddable":true,"href":"https:\/\/immo.lecourrier.es\/index.php\/wp-json\/wp\/v2\/comments?post=75977"}],"version-history":[{"count":0,"href":"https:\/\/immo.lecourrier.es\/index.php\/wp-json\/wp\/v2\/posts\/75977\/revisions"}],"wp:featuredmedia":[{"embeddable":true,"href":"https:\/\/immo.lecourrier.es\/index.php\/wp-json\/wp\/v2\/media\/75978"}],"wp:attachment":[{"href":"https:\/\/immo.lecourrier.es\/index.php\/wp-json\/wp\/v2\/media?parent=75977"}],"wp:term":[{"taxonomy":"category","embeddable":true,"href":"https:\/\/immo.lecourrier.es\/index.php\/wp-json\/wp\/v2\/categories?post=75977"},{"taxonomy":"post_tag","embeddable":true,"href":"https:\/\/immo.lecourrier.es\/index.php\/wp-json\/wp\/v2\/tags?post=75977"}],"curies":[{"name":"wp","href":"https:\/\/api.w.org\/{rel}","templated":true}]}}