{"id":75975,"date":"2026-04-29T01:15:49","date_gmt":"2026-04-29T01:15:49","guid":{"rendered":"https:\/\/immo.lecourrier.es\/index.php\/2026\/04\/29\/espagne-le-gouvernement-intensifie-la-pression-sur-les-grands-proprietaires-pour-prolonger-les-contrats-de-location\/"},"modified":"2026-04-29T01:15:49","modified_gmt":"2026-04-29T01:15:49","slug":"espagne-le-gouvernement-intensifie-la-pression-sur-les-grands-proprietaires-pour-prolonger-les-contrats-de-location","status":"publish","type":"post","link":"https:\/\/immo.lecourrier.es\/index.php\/2026\/04\/29\/espagne-le-gouvernement-intensifie-la-pression-sur-les-grands-proprietaires-pour-prolonger-les-contrats-de-location\/","title":{"rendered":"Espagne : le gouvernement intensifie la pression sur les grands propri\u00e9taires pour prolonger les contrats de location"},"content":{"rendered":"<p><i>Face \u00e0 la crise du logement qui secoue l&#8217;Espagne, le minist\u00e8re de la Consommation a d\u00e9cid\u00e9 de passer \u00e0 la vitesse sup\u00e9rieure. Plus de 500 lettres ont \u00e9t\u00e9 envoy\u00e9es \u00e0 de grands propri\u00e9taires immobiliers pour les inciter \u00e0 accepter la prolongation automatique des contrats de location, une mesure controvers\u00e9e qui cristallise les tensions entre locataires, investisseurs et pouvoirs publics.<\/i><\/p>\n<h2>Une offensive administrative sans pr\u00e9c\u00e9dent<\/h2>\n<p>Selon El Pa\u00eds, le minist\u00e8re de la Consommation dirig\u00e9 par Pablo Bustinduy a adress\u00e9 plus de 500 courriers officiels \u00e0 des grands d\u00e9tenteurs de biens immobiliers, commun\u00e9ment appel\u00e9s &#8220;grandes tenedores&#8221;, pour les sommer d&#8217;accepter la prorogation des baux en cours. Cette d\u00e9marche s&#8217;inscrit dans le cadre de la loi sur le logement adopt\u00e9e en mai 2023, qui pr\u00e9voit notamment des m\u00e9canismes de protection renforc\u00e9e pour les locataires dans les zones dites &#8220;tendues&#8221;.<\/p>\n<p>Les &#8220;grandes tenedores&#8221; sont d\u00e9finis en Espagne comme des personnes physiques ou morales poss\u00e9dant plus de dix logements urbains, ou une surface b\u00e2tie de plus de 1 500 m\u00e8tres carr\u00e9s \u00e0 usage r\u00e9sidentiel. Dans certaines communaut\u00e9s autonomes, ce seuil a m\u00eame \u00e9t\u00e9 abaiss\u00e9 \u00e0 cinq logements, selon les dispositions locales en vigueur.<\/p>\n<p>Cette initiative intervient dans un contexte de forte tension sur le march\u00e9 locatif espagnol. D&#8217;apr\u00e8s les donn\u00e9es publi\u00e9es par le Conseil g\u00e9n\u00e9ral des notaires, les loyers ont augment\u00e9 en moyenne de 12 % sur l&#8217;ensemble du territoire national en 2024, avec des pics atteignant 20 % dans des villes comme Madrid, Barcelone ou Valence. Dans la capitale, le loyer m\u00e9dian d\u00e9passe d\u00e9sormais 1 400 euros par mois pour un appartement de deux chambres.<\/p>\n<p>Le gouvernement argue que les grands propri\u00e9taires ont une responsabilit\u00e9 particuli\u00e8re dans la stabilisation du march\u00e9. En refusant de prolonger les contrats, certains d&#8217;entre eux contraignent les locataires \u00e0 quitter leur logement, alimentant ainsi une spirale de pr\u00e9carit\u00e9 r\u00e9sidentielle qui touche en premier lieu les m\u00e9nages modestes et les jeunes actifs.<\/p>\n<h2>Des r\u00e9actions contrast\u00e9es dans le secteur immobilier<\/h2>\n<p>Du c\u00f4t\u00e9 des organisations de propri\u00e9taires, la mesure suscite une vive opposition. Selon le portail sp\u00e9cialis\u00e9 Idealista, plusieurs associations de grands investisseurs immobiliers ont qualifi\u00e9 ces lettres d&#8217;&#8221;intimidation administrative&#8221; et annonc\u00e9 leur intention de contester juridiquement toute obligation de prolongation non consentie. Elles estiment que cette politique porte atteinte au droit de propri\u00e9t\u00e9 garanti par la Constitution espagnole.<\/p>\n<p>Le d\u00e9bat juridique est en effet loin d&#8217;\u00eatre tranch\u00e9. Des experts en droit immobilier soulignent que la fronti\u00e8re entre incitation et obligation reste floue dans le texte l\u00e9gislatif, ce qui ouvre la voie \u00e0 de nombreux recours. Plusieurs proc\u00e9dures sont d\u00e9j\u00e0 en cours devant des juridictions administratives dans diff\u00e9rentes communaut\u00e9s autonomes.<\/p>\n<p>Par ailleurs, certains analystes alertent sur les effets potentiellement contre-productifs de cette pression. Selon le cabinet d&#8217;\u00e9tudes \u00e9conomiques FUNCAS, une r\u00e9glementation trop contraignante pourrait d\u00e9courager les investisseurs de mettre leurs biens en location, r\u00e9duisant ainsi l&#8217;offre disponible sur le march\u00e9 et aggravant \u00e0 terme la p\u00e9nurie de logements accessibles.<\/p>\n<p>Malgr\u00e9 ces critiques, le gouvernement maintient le cap. Le minist\u00e8re de la Consommation a indiqu\u00e9 que des contr\u00f4les seront effectu\u00e9s pour v\u00e9rifier le respect des dispositions l\u00e9gales, et que des sanctions pourraient \u00eatre inflig\u00e9es aux propri\u00e9taires qui refuseraient de se conformer \u00e0 leurs obligations. Les amendes pr\u00e9vues par la loi sur le logement peuvent atteindre plusieurs dizaines de milliers d&#8217;euros en cas de manquement r\u00e9p\u00e9t\u00e9.<\/p>\n<p>Cette politique s&#8217;inscrit dans une strat\u00e9gie plus large du gouvernement de coalition entre le PSOE et Sumar, qui a fait du logement l&#8217;une de ses priorit\u00e9s absolues pour la l\u00e9gislature. Des investissements publics de l&#8217;ordre de 4 milliards d&#8217;euros ont \u00e9t\u00e9 annonc\u00e9s pour la construction de logements sociaux d&#8217;ici 2030, avec l&#8217;objectif de porter le parc de logements abordables \u00e0 300 000 unit\u00e9s suppl\u00e9mentaires sur l&#8217;ensemble du territoire.<\/p>\n<p>La question du logement est devenue un enjeu politique majeur en Espagne, notamment apr\u00e8s les mobilisations massives du printemps 2025, qui avaient rassembl\u00e9 des centaines de milliers de personnes dans les grandes villes pour d\u00e9noncer la flamb\u00e9e des loyers et l&#8217;inaccessibilit\u00e9 de la propri\u00e9t\u00e9 pour une grande partie de la population active.<\/p>\n<p>En conclusion, l&#8217;envoi de plus de 500 lettres aux grands propri\u00e9taires marque une \u00e9tape significative dans la politique du logement espagnole. Si le gouvernement cherche \u00e0 prot\u00e9ger les locataires les plus vuln\u00e9rables face \u00e0 la pression du march\u00e9, cette d\u00e9marche soul\u00e8ve des questions fondamentales sur l&#8217;\u00e9quilibre entre r\u00e9gulation publique et libert\u00e9 contractuelle. L&#8217;issue de ce bras de fer entre l&#8217;\u00c9tat et les grands d\u00e9tenteurs immobiliers pourrait red\u00e9finir durablement les r\u00e8gles du march\u00e9 locatif en Espagne.<br \/>\n<i>Sources et photo: R\u00e9daction LCE (avec l&#8217;aide de l&#8217;IA)<\/i><\/p>\n<hr style=\"border: none;border-top: 1px solid #000000;margin: 24px 0\">\n","protected":false},"excerpt":{"rendered":"<p>Face \u00e0 la crise du logement qui secoue l&#8217;Espagne, le minist\u00e8re de la Consommation a d\u00e9cid\u00e9 de passer \u00e0 la vitesse sup\u00e9rieure. Plus de 500 lettres ont \u00e9t\u00e9 envoy\u00e9es \u00e0 de grands propri\u00e9taires immobiliers pour les inciter \u00e0 accepter la prolongation automatique des contrats de location, une mesure controvers\u00e9e qui cristallise les tensions entre locataires, [&hellip;]<\/p>\n","protected":false},"author":13,"featured_media":75976,"comment_status":"open","ping_status":"closed","sticky":false,"template":"","format":"standard","meta":{"om_disable_all_campaigns":false,"_monsterinsights_skip_tracking":false,"_monsterinsights_sitenote_active":false,"_monsterinsights_sitenote_note":"","_monsterinsights_sitenote_category":0,"_uf_show_specific_survey":0,"_uf_disable_surveys":false,"footnotes":""},"categories":[212,4506],"tags":[332,701,1162],"class_list":["post-75975","post","type-post","status-publish","format-standard","has-post-thumbnail","hentry","category-breaking-news","category-projets-immo","tag-espagne","tag-immobilier","tag-logement"],"acf":[],"_links":{"self":[{"href":"https:\/\/immo.lecourrier.es\/index.php\/wp-json\/wp\/v2\/posts\/75975","targetHints":{"allow":["GET"]}}],"collection":[{"href":"https:\/\/immo.lecourrier.es\/index.php\/wp-json\/wp\/v2\/posts"}],"about":[{"href":"https:\/\/immo.lecourrier.es\/index.php\/wp-json\/wp\/v2\/types\/post"}],"author":[{"embeddable":true,"href":"https:\/\/immo.lecourrier.es\/index.php\/wp-json\/wp\/v2\/users\/13"}],"replies":[{"embeddable":true,"href":"https:\/\/immo.lecourrier.es\/index.php\/wp-json\/wp\/v2\/comments?post=75975"}],"version-history":[{"count":0,"href":"https:\/\/immo.lecourrier.es\/index.php\/wp-json\/wp\/v2\/posts\/75975\/revisions"}],"wp:featuredmedia":[{"embeddable":true,"href":"https:\/\/immo.lecourrier.es\/index.php\/wp-json\/wp\/v2\/media\/75976"}],"wp:attachment":[{"href":"https:\/\/immo.lecourrier.es\/index.php\/wp-json\/wp\/v2\/media?parent=75975"}],"wp:term":[{"taxonomy":"category","embeddable":true,"href":"https:\/\/immo.lecourrier.es\/index.php\/wp-json\/wp\/v2\/categories?post=75975"},{"taxonomy":"post_tag","embeddable":true,"href":"https:\/\/immo.lecourrier.es\/index.php\/wp-json\/wp\/v2\/tags?post=75975"}],"curies":[{"name":"wp","href":"https:\/\/api.w.org\/{rel}","templated":true}]}}