{"id":75973,"date":"2026-04-29T01:15:34","date_gmt":"2026-04-29T01:15:34","guid":{"rendered":"https:\/\/immo.lecourrier.es\/index.php\/2026\/04\/29\/mango-home-debarque-a-valencia-pour-habiller-nos-interieurs\/"},"modified":"2026-04-29T01:15:34","modified_gmt":"2026-04-29T01:15:34","slug":"mango-home-debarque-a-valencia-pour-habiller-nos-interieurs","status":"publish","type":"post","link":"https:\/\/immo.lecourrier.es\/index.php\/2026\/04\/29\/mango-home-debarque-a-valencia-pour-habiller-nos-interieurs\/","title":{"rendered":"Mango Home d\u00e9barque \u00e0 Valencia pour habiller nos int\u00e9rieurs"},"content":{"rendered":"\n<div data-elementor-type=\"wp-post\" data-elementor-id=\"136568\" class=\"elementor elementor-136568\" data-elementor-post-type=\"post\">\n<div class=\"elementor-element elementor-element-a1a9fb0 e-flex e-con-boxed e-con e-parent\" data-id=\"a1a9fb0\" data-element_type=\"container\" data-e-type=\"container\">\n<div class=\"e-con-inner\">\n<div class=\"elementor-element elementor-element-8cda22a elementor-widget elementor-widget-text-editor\" data-id=\"8cda22a\" data-element_type=\"widget\" data-e-type=\"widget\" data-widget_type=\"text-editor.default\">\n<p>Mango Home acc\u00e9l\u00e8re son d\u00e9ploiement en Espagne et choisit Valencia pour franchir une nouvelle \u00e9tape de son d\u00e9veloppement. La ligne d\u00e9di\u00e9e \u00e0 l\u2019univers de la maison du groupe Mango inaugurera sa premi\u00e8re boutique dans la Communaut\u00e9 valencienne, confirmant ainsi l\u2019importance strat\u00e9gique de la ville dans son plan de croissance.<\/p>\n<p>L\u2019enseigne s\u2019installera dans un emplacement premium, \u00e0 proximit\u00e9 imm\u00e9diate du Mercado Col\u00f3n, au croisement des rues Jorge Juan et Cirilo Amor\u00f3s, l\u00e0 o\u00f9 \u00e9tait les magasins Gocco et Triggo. Ce choix d\u2019implantation, au c\u0153ur d\u2019un quartier commer\u00e7ant dynamique, permet \u00e0 la marque de s\u2019ancrer dans une zone particuli\u00e8rement attractive, en coh\u00e9rence avec son positionnement.<\/p>\n<p>Le futur point de vente occupera deux locaux r\u00e9unis, offrant une surface d\u2019environ 400 m\u00b2. Cet espace permettra de pr\u00e9senter une offre \u00e9tendue, couvrant l\u2019ensemble des univers de la maison : linge, arts de la table, d\u00e9coration et accessoires. L\u2019objectif est de proposer une exp\u00e9rience immersive, compl\u00e9mentaire \u00e0 l\u2019offre en ligne qui constituait jusqu\u2019ici le principal canal de distribution.<\/p>\n<p>L\u2019ouverture ne sera toutefois pas imm\u00e9diate, des travaux sont n\u00e9cessaires pour aligner les lieux avec les standards de la marque, mais l\u2019inauguration devrait intervenir avant l\u2019\u00e9t\u00e9. Le projet a \u00e9t\u00e9 g\u00e9r\u00e9 par Everest Consultores.<\/p>\n<p>Au-del\u00e0 de cette implantation, Mango Home confirme une strat\u00e9gie de structuration de son r\u00e9seau physique dans les villes cl\u00e9s. Lanc\u00e9e en 2021, la marque a connu une croissance rapide, avec une pr\u00e9sence aujourd\u2019hui \u00e9tendue \u00e0 34 march\u00e9s en ligne, principalement en Europe et aux \u00c9tats-Unis. \u00c0 Granada, par exemple, l\u2019enseigne dispose d\u00e9j\u00e0 d\u2019un point de vente de 280 m\u00b2 et de nouvelles ouvertures sont pr\u00e9vues \u00e0 Bilbao, Saragosse et Madrid.<\/p>\n<p>Cette dynamique s\u2019appuie \u00e9galement sur un \u00e9largissement significatif de son offre : le catalogue est pass\u00e9 de 1 600 r\u00e9f\u00e9rences en 2024 \u00e0 6 000 en 2025. Deux collections annuelles permettent d\u00e9sormais de couvrir l\u2019ensemble des besoins li\u00e9s \u00e0 l\u2019am\u00e9nagement int\u00e9rieur.<\/p>\n<p>\u00c0 Valencia, la boutique a vocation \u00e0 proposer un univers en phase avec l\u2019identit\u00e9 m\u00e9diterran\u00e9enne de la ville, en mettant l\u2019accent sur des produits \u00e0 la fois esth\u00e9tiques et fonctionnels. L\u2019objectif est clair : offrir une exp\u00e9rience client qualitative, en conjuguant inspiration, accessibilit\u00e9 et proximit\u00e9.<\/p>\n<p class=\"has-text-align-right\">Laurence Lemoine<\/p>\n<p class=\"has-text-align-right\"><a href=\"https:\/\/www.valencia-expat-services.com\/\">Valencia Expat services<\/a><br \/><a href=\"http:\/\/www.madrid-expat-services.com\/\">Madrid<\/a>\u00a0<a href=\"https:\/\/barcelona-expat-services.es\/fr\/\">Barcelone<\/a>\u00a0<a href=\"http:\/\/www.javea-denia-expat-services.com\/\">Javea-Denia<\/a><\/p>\n<div class=\"sharedaddy sd-sharing-enabled\">\u00a0<\/div>\n<\/p><\/div>\n<\/p><\/div>\n<\/p><\/div>\n<\/p><\/div>\n","protected":false},"excerpt":{"rendered":"<p>Mango Home acc\u00e9l\u00e8re son d\u00e9ploiement en Espagne et choisit Valencia pour franchir une nouvelle \u00e9tape de son d\u00e9veloppement. La ligne d\u00e9di\u00e9e \u00e0 l\u2019univers de la maison du groupe Mango inaugurera sa premi\u00e8re boutique dans la Communaut\u00e9 valencienne, confirmant ainsi l\u2019importance strat\u00e9gique de la ville dans son plan de croissance. L\u2019enseigne s\u2019installera dans un emplacement premium, [&hellip;]<\/p>\n","protected":false},"author":13,"featured_media":75974,"comment_status":"open","ping_status":"closed","sticky":false,"template":"","format":"standard","meta":{"om_disable_all_campaigns":false,"_monsterinsights_skip_tracking":false,"_monsterinsights_sitenote_active":false,"_monsterinsights_sitenote_note":"","_monsterinsights_sitenote_category":0,"_uf_show_specific_survey":0,"_uf_disable_surveys":false,"footnotes":""},"categories":[212,4508],"tags":[2650,919],"class_list":["post-75973","post","type-post","status-publish","format-standard","has-post-thumbnail","hentry","category-breaking-news","category-mag-blogs-communaute","tag-mango","tag-valencia"],"acf":[],"_links":{"self":[{"href":"https:\/\/immo.lecourrier.es\/index.php\/wp-json\/wp\/v2\/posts\/75973","targetHints":{"allow":["GET"]}}],"collection":[{"href":"https:\/\/immo.lecourrier.es\/index.php\/wp-json\/wp\/v2\/posts"}],"about":[{"href":"https:\/\/immo.lecourrier.es\/index.php\/wp-json\/wp\/v2\/types\/post"}],"author":[{"embeddable":true,"href":"https:\/\/immo.lecourrier.es\/index.php\/wp-json\/wp\/v2\/users\/13"}],"replies":[{"embeddable":true,"href":"https:\/\/immo.lecourrier.es\/index.php\/wp-json\/wp\/v2\/comments?post=75973"}],"version-history":[{"count":0,"href":"https:\/\/immo.lecourrier.es\/index.php\/wp-json\/wp\/v2\/posts\/75973\/revisions"}],"wp:featuredmedia":[{"embeddable":true,"href":"https:\/\/immo.lecourrier.es\/index.php\/wp-json\/wp\/v2\/media\/75974"}],"wp:attachment":[{"href":"https:\/\/immo.lecourrier.es\/index.php\/wp-json\/wp\/v2\/media?parent=75973"}],"wp:term":[{"taxonomy":"category","embeddable":true,"href":"https:\/\/immo.lecourrier.es\/index.php\/wp-json\/wp\/v2\/categories?post=75973"},{"taxonomy":"post_tag","embeddable":true,"href":"https:\/\/immo.lecourrier.es\/index.php\/wp-json\/wp\/v2\/tags?post=75973"}],"curies":[{"name":"wp","href":"https:\/\/api.w.org\/{rel}","templated":true}]}}