{"id":75971,"date":"2026-04-29T01:15:25","date_gmt":"2026-04-29T01:15:25","guid":{"rendered":"https:\/\/immo.lecourrier.es\/index.php\/2026\/04\/29\/les-hotels-emblematiques-tirent-les-prix-a-la-hausse-au-premier-trimestre\/"},"modified":"2026-04-30T12:25:52","modified_gmt":"2026-04-30T12:25:52","slug":"les-hotels-emblematiques-tirent-les-prix-a-la-hausse-au-premier-trimestre","status":"publish","type":"post","link":"https:\/\/immo.lecourrier.es\/index.php\/2026\/04\/29\/les-hotels-emblematiques-tirent-les-prix-a-la-hausse-au-premier-trimestre\/","title":{"rendered":"Les h\u00f4tels embl\u00e9matiques tirent les prix \u00e0 la hausse au premier trimestre."},"content":{"rendered":"\n<div data-elementor-type=\"wp-post\" data-elementor-id=\"136644\" class=\"elementor elementor-136644\" data-elementor-post-type=\"post\">\n<div class=\"elementor-element elementor-element-344e95f2 e-flex e-con-boxed e-con e-parent\" data-id=\"344e95f2\" data-element_type=\"container\" data-e-type=\"container\">\n<div class=\"e-con-inner\">\n<div class=\"elementor-element elementor-element-1205167e elementor-widget elementor-widget-text-editor\" data-id=\"1205167e\" data-element_type=\"widget\" data-e-type=\"widget\" data-widget_type=\"text-editor.default\">\n<p><i>Le march\u00e9 h\u00f4telier espagnol confirme une tendance de fond : les \u00e9tablissements de prestige et les actifs embl\u00e9matiques continuent de faire grimper le prix moyen par chambre, portant les chiffres du secteur vers de nouveaux sommets en ce d\u00e9but d&#8217;ann\u00e9e 2026. Entre dynamisme des transactions et repositionnement tarifaire, l&#8217;Espagne s&#8217;impose comme l&#8217;une des destinations les plus attractives pour l&#8217;investissement h\u00f4telier en Europe.<\/i><\/p>\n<h2>Un premier trimestre port\u00e9 par les actifs de prestige<\/h2>\n<p>Le d\u00e9but de l&#8217;ann\u00e9e 2026 a confirm\u00e9 la vigueur du march\u00e9 h\u00f4telier espagnol. Selon Hosteltur, le prix moyen par chambre disponible, indicateur cl\u00e9 du secteur connu sous le nom de RevPAR, a progress\u00e9 de mani\u00e8re significative par rapport \u00e0 la m\u00eame p\u00e9riode en 2025, notamment gr\u00e2ce \u00e0 l&#8217;entr\u00e9e en exploitation de plusieurs \u00e9tablissements cinq \u00e9toiles et de boutique-h\u00f4tels positionn\u00e9s sur le segment luxe.<\/p>\n<p>Ces actifs embl\u00e9matiques, souvent situ\u00e9s dans des centres historiques ou sur des fronts de mer pris\u00e9s, affichent des tarifs nuit\u00e9e bien au-dessus de la moyenne nationale. \u00c0 Madrid et Barcelone, le prix moyen par chambre a franchi respectivement les 180 et 195 euros la nuit au cours du premier trimestre, soit une hausse de l&#8217;ordre de 8 \u00e0 10 % en glissement annuel.<\/p>\n<p>Ce ph\u00e9nom\u00e8ne n&#8217;est pas anodin. Il refl\u00e8te une strat\u00e9gie d\u00e9lib\u00e9r\u00e9e de mont\u00e9e en gamme port\u00e9e par les grands groupes h\u00f4teliers et les fonds d&#8217;investissement qui ont massivement acquis des propri\u00e9t\u00e9s historiques pour les transformer en \u00e9tablissements de luxe. La r\u00e9novation de palaces anciens, de couvents ou de b\u00e2timents industriels reconvertis contribue directement \u00e0 cette inflation tarifaire.<\/p>\n<blockquote class=\"ml-2 border-l-4 border-border-300\/10 pl-4 text-text-300\">\n<p class=\"font-claude-response-body break-words whitespace-normal leading-[1.7]\"><em>\u00ab Les h\u00f4tels embl\u00e9matiques ne repr\u00e9sentent qu&#8217;une fraction du parc total, mais ils exercent une pression haussi\u00e8re disproportionn\u00e9e sur les prix moyens du march\u00e9, red\u00e9finissant les attentes des voyageurs et des investisseurs. \u00bb<\/em> Hosteltur, analyse du march\u00e9 h\u00f4telier espagnol T1 2026<\/p>\n<\/blockquote>\n<p>Les chiffres publi\u00e9s par l&#8217;Institut national de la statistique espagnol (INE) viennent appuyer cette lecture : le taux d&#8217;occupation des h\u00f4tels quatre et cinq \u00e9toiles a atteint 74 % en moyenne sur les trois premiers mois de l&#8217;ann\u00e9e, contre 68 % pour l&#8217;ensemble du parc h\u00f4telier national.<\/p>\n<h2>Un volume de transactions en hausse, des investisseurs toujours pr\u00e9sents<\/h2>\n<p>Le dynamisme tarifaire s&#8217;accompagne d&#8217;un regain d&#8217;activit\u00e9 sur le front des transactions immobili\u00e8res h\u00f4teli\u00e8res. Selon les donn\u00e9es compil\u00e9es par le cabinet de conseil CBRE Espagne, le volume d&#8217;investissement dans le secteur h\u00f4telier a d\u00e9pass\u00e9 1,2 milliard d&#8217;euros au premier trimestre 2026, soit une progression de 15 % par rapport au m\u00eame trimestre de l&#8217;ann\u00e9e pr\u00e9c\u00e9dente.<\/p>\n<p>Les acqu\u00e9reurs sont principalement des fonds d&#8217;investissement nord-am\u00e9ricains et des family offices europ\u00e9ens, attir\u00e9s par la stabilit\u00e9 du march\u00e9 espagnol et par des rendements encore comp\u00e9titifs face \u00e0 d&#8217;autres destinations m\u00e9diterran\u00e9ennes. Les Bal\u00e9ares, les Canaries et la Costa del Sol concentrent une part importante de ces op\u00e9rations, aux c\u00f4t\u00e9s des deux grandes m\u00e9tropoles.<\/p>\n<p>La tendance \u00e0 la valorisation des actifs embl\u00e9matiques est particuli\u00e8rement marqu\u00e9e dans les transactions r\u00e9centes. Plusieurs h\u00f4tels historiques ont \u00e9t\u00e9 c\u00e9d\u00e9s \u00e0 des prix d\u00e9passant 500 000 euros par chambre, un seuil qui \u00e9tait encore rarissime il y a cinq ans. Ces op\u00e9rations t\u00e9moignent d&#8217;une confiance durable des investisseurs dans la capacit\u00e9 du march\u00e9 espagnol \u00e0 g\u00e9n\u00e9rer des revenus solides sur le long terme.<\/p>\n<blockquote class=\"ml-2 border-l-4 border-border-300\/10 pl-4 text-text-300\">\n<p class=\"font-claude-response-body break-words whitespace-normal leading-[1.7]\"><em>\u00ab L&#8217;Espagne reste l&#8217;un des march\u00e9s h\u00f4teliers les plus liquides d&#8217;Europe. Les actifs bien positionn\u00e9s trouvent preneur rapidement, m\u00eame \u00e0 des valorisations \u00e9lev\u00e9es. \u00bb<\/em> CBRE Espagne, rapport d&#8217;investissement h\u00f4telier T1 2026<\/p>\n<\/blockquote>\n<p>Selon le cabinet JLL H\u00f4tels et Hospitality, la demande pour les actifs premium devrait rester soutenue tout au long de l&#8217;ann\u00e9e, port\u00e9e par une saison estivale qui s&#8217;annonce exceptionnelle. Les r\u00e9servations anticip\u00e9es pour les mois de juin \u00e0 septembre affichent d\u00e9j\u00e0 une progression de 12 % par rapport \u00e0 2025, ce qui laisse pr\u00e9sager une nouvelle hausse des indicateurs de performance au deuxi\u00e8me et troisi\u00e8me trimestre.<\/p>\n<p>La mont\u00e9e en puissance du tourisme de luxe joue un r\u00f4le central dans cette dynamique. Les voyageurs internationaux \u00e0 fort pouvoir d&#8217;achat, notamment en provenance des \u00c9tats-Unis, du Moyen-Orient et d&#8217;Asie du Sud-Est, pl\u00e9biscitent les \u00e9tablissements espagnols pour leur rapport qualit\u00e9-prix, encore per\u00e7u comme avantageux malgr\u00e9 la hausse des tarifs.<\/p>\n<p>L&#8217;Espagne b\u00e9n\u00e9ficie \u00e9galement d&#8217;un cadre r\u00e9glementaire relativement favorable aux investissements h\u00f4teliers, m\u00eame si plusieurs municipalit\u00e9s ont durci les conditions d&#8217;attribution de nouvelles licences touristiques, poussant les op\u00e9rateurs \u00e0 se concentrer sur la valorisation d&#8217;actifs existants plut\u00f4t que sur la construction neuve.<\/p>\n<p>Ce contexte de raret\u00e9 relative des actifs de qualit\u00e9 contribue m\u00e9caniquement \u00e0 soutenir les prix de cession et, par ricochet, les tarifs pratiqu\u00e9s aupr\u00e8s des clients finaux. Le cercle vertueux entre investissement, r\u00e9novation et mont\u00e9e en gamme semble bien install\u00e9 pour les prochains trimestres.<\/p>\n<p>En conclusion, le premier trimestre 2026 confirme que les h\u00f4tels embl\u00e9matiques jouent un r\u00f4le moteur dans la revalorisation du secteur h\u00f4telier espagnol. Port\u00e9s par des investisseurs confiants et une demande touristique robuste, ces \u00e9tablissements tirent l&#8217;ensemble du march\u00e9 vers le haut, consolidant la position de l&#8217;Espagne parmi les destinations h\u00f4teli\u00e8res les plus dynamiques et les plus pris\u00e9es d&#8217;Europe.<br \/><i><\/i><\/p>\n<p><i>Sources et photo: R\u00e9daction LCE (avec l&#8217;aide de l&#8217;IA)<\/i><\/p>\n<hr style=\"border: none;border-top: 1px solid #000000;margin: 24px 0\" \/>\t\t\t\t\t\t\t\t<\/div>\n<div class=\"elementor-element elementor-element-713bddf elementor-widget elementor-widget-html\" data-id=\"713bddf\" data-element_type=\"widget\" data-e-type=\"widget\" data-widget_type=\"html.default\">\n\t\t\t\t\t\t\t\t\t<\/div>\n<\/p><\/div>\n<\/p><\/div>\n<\/p><\/div>\n","protected":false},"excerpt":{"rendered":"<p>Le march\u00e9 h\u00f4telier espagnol confirme une tendance de fond : les \u00e9tablissements de prestige et les actifs embl\u00e9matiques continuent de faire grimper le prix moyen par chambre, portant les chiffres du secteur vers de nouveaux sommets en ce d\u00e9but d&#8217;ann\u00e9e 2026. Entre dynamisme des transactions et repositionnement tarifaire, l&#8217;Espagne s&#8217;impose comme l&#8217;une des destinations les [&hellip;]<\/p>\n","protected":false},"author":13,"featured_media":75972,"comment_status":"open","ping_status":"closed","sticky":false,"template":"","format":"standard","meta":{"om_disable_all_campaigns":false,"_monsterinsights_skip_tracking":false,"_monsterinsights_sitenote_active":false,"_monsterinsights_sitenote_note":"","_monsterinsights_sitenote_category":0,"_uf_show_specific_survey":0,"_uf_disable_surveys":false,"footnotes":""},"categories":[212,258],"tags":[332,4513,660],"class_list":["post-75971","post","type-post","status-publish","format-standard","has-post-thumbnail","hentry","category-breaking-news","category-hotels-living","tag-espagne","tag-espagne-hotelerie","tag-tourisme"],"acf":[],"_links":{"self":[{"href":"https:\/\/immo.lecourrier.es\/index.php\/wp-json\/wp\/v2\/posts\/75971","targetHints":{"allow":["GET"]}}],"collection":[{"href":"https:\/\/immo.lecourrier.es\/index.php\/wp-json\/wp\/v2\/posts"}],"about":[{"href":"https:\/\/immo.lecourrier.es\/index.php\/wp-json\/wp\/v2\/types\/post"}],"author":[{"embeddable":true,"href":"https:\/\/immo.lecourrier.es\/index.php\/wp-json\/wp\/v2\/users\/13"}],"replies":[{"embeddable":true,"href":"https:\/\/immo.lecourrier.es\/index.php\/wp-json\/wp\/v2\/comments?post=75971"}],"version-history":[{"count":0,"href":"https:\/\/immo.lecourrier.es\/index.php\/wp-json\/wp\/v2\/posts\/75971\/revisions"}],"wp:featuredmedia":[{"embeddable":true,"href":"https:\/\/immo.lecourrier.es\/index.php\/wp-json\/wp\/v2\/media\/75972"}],"wp:attachment":[{"href":"https:\/\/immo.lecourrier.es\/index.php\/wp-json\/wp\/v2\/media?parent=75971"}],"wp:term":[{"taxonomy":"category","embeddable":true,"href":"https:\/\/immo.lecourrier.es\/index.php\/wp-json\/wp\/v2\/categories?post=75971"},{"taxonomy":"post_tag","embeddable":true,"href":"https:\/\/immo.lecourrier.es\/index.php\/wp-json\/wp\/v2\/tags?post=75971"}],"curies":[{"name":"wp","href":"https:\/\/api.w.org\/{rel}","templated":true}]}}