{"id":75969,"date":"2026-04-29T01:15:22","date_gmt":"2026-04-29T01:15:22","guid":{"rendered":"https:\/\/immo.lecourrier.es\/index.php\/2026\/04\/29\/daeroport-a-astroport-teruel-passe-en-mode-spatial\/"},"modified":"2026-04-30T12:25:50","modified_gmt":"2026-04-30T12:25:50","slug":"daeroport-a-astroport-teruel-passe-en-mode-spatial","status":"publish","type":"post","link":"https:\/\/immo.lecourrier.es\/index.php\/2026\/04\/29\/daeroport-a-astroport-teruel-passe-en-mode-spatial\/","title":{"rendered":"D\u2019a\u00e9roport \u00e0 astroport : Teruel passe en mode spatial"},"content":{"rendered":"\n<div data-elementor-type=\"wp-post\" data-elementor-id=\"136680\" class=\"elementor elementor-136680\" data-elementor-post-type=\"post\">\n<div class=\"elementor-element elementor-element-3d0de21 e-flex e-con-boxed e-con e-parent\" data-id=\"3d0de21\" data-element_type=\"container\" data-e-type=\"container\">\n<div class=\"e-con-inner\">\n<div class=\"elementor-element elementor-element-e3cbaef elementor-widget elementor-widget-text-editor\" data-id=\"e3cbaef\" data-element_type=\"widget\" data-e-type=\"widget\" data-widget_type=\"text-editor.default\">\n<p>Teruel, petite ville situ\u00e9e en pleine campagne Aragonaise, acc\u00e9l\u00e8re sa transformation en p\u00f4le strat\u00e9gique de l\u2019industrie a\u00e9rospatiale et d\u00e9veloppe actuellement un projet unique en Europe destin\u00e9 \u00e0 accueillir des dirigeables stratosph\u00e9riques et \u00e0 doter son a\u00e9roport d\u2019infrastructures aux standards d\u2019un v\u00e9ritable astroport.<\/p>\n<p>L\u2019initiative repose sur la construction d\u2019un hangar et d\u2019une unit\u00e9 de production capables d\u2019accueillir des a\u00e9ronefs de type HAPS (High Altitude Platform Systems), con\u00e7us pour \u00e9voluer \u00e0 pr\u00e8s de 20 000 m\u00e8tres d\u2019altitude. \u00c0 terme, le site permettra non seulement le lancement et l\u2019atterrissage de ces appareils, mais \u00e9galement leur fabrication, leur maintenance et leur contr\u00f4le op\u00e9rationnel.<\/p>\n<p>Le chantier, dont la premi\u00e8re pierre a \u00e9t\u00e9 pos\u00e9e en mars 2025, repr\u00e9sente un investissement de pr\u00e8s de 40 millions d\u2019euros (hors taxes). Il a \u00e9t\u00e9 confi\u00e9 \u00e0 un groupement d\u2019entreprises espagnoles, avec un calendrier de r\u00e9alisation fix\u00e9 \u00e0 20 mois. La mise en service du complexe est envisag\u00e9e d\u00e9but 2027, sous r\u00e9serve du lancement des appels d\u2019offres fin 2026.<\/p>\n<p>Avec une emprise totale de plusieurs hectares, l\u2019infrastructure en cours de construction se distingue par ses dimensions hors normes : un b\u00e2timent principal de plus de 370 m\u00e8tres de long, compl\u00e9t\u00e9 par des espaces d\u00e9di\u00e9s \u00e0 l\u2019assemblage et \u00e0 la maintenance, ainsi qu\u2019une vaste plateforme destin\u00e9e aux op\u00e9rations de sortie des dirigeables.<\/p>\n<p>Pour les autorit\u00e9s locales, ce projet constitue un levier majeur de d\u00e9veloppement \u00e9conomique. \u00ab L\u2019a\u00e9roport de Teruel est l\u2019un des piliers strat\u00e9giques de l\u2019Aragon \u00bb, souligne la maire de la ville, mettant en avant l\u2019impact direct sur l\u2019emploi industriel. Selon les donn\u00e9es communiqu\u00e9es, pr\u00e8s de 1 000 postes auraient d\u00e9j\u00e0 \u00e9t\u00e9 cr\u00e9\u00e9s ces derni\u00e8res ann\u00e9es, en lien avec l\u2019essor de l\u2019activit\u00e9 a\u00e9roportuaire.<\/p>\n<p>Au-del\u00e0 des infrastructures, Teruel b\u00e9n\u00e9ficie \u00e9galement de la pr\u00e9sence d\u2019acteurs industriels sp\u00e9cialis\u00e9s, \u00e0 l\u2019image de PLD Space, engag\u00e9e dans des essais de moteurs de fus\u00e9es. Cette dynamique contribue \u00e0 positionner le territoire comme un centre de r\u00e9f\u00e9rence pour les technologies a\u00e9rospatiales de nouvelle g\u00e9n\u00e9ration.<\/p>\n<p>Dans le m\u00eame temps, l\u2019a\u00e9roport (qui ne g\u00e8re aucun traffic aerien) poursuit ses activit\u00e9s traditionnelles, notamment dans le stationnement et la maintenance d\u2019avions. L\u2019actuelle guerre avec l\u2019Iran a renforc\u00e9 ce r\u00f4le, avec l\u2019accueil de plusieurs appareils en provenance du Moyen-Orient : une vingtaine d\u2019avions de la compagnie Qatar Airways y sont stationn\u00e9s, profitant d\u2019un environnement s\u00e9curis\u00e9 et d\u2019infrastructures adapt\u00e9es.<\/p>\n<p>Cette double vocation \u2013 industrielle et op\u00e9rationnelle \u2013 conforte l\u2019ambition de Teruel de s\u2019inscrire durablement dans la cartographie europ\u00e9enne de l\u2019a\u00e9ronautique et du spatial. \u00c0 moyen terme, le projet pourrait ainsi red\u00e9finir le positionnement de la ville, en la propulsant au rang de plateforme incontournable pour les technologies de haute altitude et les activit\u00e9s spatiales \u00e9mergentes.<\/p>\n<p class=\"has-text-align-right\">Laurence Lemoine<\/p>\n<p class=\"has-text-align-right\"><a href=\"https:\/\/www.valencia-expat-services.com\/\">Valencia Expat services<\/a><br \/><a href=\"http:\/\/www.madrid-expat-services.com\/\">Madrid<\/a>\u00a0<a href=\"https:\/\/barcelona-expat-services.es\/fr\/\">Barcelone<\/a>\u00a0<a href=\"http:\/\/www.javea-denia-expat-services.com\/\">Javea-Denia<\/a><\/p>\n<\/p><\/div>\n<\/p><\/div>\n<\/p><\/div>\n<\/p><\/div>\n","protected":false},"excerpt":{"rendered":"<p>Teruel, petite ville situ\u00e9e en pleine campagne Aragonaise, acc\u00e9l\u00e8re sa transformation en p\u00f4le strat\u00e9gique de l\u2019industrie a\u00e9rospatiale et d\u00e9veloppe actuellement un projet unique en Europe destin\u00e9 \u00e0 accueillir des dirigeables stratosph\u00e9riques et \u00e0 doter son a\u00e9roport d\u2019infrastructures aux standards d\u2019un v\u00e9ritable astroport. L\u2019initiative repose sur la construction d\u2019un hangar et d\u2019une unit\u00e9 de production capables [&hellip;]<\/p>\n","protected":false},"author":13,"featured_media":75970,"comment_status":"open","ping_status":"closed","sticky":false,"template":"","format":"standard","meta":{"om_disable_all_campaigns":false,"_monsterinsights_skip_tracking":false,"_monsterinsights_sitenote_active":false,"_monsterinsights_sitenote_note":"","_monsterinsights_sitenote_category":0,"_uf_show_specific_survey":0,"_uf_disable_surveys":false,"footnotes":""},"categories":[212,4509],"tags":[2011],"class_list":["post-75969","post","type-post","status-publish","format-standard","has-post-thumbnail","hentry","category-breaking-news","category-uncategorized","tag-teruel"],"acf":[],"_links":{"self":[{"href":"https:\/\/immo.lecourrier.es\/index.php\/wp-json\/wp\/v2\/posts\/75969","targetHints":{"allow":["GET"]}}],"collection":[{"href":"https:\/\/immo.lecourrier.es\/index.php\/wp-json\/wp\/v2\/posts"}],"about":[{"href":"https:\/\/immo.lecourrier.es\/index.php\/wp-json\/wp\/v2\/types\/post"}],"author":[{"embeddable":true,"href":"https:\/\/immo.lecourrier.es\/index.php\/wp-json\/wp\/v2\/users\/13"}],"replies":[{"embeddable":true,"href":"https:\/\/immo.lecourrier.es\/index.php\/wp-json\/wp\/v2\/comments?post=75969"}],"version-history":[{"count":0,"href":"https:\/\/immo.lecourrier.es\/index.php\/wp-json\/wp\/v2\/posts\/75969\/revisions"}],"wp:featuredmedia":[{"embeddable":true,"href":"https:\/\/immo.lecourrier.es\/index.php\/wp-json\/wp\/v2\/media\/75970"}],"wp:attachment":[{"href":"https:\/\/immo.lecourrier.es\/index.php\/wp-json\/wp\/v2\/media?parent=75969"}],"wp:term":[{"taxonomy":"category","embeddable":true,"href":"https:\/\/immo.lecourrier.es\/index.php\/wp-json\/wp\/v2\/categories?post=75969"},{"taxonomy":"post_tag","embeddable":true,"href":"https:\/\/immo.lecourrier.es\/index.php\/wp-json\/wp\/v2\/tags?post=75969"}],"curies":[{"name":"wp","href":"https:\/\/api.w.org\/{rel}","templated":true}]}}