{"id":75967,"date":"2026-04-29T01:10:51","date_gmt":"2026-04-29T01:10:51","guid":{"rendered":"https:\/\/immo.lecourrier.es\/index.php\/2026\/04\/29\/le-ministere-publie-la-premiere-liste-daides-pour-les-dommages-causes-par-les-tempetes-avec-des-zones-touchees-en-andalousie\/"},"modified":"2026-04-30T12:25:49","modified_gmt":"2026-04-30T12:25:49","slug":"le-ministere-publie-la-premiere-liste-daides-pour-les-dommages-causes-par-les-tempetes-avec-des-zones-touchees-en-andalousie","status":"publish","type":"post","link":"https:\/\/immo.lecourrier.es\/index.php\/2026\/04\/29\/le-ministere-publie-la-premiere-liste-daides-pour-les-dommages-causes-par-les-tempetes-avec-des-zones-touchees-en-andalousie\/","title":{"rendered":"Le minist\u00e8re publie la premi\u00e8re liste d&#8217;aides pour les dommages caus\u00e9s par les temp\u00eates, avec des zones touch\u00e9es en Andalousie."},"content":{"rendered":"<p><i>Face aux cons\u00e9quences d\u00e9vastatrices des r\u00e9centes temp\u00eates qui ont frapp\u00e9 plusieurs r\u00e9gions espagnoles, le minist\u00e8re de l&#8217;Agriculture, de la P\u00eache et de l&#8217;Alimentation vient de publier un premier &#8220;listado officiel&#8221; des aides destin\u00e9es aux agriculteurs et \u00e9leveurs victimes de dommages. L&#8217;Andalousie figure parmi les territoires concern\u00e9s, ce qui repr\u00e9sente une avanc\u00e9e concr\u00e8te pour des milliers d&#8217;exploitants en attente de soutien.<\/i><\/p>\n<h2>Un dispositif d&#8217;urgence pour faire face aux pertes agricoles<\/h2>\n<p>Les temp\u00eates successives qui ont travers\u00e9 la p\u00e9ninsule ib\u00e9rique ces derniers mois ont laiss\u00e9 des traces profondes dans le secteur agricole espagnol. Inondations, vents violents, gr\u00eale et pluies torrentielles ont endommag\u00e9 des cultures, des infrastructures et du b\u00e9tail dans de nombreuses provinces. Selon le Ministerio de Agricultura, Pesca y Alimentaci\u00f3n (documento oficial), ce premier listado recense les zones g\u00e9ographiques et les types de productions \u00e9ligibles aux aides publiques destin\u00e9es \u00e0 compenser les pertes subies lors de ces \u00e9pisodes m\u00e9t\u00e9orologiques exceptionnels.<\/p>\n<p>Le document officiel pr\u00e9cise que les aides concernent notamment les cultures mara\u00eech\u00e8res, les oliveraies, les vignobles et les exploitations c\u00e9r\u00e9ali\u00e8res. Ces secteurs, particuli\u00e8rement vuln\u00e9rables aux al\u00e9as climatiques, avaient \u00e9t\u00e9 signal\u00e9s comme prioritaires par les organisations professionnelles agricoles d\u00e8s les premi\u00e8res semaines suivant les sinistres. Les montants allou\u00e9s varient en fonction de la superficie touch\u00e9e et du type de production, avec des bar\u00e8mes fix\u00e9s par hectare ou par unit\u00e9 animale pour l&#8217;\u00e9levage.<\/p>\n<blockquote class=\"ml-2 border-l-4 border-border-300\/10 pl-4 text-text-300\">\n<p class=\"font-claude-response-body break-words whitespace-normal leading-[1.7]\"><em>\u00ab Les exploitations agricoles situ\u00e9es dans les zones d\u00e9limit\u00e9es par le d\u00e9cret pourront b\u00e9n\u00e9ficier d&#8217;une aide directe couvrant jusqu&#8217;\u00e0 60 % des pertes constat\u00e9es, sous r\u00e9serve de la constitution d&#8217;un dossier complet aupr\u00e8s des services r\u00e9gionaux comp\u00e9tents. \u00bb<\/em> Ministerio de Agricultura, Pesca y Alimentaci\u00f3n, documento oficial, avril 2026<\/p>\n<\/blockquote>\n<p>La publication de cette liste intervient dans un contexte o\u00f9 les agriculteurs espagnols r\u00e9clament depuis plusieurs mois une r\u00e9ponse rapide et proportionn\u00e9e de l&#8217;\u00c9tat. Les d\u00e9lais habituellement observ\u00e9s dans le traitement des dossiers de sinistres avaient suscit\u00e9 des tensions croissantes entre le monde rural et les autorit\u00e9s centrales. Ce premier listado est donc per\u00e7u comme un signal positif, m\u00eame si de nombreux acteurs du secteur estiment qu&#8217;il ne couvre pas encore l&#8217;ensemble des dommages recens\u00e9s sur le terrain.<\/p>\n<h2>L&#8217;Andalousie en premi\u00e8re ligne des zones b\u00e9n\u00e9ficiaires<\/h2>\n<p>Parmi les r\u00e9gions mentionn\u00e9es dans le document officiel, l&#8217;Andalousie occupe une place significative. Plusieurs provinces andalouses, dont S\u00e9ville, Grenade, Ja\u00e9n et Almer\u00eda, sont explicitement cit\u00e9es comme zones affect\u00e9es. Ces territoires concentrent une part importante de la production agricole nationale, notamment en mati\u00e8re d&#8217;huile d&#8217;olive, de fruits et l\u00e9gumes destin\u00e9s \u00e0 l&#8217;exportation.<\/p>\n<p>Selon les estimations relay\u00e9es par les organisations professionnelles agricoles, les pertes enregistr\u00e9es en Andalousie lors des derni\u00e8res borrascas pourraient d\u00e9passer 200 millions d&#8217;euros, un chiffre qui illustre l&#8217;ampleur des d\u00e9g\u00e2ts et l&#8217;urgence d&#8217;une intervention publique cibl\u00e9e. Les exploitations de moins de 50 hectares, qui repr\u00e9sentent la grande majorit\u00e9 des structures agricoles de la r\u00e9gion, sont particuli\u00e8rement concern\u00e9es par les dispositifs d&#8217;aide annonc\u00e9s.<\/p>\n<p>La Junta de Andaluc\u00eda, de son c\u00f4t\u00e9, a indiqu\u00e9 qu&#8217;elle travaillait en coordination avec le gouvernement central pour acc\u00e9l\u00e9rer le traitement des dossiers et garantir que les aides parviennent rapidement aux b\u00e9n\u00e9ficiaires. Des guichets sp\u00e9cialis\u00e9s ont \u00e9t\u00e9 mis en place dans plusieurs d\u00e9l\u00e9gations provinciales pour accompagner les agriculteurs dans la constitution de leurs dossiers.<\/p>\n<blockquote class=\"ml-2 border-l-4 border-border-300\/10 pl-4 text-text-300\">\n<p class=\"font-claude-response-body break-words whitespace-normal leading-[1.7]\"><em>\u00ab La coordination entre l&#8217;administration centrale et les communaut\u00e9s autonomes est essentielle pour que ces aides atteignent effectivement ceux qui en ont besoin dans les meilleurs d\u00e9lais. \u00bb<\/em> Junta de Andaluc\u00eda, communiqu\u00e9 officiel, avril 2026<\/p>\n<\/blockquote>\n<p>La r\u00e9silience du secteur agricole face aux \u00e9v\u00e9nements climatiques extr\u00eames est d\u00e9sormais au coeur des politiques publiques espagnoles. Le changement climatique accentue la fr\u00e9quence et l&#8217;intensit\u00e9 des \u00e9pisodes m\u00e9t\u00e9orologiques violents, ce qui oblige les pouvoirs publics \u00e0 adapter leurs m\u00e9canismes d&#8217;aide et de pr\u00e9vention. Des discussions sont en cours au niveau national pour renforcer les fonds de garantie agricole et mieux anticiper les crises futures.<\/p>\n<p>Les professionnels du secteur attendent \u00e9galement des clarifications sur les d\u00e9lais de versement effectif des aides, ainsi que sur les modalit\u00e9s de recours pour les exploitants qui s&#8217;estimeraient l\u00e9s\u00e9s par les crit\u00e8res retenus dans le listado. Le minist\u00e8re a promis de publier des guides pratiques et de mettre en place une ligne d&#8217;assistance t\u00e9l\u00e9phonique d\u00e9di\u00e9e dans les prochaines semaines.<\/p>\n<p>Ce premier listado constitue une \u00e9tape importante dans la gestion des cons\u00e9quences des temp\u00eates, mais les organisations syndicales agricoles rappellent qu&#8217;il ne s&#8217;agit que d&#8217;un d\u00e9but. La mobilisation du monde rural espagnol reste forte, et les prochains mois seront d\u00e9terminants pour \u00e9valuer l&#8217;efficacit\u00e9 r\u00e9elle de ce dispositif de soutien.<\/p>\n<p><i>Sources et photo: R\u00e9daction LCE (avec l&#8217;aide de l&#8217;IA)<\/i><\/p>\n<hr style=\"border: none;border-top: 1px solid #000000;margin: 24px 0\" \/>\n<p>&nbsp;<\/p>\n","protected":false},"excerpt":{"rendered":"<p>Face aux cons\u00e9quences d\u00e9vastatrices des r\u00e9centes temp\u00eates qui ont frapp\u00e9 plusieurs r\u00e9gions espagnoles, le minist\u00e8re de l&#8217;Agriculture, de la P\u00eache et de l&#8217;Alimentation vient de publier un premier &#8220;listado officiel&#8221; des aides destin\u00e9es aux agriculteurs et \u00e9leveurs victimes de dommages. L&#8217;Andalousie figure parmi les territoires concern\u00e9s, ce qui repr\u00e9sente une avanc\u00e9e concr\u00e8te pour des milliers [&hellip;]<\/p>\n","protected":false},"author":13,"featured_media":75968,"comment_status":"open","ping_status":"closed","sticky":false,"template":"","format":"standard","meta":{"om_disable_all_campaigns":false,"_monsterinsights_skip_tracking":false,"_monsterinsights_sitenote_active":false,"_monsterinsights_sitenote_note":"","_monsterinsights_sitenote_category":0,"_uf_show_specific_survey":0,"_uf_disable_surveys":false,"footnotes":""},"categories":[212,4504],"tags":[1153,4193,604,332],"class_list":["post-75967","post","type-post","status-publish","format-standard","has-post-thumbnail","hentry","category-breaking-news","category-resilience-agri","tag-agriculture","tag-aide","tag-andalousie","tag-espagne"],"acf":[],"_links":{"self":[{"href":"https:\/\/immo.lecourrier.es\/index.php\/wp-json\/wp\/v2\/posts\/75967","targetHints":{"allow":["GET"]}}],"collection":[{"href":"https:\/\/immo.lecourrier.es\/index.php\/wp-json\/wp\/v2\/posts"}],"about":[{"href":"https:\/\/immo.lecourrier.es\/index.php\/wp-json\/wp\/v2\/types\/post"}],"author":[{"embeddable":true,"href":"https:\/\/immo.lecourrier.es\/index.php\/wp-json\/wp\/v2\/users\/13"}],"replies":[{"embeddable":true,"href":"https:\/\/immo.lecourrier.es\/index.php\/wp-json\/wp\/v2\/comments?post=75967"}],"version-history":[{"count":0,"href":"https:\/\/immo.lecourrier.es\/index.php\/wp-json\/wp\/v2\/posts\/75967\/revisions"}],"wp:featuredmedia":[{"embeddable":true,"href":"https:\/\/immo.lecourrier.es\/index.php\/wp-json\/wp\/v2\/media\/75968"}],"wp:attachment":[{"href":"https:\/\/immo.lecourrier.es\/index.php\/wp-json\/wp\/v2\/media?parent=75967"}],"wp:term":[{"taxonomy":"category","embeddable":true,"href":"https:\/\/immo.lecourrier.es\/index.php\/wp-json\/wp\/v2\/categories?post=75967"},{"taxonomy":"post_tag","embeddable":true,"href":"https:\/\/immo.lecourrier.es\/index.php\/wp-json\/wp\/v2\/tags?post=75967"}],"curies":[{"name":"wp","href":"https:\/\/api.w.org\/{rel}","templated":true}]}}