{"id":75963,"date":"2026-04-29T01:10:31","date_gmt":"2026-04-29T01:10:31","guid":{"rendered":"https:\/\/immo.lecourrier.es\/index.php\/2026\/04\/29\/le-port-de-barcelone-lance-son-plan-strategique-2026-2030-axe-sur-les-infrastructures-la-connectivite-et-lenergie\/"},"modified":"2026-04-30T12:20:48","modified_gmt":"2026-04-30T12:20:48","slug":"le-port-de-barcelone-lance-son-plan-strategique-2026-2030-axe-sur-les-infrastructures-la-connectivite-et-lenergie","status":"publish","type":"post","link":"https:\/\/immo.lecourrier.es\/index.php\/2026\/04\/29\/le-port-de-barcelone-lance-son-plan-strategique-2026-2030-axe-sur-les-infrastructures-la-connectivite-et-lenergie\/","title":{"rendered":"Le Port de Barcelone lance son Plan Strat\u00e9gique 2026-2030 ax\u00e9 sur les infrastructures, la connectivit\u00e9 et l&#8217;\u00e9nergie."},"content":{"rendered":"\n<div data-elementor-type=\"wp-post\" data-elementor-id=\"136819\" class=\"elementor elementor-136819\" data-elementor-post-type=\"post\">\n<div class=\"elementor-element elementor-element-4754a368 e-flex e-con-boxed e-con e-parent\" data-id=\"4754a368\" data-element_type=\"container\" data-e-type=\"container\">\n<div class=\"e-con-inner\">\n<div class=\"elementor-element elementor-element-12276384 elementor-widget elementor-widget-text-editor\" data-id=\"12276384\" data-element_type=\"widget\" data-e-type=\"widget\" data-widget_type=\"text-editor.default\">\n<p><i>Le Port de Barcelone vient de d\u00e9voiler son Plan Strat\u00e9gique 2026-2030, un document ambitieux qui engage l&#8217;infrastructure catalane sur la voie de la modernisation, de la transition \u00e9nerg\u00e9tique et du renforcement de sa position au sein des grandes routes commerciales mondiales. Un tournant majeur pour l&#8217;un des ports les plus importants de la M\u00e9diterran\u00e9e.<\/i><\/p>\n<h2>Un plan d&#8217;investissement massif pour transformer les infrastructures portuaires<\/h2>\n<p>Le Port de Barcelone a officiellement pr\u00e9sent\u00e9 son nouveau plan strat\u00e9gique quinquennal, couvrant la p\u00e9riode 2026 \u00e0 2030. Ce document fixe les grandes orientations de d\u00e9veloppement de l&#8217;infrastructure pour les cinq prochaines ann\u00e9es, avec un accent particulier mis sur la modernisation des \u00e9quipements, l&#8217;am\u00e9lioration de la connectivit\u00e9 logistique et l&#8217;acc\u00e9l\u00e9ration de la transition \u00e9nerg\u00e9tique.<\/p>\n<p>Selon LogiNews, le plan pr\u00e9voit des investissements consid\u00e9rables dans les infrastructures physiques du port, notamment l&#8217;extension et la r\u00e9novation de terminaux existants, ainsi que le d\u00e9veloppement de nouvelles capacit\u00e9s d&#8217;accueil pour les navires de grande taille.<\/p>\n<p>Parmi les chantiers prioritaires identifi\u00e9s, on trouve la mise \u00e0 niveau des quais destin\u00e9s aux porte-conteneurs, l&#8217;am\u00e9lioration des acc\u00e8s ferroviaires et routiers au port, et le renforcement des connexions intermodales avec l&#8217;arri\u00e8re-pays espagnol et europ\u00e9en. L&#8217;objectif est de positionner Barcelone comme une plateforme logistique de premier plan \u00e0 l&#8217;\u00e9chelle m\u00e9diterran\u00e9enne, capable de rivaliser avec les grands hubs du nord de l&#8217;Europe.<\/p>\n<p>Le port traite aujourd&#8217;hui plus de 3,6 millions d&#8217;EVP (\u00e9quivalents vingt pieds) par an, et les ambitions affich\u00e9es visent une augmentation significative de ce volume \u00e0 l&#8217;horizon 2030. L&#8217;infrastructure entend ainsi capter une part croissante des flux commerciaux entre l&#8217;Asie, l&#8217;Afrique du Nord et l&#8217;Europe.<\/p>\n<blockquote class=\"ml-2 border-l-4 border-border-300\/10 pl-4 text-text-300\">\n<p class=\"font-claude-response-body break-words whitespace-normal leading-[1.7]\"><em>\u00ab Ce plan strat\u00e9gique repr\u00e9sente notre engagement \u00e0 faire du Port de Barcelone un moteur de comp\u00e9titivit\u00e9 pour l&#8217;\u00e9conomie espagnole et m\u00e9diterran\u00e9enne, en combinant croissance, durabilit\u00e9 et innovation technologique. \u00bb<\/em> Direction du Port de Barcelone, pr\u00e9sentation du Plan Strat\u00e9gique 2026-2030<\/p>\n<\/blockquote>\n<p>La connectivit\u00e9 ferroviaire constitue un axe central du plan. Le port souhaite renforcer ses liaisons avec le r\u00e9seau ferroviaire espagnol et europ\u00e9en, notamment via le Corridor M\u00e9diterran\u00e9en, afin de r\u00e9duire la d\u00e9pendance au transport routier et d&#8217;offrir des solutions plus durables aux chargeurs.<\/p>\n<h2>La transition \u00e9nerg\u00e9tique au coeur de la strat\u00e9gie portuaire<\/h2>\n<p>L&#8217;autre pilier fondamental du Plan Strat\u00e9gique 2026-2030 concerne la transition \u00e9nerg\u00e9tique. Le Port de Barcelone entend acc\u00e9l\u00e9rer sa d\u00e9carbonation et s&#8217;aligner sur les objectifs climatiques fix\u00e9s par l&#8217;Union europ\u00e9enne pour le secteur maritime.<\/p>\n<p>Concr\u00e8tement, le plan pr\u00e9voit le d\u00e9ploiement \u00e0 grande \u00e9chelle de l&#8217;alimentation \u00e9lectrique \u00e0 quai, aussi connue sous le nom d&#8217;OPS (Onshore Power Supply), permettant aux navires \u00e0 l&#8217;amarrage de couper leurs moteurs auxiliaires et de se connecter au r\u00e9seau \u00e9lectrique terrestre. Cette mesure vise \u00e0 r\u00e9duire drastiquement les \u00e9missions de gaz \u00e0 effet de serre et la pollution de l&#8217;air dans la zone portuaire et les quartiers riverains de Barcelone.<\/p>\n<p>Par ailleurs, le port ambitionne de d\u00e9velopper des infrastructures d\u00e9di\u00e9es aux carburants alternatifs, notamment le GNL (gaz naturel liqu\u00e9fi\u00e9), l&#8217;hydrog\u00e8ne vert et l&#8217;ammoniac. Ces \u00e9nergies sont appel\u00e9es \u00e0 jouer un r\u00f4le croissant dans la propulsion maritime au cours de la prochaine d\u00e9cennie, en r\u00e9ponse aux r\u00e9glementations de plus en plus strictes de l&#8217;Organisation Maritime Internationale (OMI).<\/p>\n<blockquote class=\"ml-2 border-l-4 border-border-300\/10 pl-4 text-text-300\">\n<p class=\"font-claude-response-body break-words whitespace-normal leading-[1.7]\"><em>\u00ab L&#8217;int\u00e9gration des \u00e9nergies renouvelables et des carburants alternatifs dans nos op\u00e9rations n&#8217;est plus une option, c&#8217;est une n\u00e9cessit\u00e9 strat\u00e9gique pour rester comp\u00e9titif dans le paysage maritime de demain. \u00bb<\/em> Plan Strat\u00e9gique Port de Barcelone 2026-2030<\/p>\n<\/blockquote>\n<p>Le plan int\u00e8gre \u00e9galement des objectifs chiffr\u00e9s en mati\u00e8re d&#8217;efficacit\u00e9 \u00e9nerg\u00e9tique. Le port vise une r\u00e9duction de ses \u00e9missions directes de CO2 d&#8217;au moins 30 % d&#8217;ici 2030 par rapport aux niveaux de 2020, et ambitionne d&#8217;atteindre la neutralit\u00e9 carbone \u00e0 l&#8217;horizon 2050, conform\u00e9ment aux engagements europ\u00e9ens.<\/p>\n<p>Des investissements sont \u00e9galement pr\u00e9vus dans l&#8217;installation de panneaux solaires sur les toitures des entrep\u00f4ts et b\u00e2timents portuaires, ainsi que dans des syst\u00e8mes de gestion intelligente de l&#8217;\u00e9nergie pour optimiser la consommation en temps r\u00e9el.<\/p>\n<p>Sur le plan num\u00e9rique, le port entend acc\u00e9l\u00e9rer sa transformation digitale en d\u00e9ployant des outils d&#8217;intelligence artificielle et de big data pour am\u00e9liorer la gestion des flux, r\u00e9duire les temps d&#8217;attente des navires et optimiser l&#8217;utilisation des espaces de stockage. La cybers\u00e9curit\u00e9 des syst\u00e8mes d&#8217;information portuaires figure \u00e9galement parmi les priorit\u00e9s affich\u00e9es.<\/p>\n<p>Le Port de Barcelone s&#8217;appuiera sur des partenariats public-priv\u00e9 pour financer une partie de ces investissements, tout en mobilisant des fonds europ\u00e9ens disponibles dans le cadre des programmes de transition verte et num\u00e9rique.<\/p>\n<p>Ce Plan Strat\u00e9gique 2026-2030 confirme la volont\u00e9 du Port de Barcelone de se hisser parmi les infrastructures portuaires les plus modernes et les plus durables d&#8217;Europe. En combinant d\u00e9veloppement des capacit\u00e9s physiques, renforcement des connexions logistiques et engagement r\u00e9solu en faveur de la transition \u00e9nerg\u00e9tique, le port catalan se donne les moyens de r\u00e9pondre aux d\u00e9fis d&#8217;un commerce mondial en pleine mutation. Les prochaines ann\u00e9es seront d\u00e9cisives pour mesurer la concr\u00e9tisation de ces ambitions affich\u00e9es.<br \/><i><\/i><\/p>\n<p><i>Sources et photo: R\u00e9daction LCE (avec l&#8217;aide de l&#8217;IA)<\/i><\/p>\n<hr style=\"border: none;border-top: 1px solid #000000;margin: 24px 0\" \/>\t\t\t\t\t\t\t\t<\/div>\n<div class=\"elementor-element elementor-element-4c1d7e5 elementor-widget elementor-widget-html\" data-id=\"4c1d7e5\" data-element_type=\"widget\" data-e-type=\"widget\" data-widget_type=\"html.default\">\n\t\t\t\t\t\t\t\t\t<\/div>\n<\/p><\/div>\n<\/p><\/div>\n<\/p><\/div>\n","protected":false},"excerpt":{"rendered":"<p>Le Port de Barcelone vient de d\u00e9voiler son Plan Strat\u00e9gique 2026-2030, un document ambitieux qui engage l&#8217;infrastructure catalane sur la voie de la modernisation, de la transition \u00e9nerg\u00e9tique et du renforcement de sa position au sein des grandes routes commerciales mondiales. Un tournant majeur pour l&#8217;un des ports les plus importants de la M\u00e9diterran\u00e9e. Un [&hellip;]<\/p>\n","protected":false},"author":13,"featured_media":75964,"comment_status":"open","ping_status":"closed","sticky":false,"template":"","format":"standard","meta":{"om_disable_all_campaigns":false,"_monsterinsights_skip_tracking":false,"_monsterinsights_sitenote_active":false,"_monsterinsights_sitenote_note":"","_monsterinsights_sitenote_category":0,"_uf_show_specific_survey":0,"_uf_disable_surveys":false,"footnotes":""},"categories":[212,234],"tags":[447,640,1689],"class_list":["post-75963","post","type-post","status-publish","format-standard","has-post-thumbnail","hentry","category-breaking-news","category-logistique-retail","tag-barcelone","tag-logistique","tag-port"],"acf":[],"_links":{"self":[{"href":"https:\/\/immo.lecourrier.es\/index.php\/wp-json\/wp\/v2\/posts\/75963","targetHints":{"allow":["GET"]}}],"collection":[{"href":"https:\/\/immo.lecourrier.es\/index.php\/wp-json\/wp\/v2\/posts"}],"about":[{"href":"https:\/\/immo.lecourrier.es\/index.php\/wp-json\/wp\/v2\/types\/post"}],"author":[{"embeddable":true,"href":"https:\/\/immo.lecourrier.es\/index.php\/wp-json\/wp\/v2\/users\/13"}],"replies":[{"embeddable":true,"href":"https:\/\/immo.lecourrier.es\/index.php\/wp-json\/wp\/v2\/comments?post=75963"}],"version-history":[{"count":0,"href":"https:\/\/immo.lecourrier.es\/index.php\/wp-json\/wp\/v2\/posts\/75963\/revisions"}],"wp:featuredmedia":[{"embeddable":true,"href":"https:\/\/immo.lecourrier.es\/index.php\/wp-json\/wp\/v2\/media\/75964"}],"wp:attachment":[{"href":"https:\/\/immo.lecourrier.es\/index.php\/wp-json\/wp\/v2\/media?parent=75963"}],"wp:term":[{"taxonomy":"category","embeddable":true,"href":"https:\/\/immo.lecourrier.es\/index.php\/wp-json\/wp\/v2\/categories?post=75963"},{"taxonomy":"post_tag","embeddable":true,"href":"https:\/\/immo.lecourrier.es\/index.php\/wp-json\/wp\/v2\/tags?post=75963"}],"curies":[{"name":"wp","href":"https:\/\/api.w.org\/{rel}","templated":true}]}}