{"id":75961,"date":"2026-04-29T01:10:24","date_gmt":"2026-04-29T01:10:24","guid":{"rendered":"https:\/\/immo.lecourrier.es\/index.php\/2026\/04\/29\/amazon-investit-100-millions-deuros-a-saragosse-pour-son-premier-centre-logistique-de-produits-a-forte-demande-en-espagne\/"},"modified":"2026-04-30T12:20:46","modified_gmt":"2026-04-30T12:20:46","slug":"amazon-investit-100-millions-deuros-a-saragosse-pour-son-premier-centre-logistique-de-produits-a-forte-demande-en-espagne","status":"publish","type":"post","link":"https:\/\/immo.lecourrier.es\/index.php\/2026\/04\/29\/amazon-investit-100-millions-deuros-a-saragosse-pour-son-premier-centre-logistique-de-produits-a-forte-demande-en-espagne\/","title":{"rendered":"Amazon investit 100 millions d&#8217;euros \u00e0 Saragosse pour son premier centre logistique de produits \u00e0 forte demande en Espagne"},"content":{"rendered":"\n<div data-elementor-type=\"wp-post\" data-elementor-id=\"136813\" class=\"elementor elementor-136813\" data-elementor-post-type=\"post\">\n<div class=\"elementor-element elementor-element-64438436 e-flex e-con-boxed e-con e-parent\" data-id=\"64438436\" data-element_type=\"container\" data-e-type=\"container\">\n<div class=\"e-con-inner\">\n<div class=\"elementor-element elementor-element-34f31315 elementor-widget elementor-widget-text-editor\" data-id=\"34f31315\" data-element_type=\"widget\" data-e-type=\"widget\" data-widget_type=\"text-editor.default\">\n<p><i>Amazon confirme une nouvelle \u00e9tape majeure dans son expansion logistique en Espagne. Le g\u00e9ant am\u00e9ricain du commerce en ligne a annonc\u00e9 un investissement de 100 millions d&#8217;euros pour l&#8217;ouverture d&#8217;un centre logistique in\u00e9dit \u00e0 Saragosse, d\u00e9di\u00e9 exclusivement aux produits \u00e0 haute rotation. Une d\u00e9cision strat\u00e9gique qui renforce le positionnement de l&#8217;Aragon comme plaque tournante du transport et de la distribution en Europe du Sud.<\/i><\/p>\n<h2>Un projet ambitieux au coeur de la logistique espagnole<\/h2>\n<p>Selon LogiNews, Amazon pr\u00e9voit d&#8217;investir 100 millions d&#8217;euros dans la construction d&#8217;un centre logistique enti\u00e8rement consacr\u00e9 aux produits \u00e0 forte demande. Il s&#8217;agit du premier \u00e9tablissement de ce type sur le sol espagnol, ce qui lui conf\u00e8re un caract\u00e8re exceptionnel dans le r\u00e9seau europ\u00e9en du groupe.<\/p>\n<p>Ce nouveau site sera implant\u00e9 dans la zone logistique de Saragosse, une r\u00e9gion qui b\u00e9n\u00e9ficie d&#8217;une position g\u00e9ographique privil\u00e9gi\u00e9e. Situ\u00e9e \u00e0 mi-chemin entre Madrid, Barcelone et la fronti\u00e8re fran\u00e7aise, la capitale aragonaise constitue un noeud strat\u00e9gique pour la distribution \u00e0 l&#8217;\u00e9chelle nationale et internationale.<\/p>\n<p>Le projet pr\u00e9voit la cr\u00e9ation de plusieurs centaines d&#8217;emplois directs, un chiffre encore en cours de confirmation officielle mais qui devrait d\u00e9passer les 500 postes selon les premi\u00e8res estimations. Ce centre viendrait compl\u00e9ter le r\u00e9seau existant d&#8217;Amazon en Espagne, qui compte d\u00e9j\u00e0 plus d&#8217;une dizaine de sites r\u00e9partis sur l&#8217;ensemble du territoire.<\/p>\n<blockquote class=\"ml-2 border-l-4 border-border-300\/10 pl-4 text-text-300\">\n<p class=\"font-claude-response-body break-words whitespace-normal leading-[1.7]\"><em>\u00ab Saragosse repr\u00e9sente l&#8217;un des emplacements logistiques les plus comp\u00e9titifs d&#8217;Europe du Sud, avec des infrastructures de transport multimodales qui facilitent les flux de marchandises vers l&#8217;ensemble du continent. \u00bb<\/em> Chambre de commerce de Saragosse, rapport annuel sur l&#8217;attractivit\u00e9 logistique 2025<\/p>\n<\/blockquote>\n<p>La ville de Saragosse accueille d\u00e9j\u00e0 la plateforme logistique PLAZA, l&#8217;une des plus grandes d&#8217;Europe avec plus de 12 millions de m\u00e8tres carr\u00e9s d\u00e9di\u00e9s aux activit\u00e9s logistiques et industrielles. L&#8217;arriv\u00e9e d&#8217;Amazon dans ce p\u00e9rim\u00e8tre renforce encore davantage l&#8217;attractivit\u00e9 de la r\u00e9gion pour les grands op\u00e9rateurs du secteur.<\/p>\n<h2>Une strat\u00e9gie centr\u00e9e sur la rapidit\u00e9 et la haute rotation<\/h2>\n<p>Ce qui distingue ce centre des autres installations d&#8217;Amazon en Espagne, c&#8217;est sa vocation exclusive aux produits \u00e0 haute demande. Concr\u00e8tement, il s&#8217;agit d&#8217;articles command\u00e9s tr\u00e8s fr\u00e9quemment par les consommateurs, tels que les produits d&#8217;hygi\u00e8ne, d&#8217;alimentation, d&#8217;\u00e9lectronique grand public ou encore les fournitures de bureau.<\/p>\n<p>En concentrant ces r\u00e9f\u00e9rences dans un seul et m\u00eame site hautement automatis\u00e9, Amazon entend r\u00e9duire les d\u00e9lais de livraison et optimiser la gestion des stocks. L&#8217;objectif affich\u00e9 est de garantir une livraison en moins de 24 heures pour une large part de la population espagnole, en s&#8217;appuyant sur les axes autoroutiers qui convergent vers Saragosse.<\/p>\n<p>Selon des analystes du secteur, cette approche s&#8217;inscrit dans une tendance de fond observ\u00e9e chez les grands acteurs du e-commerce en Europe. Face \u00e0 une concurrence accrue, notamment de la part de plateformes asiatiques comme Temu ou Shein, Amazon cherche \u00e0 se diff\u00e9rencier par la vitesse et la fiabilit\u00e9 de ses livraisons plut\u00f4t que par le seul crit\u00e8re du prix.<\/p>\n<p>Le march\u00e9 espagnol du commerce en ligne repr\u00e9sente aujourd&#8217;hui plus de 70 milliards d&#8217;euros de chiffre d&#8217;affaires annuel selon les donn\u00e9es publi\u00e9es par la Comisi\u00f3n Nacional de los Mercados y la Competencia. Amazon y occupe une position dominante, mais doit faire face \u00e0 une intensification de la concurrence locale et internationale.<\/p>\n<blockquote class=\"ml-2 border-l-4 border-border-300\/10 pl-4 text-text-300\">\n<p class=\"font-claude-response-body break-words whitespace-normal leading-[1.7]\"><em>\u00ab Investir dans des centres d\u00e9di\u00e9s aux produits \u00e0 forte rotation, c&#8217;est investir dans la satisfaction client. La rapidit\u00e9 de livraison est aujourd&#8217;hui le premier crit\u00e8re de fid\u00e9lisation dans le commerce en ligne. \u00bb<\/em> Observatoire europ\u00e9en de la logistique e-commerce, \u00e9dition 2025<\/p>\n<\/blockquote>\n<p>Par ailleurs, ce projet s&#8217;accompagne d&#8217;engagements en mati\u00e8re de d\u00e9veloppement durable. Amazon a indiqu\u00e9 que le centre sera con\u00e7u selon des normes environnementales \u00e9lev\u00e9es, avec un recours important aux \u00e9nergies renouvelables et une flotte de livraison progressivement \u00e9lectrifi\u00e9e. Le groupe vise la neutralit\u00e9 carbone pour l&#8217;ensemble de ses op\u00e9rations europ\u00e9ennes d&#8217;ici 2040.<\/p>\n<p>L&#8217;annonce a \u00e9t\u00e9 bien accueillie par les autorit\u00e9s r\u00e9gionales aragonaises, qui y voient une reconnaissance de la qualit\u00e9 des infrastructures locales et un levier important pour l&#8217;emploi et l&#8217;attractivit\u00e9 \u00e9conomique de la r\u00e9gion. Le gouvernement de l&#8217;Aragon a d&#8217;ores et d\u00e9j\u00e0 indiqu\u00e9 qu&#8217;il faciliterait les d\u00e9marches administratives pour acc\u00e9l\u00e9rer la mise en oeuvre du projet.<\/p>\n<p>Les travaux de construction devraient d\u00e9buter dans les prochains mois, avec une mise en service envisag\u00e9e d&#8217;ici la fin de l&#8217;ann\u00e9e 2027. Ce calendrier ambitieux refl\u00e8te l&#8217;urgence ressentie par Amazon de renforcer ses capacit\u00e9s logistiques face \u00e0 une demande en constante progression sur le march\u00e9 espagnol.<\/p>\n<p>En d\u00e9finitive, cet investissement de 100 millions d&#8217;euros \u00e0 Saragosse illustre la confiance d&#8217;Amazon dans le potentiel du march\u00e9 espagnol et dans la capacit\u00e9 de la r\u00e9gion aragonaise \u00e0 accueillir des infrastructures logistiques de premier plan. Ce centre d\u00e9di\u00e9 aux produits \u00e0 haute demande pourrait bien red\u00e9finir les standards de livraison en Espagne et servir de mod\u00e8le pour d&#8217;autres implantations europ\u00e9ennes du groupe dans les ann\u00e9es \u00e0 venir.<br \/><i><\/i><\/p>\n<p><i>Sources et photo: R\u00e9daction LCE (avec l&#8217;aide de l&#8217;IA)<\/i><\/p>\n<hr style=\"border: none;border-top: 1px solid #000000;margin: 24px 0\" \/>\t\t\t\t\t\t\t\t<\/div>\n<div class=\"elementor-element elementor-element-7ff483b elementor-widget elementor-widget-html\" data-id=\"7ff483b\" data-element_type=\"widget\" data-e-type=\"widget\" data-widget_type=\"html.default\">\n\t\t\t\t\t\t\t\t\t<\/div>\n<\/p><\/div>\n<\/p><\/div>\n<\/p><\/div>\n","protected":false},"excerpt":{"rendered":"<p>Amazon confirme une nouvelle \u00e9tape majeure dans son expansion logistique en Espagne. Le g\u00e9ant am\u00e9ricain du commerce en ligne a annonc\u00e9 un investissement de 100 millions d&#8217;euros pour l&#8217;ouverture d&#8217;un centre logistique in\u00e9dit \u00e0 Saragosse, d\u00e9di\u00e9 exclusivement aux produits \u00e0 haute rotation. Une d\u00e9cision strat\u00e9gique qui renforce le positionnement de l&#8217;Aragon comme plaque tournante du [&hellip;]<\/p>\n","protected":false},"author":13,"featured_media":75962,"comment_status":"open","ping_status":"closed","sticky":false,"template":"","format":"standard","meta":{"om_disable_all_campaigns":false,"_monsterinsights_skip_tracking":false,"_monsterinsights_sitenote_active":false,"_monsterinsights_sitenote_note":"","_monsterinsights_sitenote_category":0,"_uf_show_specific_survey":0,"_uf_disable_surveys":false,"footnotes":""},"categories":[212,234],"tags":[1751,332,639,778],"class_list":["post-75961","post","type-post","status-publish","format-standard","has-post-thumbnail","hentry","category-breaking-news","category-logistique-retail","tag-amazon-espagne","tag-espagne","tag-investissement","tag-saragosse"],"acf":[],"_links":{"self":[{"href":"https:\/\/immo.lecourrier.es\/index.php\/wp-json\/wp\/v2\/posts\/75961","targetHints":{"allow":["GET"]}}],"collection":[{"href":"https:\/\/immo.lecourrier.es\/index.php\/wp-json\/wp\/v2\/posts"}],"about":[{"href":"https:\/\/immo.lecourrier.es\/index.php\/wp-json\/wp\/v2\/types\/post"}],"author":[{"embeddable":true,"href":"https:\/\/immo.lecourrier.es\/index.php\/wp-json\/wp\/v2\/users\/13"}],"replies":[{"embeddable":true,"href":"https:\/\/immo.lecourrier.es\/index.php\/wp-json\/wp\/v2\/comments?post=75961"}],"version-history":[{"count":0,"href":"https:\/\/immo.lecourrier.es\/index.php\/wp-json\/wp\/v2\/posts\/75961\/revisions"}],"wp:featuredmedia":[{"embeddable":true,"href":"https:\/\/immo.lecourrier.es\/index.php\/wp-json\/wp\/v2\/media\/75962"}],"wp:attachment":[{"href":"https:\/\/immo.lecourrier.es\/index.php\/wp-json\/wp\/v2\/media?parent=75961"}],"wp:term":[{"taxonomy":"category","embeddable":true,"href":"https:\/\/immo.lecourrier.es\/index.php\/wp-json\/wp\/v2\/categories?post=75961"},{"taxonomy":"post_tag","embeddable":true,"href":"https:\/\/immo.lecourrier.es\/index.php\/wp-json\/wp\/v2\/tags?post=75961"}],"curies":[{"name":"wp","href":"https:\/\/api.w.org\/{rel}","templated":true}]}}