{"id":75959,"date":"2026-04-29T01:10:21","date_gmt":"2026-04-29T01:10:21","guid":{"rendered":"https:\/\/immo.lecourrier.es\/index.php\/2026\/04\/29\/lintelligence-artificielle-sinvite-dans-le-tourisme-le-premier-ai-direct-summit-debarque-a-palma-de-majorque\/"},"modified":"2026-04-30T12:20:43","modified_gmt":"2026-04-30T12:20:43","slug":"lintelligence-artificielle-sinvite-dans-le-tourisme-le-premier-ai-direct-summit-debarque-a-palma-de-majorque","status":"publish","type":"post","link":"https:\/\/immo.lecourrier.es\/index.php\/2026\/04\/29\/lintelligence-artificielle-sinvite-dans-le-tourisme-le-premier-ai-direct-summit-debarque-a-palma-de-majorque\/","title":{"rendered":"L&#8217;intelligence artificielle s&#8217;invite dans le tourisme : le premier AI Direct Summit d\u00e9barque \u00e0 Palma de Majorque"},"content":{"rendered":"\n<div data-elementor-type=\"wp-post\" data-elementor-id=\"136798\" class=\"elementor elementor-136798\" data-elementor-post-type=\"post\">\n<div class=\"elementor-element elementor-element-49d7ab4 e-flex e-con-boxed e-con e-parent\" data-id=\"49d7ab4\" data-element_type=\"container\" data-e-type=\"container\">\n<div class=\"e-con-inner\">\n<div class=\"elementor-element elementor-element-982435b elementor-widget elementor-widget-text-editor\" data-id=\"982435b\" data-element_type=\"widget\" data-e-type=\"widget\" data-widget_type=\"text-editor.default\">\n<p><i>Le secteur du tourisme et de la distribution h\u00f4teli\u00e8re est en pleine mutation num\u00e9rique. Pour accompagner cette transformation, une premi\u00e8re \u00e9dition d&#8217;un sommet enti\u00e8rement d\u00e9di\u00e9 \u00e0 l&#8217;intelligence artificielle appliqu\u00e9e au voyage se tiendra \u00e0 Palma de Majorque, avec en guest star l&#8217;une des voix les plus influentes d&#8217;Espagne en mati\u00e8re de technologie.<\/i><\/p>\n<h2>Un \u00e9v\u00e9nement in\u00e9dit pour le secteur du voyage en Espagne<\/h2>\n<p>Le monde du tourisme espagnol s&#8217;appr\u00eate \u00e0 vivre un moment charni\u00e8re. Le AI Direct Summit, dont la premi\u00e8re \u00e9dition est annonc\u00e9e pour 2026 \u00e0 Palma de Majorque, entend r\u00e9unir professionnels du voyage, h\u00f4teliers, distributeurs et experts en intelligence artificielle autour d&#8217;une question centrale : comment l&#8217;IA transforme-t-elle concr\u00e8tement la distribution touristique ?<\/p>\n<p>Selon Smart Travel News, l&#8217;\u00e9v\u00e9nement se positionne comme un rendez-vous de r\u00e9f\u00e9rence pour les acteurs du tourisme qui souhaitent comprendre et anticiper les bouleversements engendr\u00e9s par l&#8217;IA dans leur secteur. La ville de Palma de Majorque, choisie pour accueillir cette premi\u00e8re \u00e9dition, n&#8217;est pas anodine : l&#8217;archipel des Bal\u00e9ares est l&#8217;une des destinations les plus visit\u00e9es d&#8217;Europe, avec plus de 17 millions de touristes accueillis chaque ann\u00e9e, ce qui en fait un laboratoire id\u00e9al pour les innovations li\u00e9es au voyage.<\/p>\n<p>L&#8217;un des temps forts de cet \u00e9v\u00e9nement sera la participation d&#8217;Enrique Dans, professeur \u00e0 l&#8217;IE Business School de Madrid et figure incontournable de la r\u00e9flexion sur le num\u00e9rique et l&#8217;intelligence artificielle en Espagne. Auteur prolifique et chroniqueur reconnu, il interviendra en tant qu&#8217;invit\u00e9 principal pour offrir une vision globale et prospective de l&#8217;impact de l&#8217;IA sur les mod\u00e8les \u00e9conomiques du tourisme.<\/p>\n<blockquote class=\"ml-2 border-l-4 border-border-300\/10 pl-4 text-text-300\">\n<p class=\"font-claude-response-body break-words whitespace-normal leading-[1.7]\"><em>\u00ab L&#8217;intelligence artificielle ne remplace pas les professionnels du tourisme, elle red\u00e9finit leur r\u00f4le. Ceux qui sauront l&#8217;int\u00e9grer \u00e0 leur strat\u00e9gie auront un avantage comp\u00e9titif d\u00e9cisif. \u00bb<\/em> Enrique Dans, professeur \u00e0 l&#8217;IE Business School de Madrid<\/p>\n<\/blockquote>\n<p>Le programme de la journ\u00e9e pr\u00e9voit des conf\u00e9rences, des tables rondes et des d\u00e9monstrations pratiques autour de th\u00e9matiques aussi vari\u00e9es que la personnalisation de l&#8217;offre gr\u00e2ce aux algorithmes, l&#8217;optimisation des revenus par le machine learning, ou encore l&#8217;automatisation du service client via des agents conversationnels.<\/p>\n<h2>L&#8217;IA au coeur de la distribution h\u00f4teli\u00e8re : enjeux et opportunit\u00e9s<\/h2>\n<p>La distribution h\u00f4teli\u00e8re est l&#8217;un des secteurs les plus directement concern\u00e9s par la mont\u00e9e en puissance de l&#8217;intelligence artificielle. Les outils bas\u00e9s sur l&#8217;IA permettent d\u00e9sormais d&#8217;analyser en temps r\u00e9el des millions de donn\u00e9es pour ajuster les tarifs, anticiper la demande et personnaliser les offres propos\u00e9es aux voyageurs.<\/p>\n<p>Selon plusieurs \u00e9tudes r\u00e9centes du secteur, les h\u00f4tels qui ont int\u00e9gr\u00e9 des solutions d&#8217;IA dans leur gestion des revenus ont enregistr\u00e9 une augmentation moyenne de 10 \u00e0 15 % de leur RevPAR (revenu par chambre disponible). Ces chiffres illustrent le potentiel consid\u00e9rable que repr\u00e9sente l&#8217;IA pour les \u00e9tablissements souhaitant optimiser leur rentabilit\u00e9 sans sacrifier l&#8217;exp\u00e9rience client.<\/p>\n<p>Mais au-del\u00e0 des chiffres, c&#8217;est toute la cha\u00eene de valeur du tourisme qui est concern\u00e9e. Les agences de voyage en ligne, les tour-op\u00e9rateurs, les compagnies a\u00e9riennes et les plateformes de r\u00e9servation int\u00e8grent progressivement des outils d&#8217;IA pour affiner leurs recommandations, r\u00e9duire les co\u00fbts op\u00e9rationnels et fid\u00e9liser leurs clients.<\/p>\n<blockquote class=\"ml-2 border-l-4 border-border-300\/10 pl-4 text-text-300\">\n<p class=\"font-claude-response-body break-words whitespace-normal leading-[1.7]\"><em>\u00ab La vraie r\u00e9volution n&#8217;est pas dans la technologie elle-m\u00eame, mais dans la capacit\u00e9 des entreprises touristiques \u00e0 repenser leurs processus pour en tirer pleinement parti. \u00bb<\/em> Smart Travel News, analyse de la premi\u00e8re \u00e9dition du AI Direct Summit<\/p>\n<\/blockquote>\n<p>L&#8217;Espagne, deuxi\u00e8me destination touristique mondiale avec plus de 85 millions de visiteurs internationaux accueillis en 2023, a tout int\u00e9r\u00eat \u00e0 se positionner en pionni\u00e8re sur ces enjeux. Le AI Direct Summit s&#8217;inscrit pr\u00e9cis\u00e9ment dans cette dynamique, en offrant un espace de r\u00e9flexion et d&#8217;\u00e9change \u00e0 des professionnels souvent confront\u00e9s \u00e0 la rapidit\u00e9 des changements technologiques sans toujours disposer des cl\u00e9s pour les appr\u00e9hender.<\/p>\n<p>Le choix de Majorque comme lieu d&#8217;accueil renforce \u00e9galement le message : l&#8217;innovation ne se cantonne pas aux grandes m\u00e9tropoles. Les destinations touristiques de premier plan ont elles aussi un r\u00f4le \u00e0 jouer dans la transformation num\u00e9rique du secteur.<\/p>\n<h2>Conclusion<\/h2>\n<p>Avec la premi\u00e8re \u00e9dition du AI Direct Summit \u00e0 Palma de Majorque, le secteur du tourisme espagnol franchit un cap important dans son approche de l&#8217;intelligence artificielle. En r\u00e9unissant experts, professionnels et d\u00e9cideurs autour de cas concrets et de perspectives strat\u00e9giques, cet \u00e9v\u00e9nement entend devenir un rendez-vous annuel incontournable pour tous ceux qui souhaitent anticiper les mutations de la distribution touristique. La pr\u00e9sence d&#8217;Enrique Dans, figure respect\u00e9e de la r\u00e9flexion technologique hispanique, confirme l&#8217;ambition et le s\u00e9rieux de cette initiative qui pourrait bien faire \u00e9cole bien au-del\u00e0 des fronti\u00e8res espagnoles.<br \/><i><\/i><\/p>\n<p><i>Sources et photo: R\u00e9daction LCE (avec l&#8217;aide de l&#8217;IA)<\/i><\/p>\n<hr style=\"border: none;border-top: 1px solid #000000;margin: 24px 0\">\t\t\t\t\t\t\t\t<\/div>\n<div class=\"elementor-element elementor-element-1f58ed7 elementor-widget elementor-widget-html\" data-id=\"1f58ed7\" data-element_type=\"widget\" data-e-type=\"widget\" data-widget_type=\"html.default\">\n\t\t\t\t\t\t\t\t\t<\/div>\n<\/p><\/div>\n<\/p><\/div>\n<\/p><\/div>\n","protected":false},"excerpt":{"rendered":"<p>Le secteur du tourisme et de la distribution h\u00f4teli\u00e8re est en pleine mutation num\u00e9rique. Pour accompagner cette transformation, une premi\u00e8re \u00e9dition d&#8217;un sommet enti\u00e8rement d\u00e9di\u00e9 \u00e0 l&#8217;intelligence artificielle appliqu\u00e9e au voyage se tiendra \u00e0 Palma de Majorque, avec en guest star l&#8217;une des voix les plus influentes d&#8217;Espagne en mati\u00e8re de technologie. Un \u00e9v\u00e9nement in\u00e9dit [&hellip;]<\/p>\n","protected":false},"author":13,"featured_media":75960,"comment_status":"open","ping_status":"closed","sticky":false,"template":"","format":"standard","meta":{"om_disable_all_campaigns":false,"_monsterinsights_skip_tracking":false,"_monsterinsights_sitenote_active":false,"_monsterinsights_sitenote_note":"","_monsterinsights_sitenote_category":0,"_uf_show_specific_survey":0,"_uf_disable_surveys":false,"footnotes":""},"categories":[212,258,4440],"tags":[4830,2738,1553,660],"class_list":["post-75959","post","type-post","status-publish","format-standard","has-post-thumbnail","hentry","category-breaking-news","category-hotels-living","category-networking","tag-ai-direct-summit","tag-palma-de-majorque","tag-technologie","tag-tourisme"],"acf":[],"_links":{"self":[{"href":"https:\/\/immo.lecourrier.es\/index.php\/wp-json\/wp\/v2\/posts\/75959","targetHints":{"allow":["GET"]}}],"collection":[{"href":"https:\/\/immo.lecourrier.es\/index.php\/wp-json\/wp\/v2\/posts"}],"about":[{"href":"https:\/\/immo.lecourrier.es\/index.php\/wp-json\/wp\/v2\/types\/post"}],"author":[{"embeddable":true,"href":"https:\/\/immo.lecourrier.es\/index.php\/wp-json\/wp\/v2\/users\/13"}],"replies":[{"embeddable":true,"href":"https:\/\/immo.lecourrier.es\/index.php\/wp-json\/wp\/v2\/comments?post=75959"}],"version-history":[{"count":0,"href":"https:\/\/immo.lecourrier.es\/index.php\/wp-json\/wp\/v2\/posts\/75959\/revisions"}],"wp:featuredmedia":[{"embeddable":true,"href":"https:\/\/immo.lecourrier.es\/index.php\/wp-json\/wp\/v2\/media\/75960"}],"wp:attachment":[{"href":"https:\/\/immo.lecourrier.es\/index.php\/wp-json\/wp\/v2\/media?parent=75959"}],"wp:term":[{"taxonomy":"category","embeddable":true,"href":"https:\/\/immo.lecourrier.es\/index.php\/wp-json\/wp\/v2\/categories?post=75959"},{"taxonomy":"post_tag","embeddable":true,"href":"https:\/\/immo.lecourrier.es\/index.php\/wp-json\/wp\/v2\/tags?post=75959"}],"curies":[{"name":"wp","href":"https:\/\/api.w.org\/{rel}","templated":true}]}}