{"id":75954,"date":"2026-04-29T01:02:26","date_gmt":"2026-04-29T01:02:26","guid":{"rendered":"https:\/\/immo.lecourrier.es\/index.php\/2026\/04\/29\/andorre-2026-aux-portes-de-leurope-la-principaute-pyreneenne-durcit-ses-regles-mais-conserve-un-avantage-fiscal-imbattable\/"},"modified":"2026-04-29T01:02:28","modified_gmt":"2026-04-29T01:02:28","slug":"andorre-2026-aux-portes-de-leurope-la-principaute-pyreneenne-durcit-ses-regles-mais-conserve-un-avantage-fiscal-imbattable","status":"publish","type":"post","link":"https:\/\/immo.lecourrier.es\/index.php\/2026\/04\/29\/andorre-2026-aux-portes-de-leurope-la-principaute-pyreneenne-durcit-ses-regles-mais-conserve-un-avantage-fiscal-imbattable\/","title":{"rendered":"Andorre 2026 : aux portes de l&#8217;Europe, la principaut\u00e9 pyr\u00e9n\u00e9enne durcit ses r\u00e8gles mais conserve un avantage fiscal imbattable."},"content":{"rendered":"\n<div data-elementor-type=\"wp-post\" data-elementor-id=\"136880\" class=\"elementor elementor-136880\" data-elementor-post-type=\"post\">\n<div class=\"elementor-element elementor-element-1ff5152 e-flex e-con-boxed e-con e-parent\" data-id=\"1ff5152\" data-element_type=\"container\" data-e-type=\"container\">\n<div class=\"e-con-inner\">\n<div class=\"elementor-element elementor-element-7998e2c elementor-widget elementor-widget-text-editor\" data-id=\"7998e2c\" data-element_type=\"widget\" data-e-type=\"widget\" data-widget_type=\"text-editor.default\">\n<p class=\"font-claude-response-body break-words whitespace-normal leading-[1.7]\"><em>Imp\u00f4t sur le revenu plafonn\u00e9 \u00e0 10 %, z\u00e9ro succession, z\u00e9ro imp\u00f4t sur la fortune, TVA \u00e0 4,5 % le plus bas d&#8217;Europe : \u00e0 468 km\u00b2 entre la France et l&#8217;Espagne, Andorre coche des cases que peu de juridictions europ\u00e9ennes peuvent aligner. Depuis janvier 2026, les conditions d&#8217;acc\u00e8s ont \u00e9t\u00e9 relev\u00e9es. Voici pourquoi la principaut\u00e9 reste incontournable pour les hauts patrimoines, et ce que les familles fortun\u00e9es doivent savoir avant de s&#8217;y installer.<\/em><\/p>\n<p class=\"font-claude-response-body break-words whitespace-normal leading-[1.7]\">Pendant des d\u00e9cennies, Andorre a \u00e9t\u00e9 associ\u00e9e \u00e0 une seule image : un territoire pyr\u00e9n\u00e9en o\u00f9 les touristes venaient faire le plein d&#8217;alcool, de tabac et de parfums d\u00e9tax\u00e9s. Aujourd&#8217;hui, cette r\u00e9putation commerciale a laiss\u00e9 place \u00e0 quelque chose de beaucoup plus s\u00e9rieux dans les cercles de gestion de patrimoine. Entrepreneurs technologiques, sportifs de haut niveau, dirigeants, retrait\u00e9s fortun\u00e9s ils sont de plus en plus nombreux \u00e0 s&#8217;y installer durablement, non pour ses boutiques duty-free, mais pour son r\u00e9gime fiscal parmi les plus comp\u00e9titifs d&#8217;Europe.<\/p>\n<p class=\"font-claude-response-body break-words whitespace-normal leading-[1.7]\">La visite officielle d&#8217;Emmanuel Macron les 27 et 28 avril 2026 en sa qualit\u00e9 de coprince de la principaut\u00e9 a remis l&#8217;Andorre sous les feux de l&#8217;actualit\u00e9. Elle illustre \u00e0 elle seule la singularit\u00e9 de ce micro-\u00c9tat de 77 000 habitants : une d\u00e9mocratie parlementaire dot\u00e9e de deux chefs d&#8217;\u00c9tat simultan\u00e9s \u2014 le pr\u00e9sident fran\u00e7ais et l&#8217;\u00e9v\u00eaque d&#8217;Urgell \u2014 enclav\u00e9e entre deux des grandes puissances fiscales d&#8217;Europe occidentale. Tour d&#8217;horizon de ce que la principaut\u00e9 a \u00e0 offrir, et de ce qui a chang\u00e9 en 2026.<\/p>\n<hr class=\"border-border-200 border-t-0.5 my-3 mx-1.5\" \/>\n<p class=\"font-claude-response-body break-words whitespace-normal leading-[1.7]\"><strong>La principaut\u00e9 pyr\u00e9n\u00e9enne : un statut fiscal unique en Europe<\/strong><\/p>\n<p class=\"font-claude-response-body break-words whitespace-normal leading-[1.7]\">Andorre n&#8217;est plus un paradis fiscal au sens traditionnel du terme. La principaut\u00e9 applique d\u00e9sormais l&#8217;\u00e9change automatique d&#8217;informations (CRS) et coop\u00e8re pleinement avec les autorit\u00e9s fran\u00e7aises et espagnoles, selon le cabinet George V Capital. Mais son syst\u00e8me reste structurellement avantageux. Selon Advantia Assessors, cabinet sp\u00e9cialis\u00e9 qui accompagne des centaines de r\u00e9sidents depuis plus de quinze ans, la fiscalit\u00e9 andorrane repose sur trois piliers : un imp\u00f4t sur le revenu plafonn\u00e9 \u00e0 10 %, une TVA locale \u00e0 seulement 4,5 %, et l&#8217;absence totale d&#8217;imp\u00f4t sur la fortune et de droits de succession. Un socle fiscal que ni la France ni l&#8217;Espagne ne peuvent offrir, et qui explique l&#8217;afflux croissant de candidats \u00e0 l&#8217;expatriation andorrane.<\/p>\n<blockquote class=\"ml-2 border-l-4 border-border-300\/10 pl-4 text-text-300\">\n<p class=\"font-claude-response-body break-words whitespace-normal leading-[1.7]\"><em>\u00ab Pour un consultant gagnant 70 000 euros par an, l&#8217;imp\u00f4t effectif en Andorre s&#8217;\u00e9l\u00e8ve \u00e0 environ 4 300 euros, soit un taux r\u00e9el de 6,1 %. Le tout se d\u00e9clare en ligne en moins de quinze minutes. \u00bb<\/em>\u00a0Cabinet George V Capital, analyse comparative IRPF 2026<\/p>\n<\/blockquote>\n<hr class=\"border-border-200 border-t-0.5 my-3 mx-1.5\" \/>\n<p class=\"font-claude-response-body break-words whitespace-normal leading-[1.7]\"><strong>L&#8217;IRPF andorran : plafonn\u00e9 \u00e0 10 %, nul sous 24 000 euros<\/strong><\/p>\n<p class=\"font-claude-response-body break-words whitespace-normal leading-[1.7]\">L&#8217;imp\u00f4t sur le revenu des personnes physiques (l&#8217;IRPF) constitue la principale charge fiscale pour les r\u00e9sidents andorrans. Son bar\u00e8me est d&#8217;une simplicit\u00e9 d\u00e9sarmante : 0 % pour les revenus inf\u00e9rieurs \u00e0 24 000 euros par an, 5 % pour la tranche comprise entre 24 000 et 40 000 euros, et 10 % au-del\u00e0, selon Advantia Assessors. Un abattement g\u00e9n\u00e9ral de 3 000 euros s&#8217;applique, auquel s&#8217;ajoutent 750 euros par enfant \u00e0 charge, pr\u00e9cise le cabinet George V Capital. Contrairement \u00e0 l&#8217;Uruguay qui pratique l&#8217;imposition territoriale et exon\u00e8re par d\u00e9faut les revenus \u00e9trangers, l&#8217;IRPF andorran s&#8217;applique \u00e0 l&#8217;ensemble des revenus mondiaux du r\u00e9sident : revenus du travail, dividendes, revenus locatifs, plus-values. Mais \u00e0 ce taux plafonn\u00e9 de 10 %, le r\u00e9sultat reste sans \u00e9quivalent parmi les \u00c9tats europ\u00e9ens comparables, selon le portail Rendez-vous en Andorre.<\/p>\n<p class=\"font-claude-response-body break-words whitespace-normal leading-[1.7]\">Les dividendes distribu\u00e9s par des soci\u00e9t\u00e9s andorranes \u00e0 leurs r\u00e9sidents b\u00e9n\u00e9ficient par ailleurs d&#8217;une exon\u00e9ration dans le r\u00e9gime standard, selon le portail Gestoria Andorre. Les plus-values immobili\u00e8res, int\u00e9gr\u00e9es \u00e0 l&#8217;IRPF depuis la r\u00e9forme de 2024, b\u00e9n\u00e9ficient d&#8217;un r\u00e9gime d\u00e9gressif favorisant la d\u00e9tention longue dur\u00e9e, avec une exon\u00e9ration totale apr\u00e8s dix ans de d\u00e9tention, selon le portail Juridique Explorateur. La convention franco-andorrane de 2015 prot\u00e8ge quant \u00e0 elle les contribuables fran\u00e7ais devenus r\u00e9sidents fiscaux en Andorre contre toute double imposition sur leurs revenus d&#8217;origine fran\u00e7aise, selon Gestoria Andorre.<\/p>\n<hr class=\"border-border-200 border-t-0.5 my-3 mx-1.5\" \/>\n<p class=\"font-claude-response-body break-words whitespace-normal leading-[1.7]\"><strong>Z\u00e9ro succession, z\u00e9ro donation, z\u00e9ro fortune<\/strong><\/p>\n<p class=\"font-claude-response-body break-words whitespace-normal leading-[1.7]\">C&#8217;est le triptyque qui s\u00e9duit le plus les familles \u00e0 hauts patrimoines. La principaut\u00e9 ne pr\u00e9l\u00e8ve aucun droit de succession ni de donation, quel que soit le montant transmis et quel que soit le lien de parent\u00e9, selon Habiter en Andorre. Pour illustrer l&#8217;\u00e9cart, le portail Juridique Explorateur donne l&#8217;exemple suivant : un patrimoine de 3 millions d&#8217;euros transmis entre parents et enfants en France peut g\u00e9n\u00e9rer jusqu&#8217;\u00e0 800 000 euros de droits de succession. En Andorre, le m\u00eame transfert n&#8217;entra\u00eene aucune imposition. Il n&#8217;existe pas non plus d&#8217;imp\u00f4t sur la fortune contrairement \u00e0 la France, qui maintient son IFI sur l&#8217;immobilier au-del\u00e0 de 1,3 million d&#8217;euros, et \u00e0 l&#8217;Espagne, qui applique un imp\u00f4t sur le patrimoine mondial d\u00e8s 700 000 euros, selon Advantia Assessors.<\/p>\n<blockquote class=\"ml-2 border-l-4 border-border-300\/10 pl-4 text-text-300\">\n<p class=\"font-claude-response-body break-words whitespace-normal leading-[1.7]\"><em>\u00ab Un r\u00e9sident andorran peut transmettre un bien immobilier, un portefeuille financier ou une entreprise \u00e0 ses enfants sans aucune imposition. Il n&#8217;existe ni bar\u00e8me progressif, ni plafonnement d&#8217;abattements, ni obligations d\u00e9claratives\u00a0 \u00a0 \u00a0 \u00a0 lourdes. \u00bb<\/em>\u00a0Portail Habiter en Andorre<\/p>\n<\/blockquote>\n<hr class=\"border-border-200 border-t-0.5 my-3 mx-1.5\" \/>\n<p class=\"font-claude-response-body break-words whitespace-normal leading-[1.7]\"><strong>Ce qui a chang\u00e9 en 2026 : des seuils relev\u00e9s, un ticket d&#8217;entr\u00e9e plus \u00e9lev\u00e9<\/strong><\/p>\n<p class=\"font-claude-response-body break-words whitespace-normal leading-[1.7]\">La popularit\u00e9 croissante d&#8217;Andorre aupr\u00e8s des contribuables ais\u00e9s a conduit le gouvernement andorran \u00e0 durcir les conditions d&#8217;acc\u00e8s \u00e0 la r\u00e9sidence. La r\u00e9forme adopt\u00e9e en janvier 2026 via la loi de continuit\u00e9 et de consolidation (<em>Llei 2\/2026<\/em>) a relev\u00e9 significativement les seuils, selon le cabinet Valmerand.<\/p>\n<p class=\"font-claude-response-body break-words whitespace-normal leading-[1.7]\">Pour la r\u00e9sidence passive le statut le plus pris\u00e9 des rentiers, retrait\u00e9s et investisseurs, l&#8217;investissement minimum exig\u00e9 en actifs andorrans est pass\u00e9 de 600 000 euros \u00e0 1 million d&#8217;euros, selon les donn\u00e9es compil\u00e9es par Andorra Inc et le portail WIT. Cet investissement peut prendre la forme d&#8217;immobilier, de parts de soci\u00e9t\u00e9s andorranes ou d&#8217;instruments financiers r\u00e9glement\u00e9s. La caution de 50 000 euros vers\u00e9e \u00e0 l&#8217;Autorit\u00e9 Financi\u00e8re Andorrane (AFA) est d\u00e9sormais partiellement non remboursable : 30 000 euros deviennent une recette d\u00e9finitive en faveur de l&#8217;\u00c9tat, pr\u00e9cise le portail WIT. La pr\u00e9sence physique minimale requise reste de 90 jours par an pour la r\u00e9sidence passive un seuil nettement inf\u00e9rieur aux 183 jours exig\u00e9s pour la r\u00e9sidence active ou fiscale pleine.<\/p>\n<p class=\"font-claude-response-body break-words whitespace-normal leading-[1.7]\">Pour la r\u00e9sidence active destin\u00e9e aux entrepreneurs et ind\u00e9pendants, le seuil de participation dans la soci\u00e9t\u00e9 andorrane cr\u00e9\u00e9e a \u00e9t\u00e9 relev\u00e9 de 20 % \u00e0 34 %, selon Andorra Inc. Le d\u00e9p\u00f4t de 50 000 euros \u00e0 l&#8217;AFA est d\u00e9sormais non remboursable en cas d&#8217;abandon du projet, sauf refus initial de l&#8217;autorisation.<\/p>\n<blockquote class=\"ml-2 border-l-4 border-border-300\/10 pl-4 text-text-300\">\n<p class=\"font-claude-response-body break-words whitespace-normal leading-[1.7]\"><em>\u00ab Les r\u00e9formes r\u00e9centes renforcent le contr\u00f4le migratoire et augmentent le ticket d&#8217;entr\u00e9e, mais elles ne modifient pas la structure fiscale elle-m\u00eame qui reste l&#8217;une des plus attractives d&#8217;Europe. \u00bb<\/em>\u00a0Cabinet Valmerand, analyse de la r\u00e9forme andorrane 2026<\/p>\n<\/blockquote>\n<hr class=\"border-border-200 border-t-0.5 my-3 mx-1.5\" \/>\n<p class=\"font-claude-response-body break-words whitespace-normal leading-[1.7]\"><strong>La r\u00e9sidence passive : 90 jours par an suffisent<\/strong><\/p>\n<p class=\"font-claude-response-body break-words whitespace-normal leading-[1.7]\">C&#8217;est l&#8217;un des atouts les moins connus d&#8217;Andorre : contrairement \u00e0 la r\u00e9sidence fiscale classique qui exige 183 jours de pr\u00e9sence par an dans la plupart des pays, la r\u00e9sidence passive andorrane ne requiert qu&#8217;une pr\u00e9sence minimale de 90 jours par an sur le territoire, selon le portail Andorra Solutions. Un chef d&#8217;entreprise ou un retrait\u00e9 peut ainsi maintenir sa r\u00e9sidence andorrane tout en passant une partie importante de l&#8217;ann\u00e9e ailleurs \u00e0 condition de ne pas d\u00e9clencher une r\u00e9sidence fiscale dans un autre pays. Ce statut s&#8217;accompagne d&#8217;une assurance maladie priv\u00e9e obligatoire, relativement abordable en Andorre, et de la justification de revenus annuels d\u00e9passant 300 % du salaire minimum andorran fix\u00e9 \u00e0 1 447,33 euros mensuels en 2025, selon les donn\u00e9es officielles de la principaut\u00e9.<\/p>\n<hr class=\"border-border-200 border-t-0.5 my-3 mx-1.5\" \/>\n<p class=\"font-claude-response-body break-words whitespace-normal leading-[1.7]\"><strong>L&#8217;immobilier : un march\u00e9 sous tension, des prix en forte hausse<\/strong><\/p>\n<p class=\"font-claude-response-body break-words whitespace-normal leading-[1.7]\">Qui dit r\u00e9sidence dit logement. Et sur ce front, Andorre a profond\u00e9ment chang\u00e9. Les prix dans la capitale, Andorre-la-Vieille, varient entre 5 500 et 8 500 euros par m\u00e8tre carr\u00e9 pour du neuf ou du r\u00e9cent un niveau comparable aux quartiers moyens de Barcelone ou Madrid, selon Idealista. Dans les secteurs plus \u00e9loign\u00e9s, les prix d\u00e9butent autour de 3 500 \u00e0 4 500 euros par m\u00e8tre carr\u00e9 pour des biens en bon \u00e9tat. Pour la location, il faut compter entre 1 000 et 1 800 euros par mois pour un appartement standard dans la capitale, selon le m\u00eame portail. Depuis fin 2024, la Principaut\u00e9 a suspendu l&#8217;octroi de nouvelles licences pour les appartements touristiques afin de redonner de l&#8217;air aux r\u00e9sidents permanents une mesure qui n&#8217;a pas encore fait baisser les prix, selon Habiter en Andorre.<\/p>\n<hr class=\"border-border-200 border-t-0.5 my-3 mx-1.5\" \/>\n<p class=\"font-claude-response-body break-words whitespace-normal leading-[1.7]\"><strong>Une qualit\u00e9 de vie montagnarde et s\u00e9curis\u00e9e<\/strong><\/p>\n<p class=\"font-claude-response-body break-words whitespace-normal leading-[1.7]\">Au-del\u00e0 de la fiscalit\u00e9, Andorre offre un cadre de vie que ses r\u00e9sidents d\u00e9crivent invariablement comme l&#8217;une de ses premi\u00e8res qualit\u00e9s. La principaut\u00e9 est nich\u00e9e entre deux massifs pyr\u00e9n\u00e9ens \u00e0 plus de 1 000 m\u00e8tres d&#8217;altitude, avec le domaine skiable de Grandvalira \u00e0 port\u00e9e de voiture et des sentiers de randonn\u00e9e dans la vall\u00e9e du Madriu class\u00e9e au patrimoine mondial de l&#8217;UNESCO. La s\u00e9curit\u00e9 y est exceptionnellement \u00e9lev\u00e9e, le syst\u00e8me de sant\u00e9 g\u00e9r\u00e9 via la CASS, la s\u00e9curit\u00e9 sociale andorrane rembourse entre 75 % et 90 % des actes m\u00e9dicaux, et les conventions bilat\u00e9rales avec la France et l&#8217;Espagne garantissent la continuit\u00e9 des droits, selon la gestoria Epona. Le syst\u00e8me \u00e9ducatif est trilingue: catalan, fran\u00e7ais et espagnol, ce qui repr\u00e9sente un atout consid\u00e9rable pour les familles francophones, selon le portail Cr\u00e9ation Soci\u00e9t\u00e9 Andorre.<\/p>\n<hr class=\"border-border-200 border-t-0.5 my-3 mx-1.5\" \/>\n<p class=\"font-claude-response-body break-words whitespace-normal leading-[1.7]\"><strong>Une TVA \u00e0 4,5 % : le plus bas d&#8217;Europe<\/strong><\/p>\n<p class=\"font-claude-response-body break-words whitespace-normal leading-[1.7]\">L&#8217;impact de la fiscalit\u00e9 indirecte sur le quotidien est souvent sous-estim\u00e9. L&#8217;IGI andorrane \u00e9quivalent local de la TVA est fix\u00e9e \u00e0 4,5 % en taux g\u00e9n\u00e9ral, contre 20 % en France et 21 % en Espagne, selon Advantia Assessors. Sur les biens de premi\u00e8re n\u00e9cessit\u00e9, ce taux descend \u00e0 1 %. Cette diff\u00e9rence structurelle se ressent sur chaque achat du quotidien: alimentation, restauration, services et contribue \u00e0 un pouvoir d&#8217;achat r\u00e9el nettement sup\u00e9rieur \u00e0 celui que permettent les chiffres bruts. C&#8217;est \u00e9galement l&#8217;une des raisons pour lesquelles les frontaliers espagnols et fran\u00e7ais continuent d&#8217;affluer chaque week-end dans les commerces andorrans.<\/p>\n<hr class=\"border-border-200 border-t-0.5 my-3 mx-1.5\" \/>\n<p class=\"font-claude-response-body break-words whitespace-normal leading-[1.7]\"><strong>Ce qu&#8217;il faut retenir avant de franchir le pas<\/strong><\/p>\n<p class=\"font-claude-response-body break-words whitespace-normal leading-[1.7]\">La r\u00e9forme de janvier 2026 ne remet pas en cause l&#8217;attractivit\u00e9 fondamentale d&#8217;Andorre. Elle en rel\u00e8ve le ticket d&#8217;entr\u00e9e. Pour les familles \u00e0 hauts patrimoines capables de mobiliser 1 million d&#8217;euros en actifs andorrans, la r\u00e9sidence passive reste accessible avec seulement 90 jours de pr\u00e9sence par an, une flexibilit\u00e9 que peu de juridictions europ\u00e9ennes peuvent offrir. Pour les entrepreneurs et ind\u00e9pendants, la r\u00e9sidence active reste praticable avec la cr\u00e9ation d&#8217;une soci\u00e9t\u00e9 andorrane, un d\u00e9p\u00f4t de 50 000 euros \u00e0 l&#8217;AFA et une pr\u00e9sence de 183 jours.<\/p>\n<p class=\"font-claude-response-body break-words whitespace-normal leading-[1.7]\">Dans tous les cas, la v\u00e9rification de la convention bilat\u00e9rale applicable notamment la convention franco-andorrane de 2015 et l&#8217;analyse personnelle avec un conseil fiscal andorran constituent un pr\u00e9alable indispensable. L&#8217;Andorre de 2026 n&#8217;est plus le paradis fiscal opaque des ann\u00e9es 1990. C&#8217;est quelque chose de plus int\u00e9ressant encore : une juridiction transparente, coop\u00e9rative avec les autorit\u00e9s fiscales internationales, et structurellement comp\u00e9titive pour les d\u00e9cennies \u00e0 venir.<\/p>\n<blockquote class=\"ml-2 border-l-4 border-border-300\/10 pl-4 text-text-300\">\n<p class=\"font-claude-response-body break-words whitespace-normal leading-[1.7]\"><em>\u00ab L&#8217;Andorre reste, en 2026, ce qu&#8217;elle a toujours \u00e9t\u00e9 : une exception europ\u00e9enne. La diff\u00e9rence, d\u00e9sormais, c&#8217;est que tout le monde commence \u00e0 le savoir. \u00bb<\/em><\/p>\n<\/blockquote><\/div>\n<\/p><\/div>\n<\/p><\/div>\n<div class=\"elementor-element elementor-element-ebbe84f e-flex e-con-boxed e-con e-parent\" data-id=\"ebbe84f\" data-element_type=\"container\" data-e-type=\"container\">\n<div class=\"e-con-inner\">\n<div class=\"elementor-element elementor-element-5710f6a elementor-widget elementor-widget-image\" data-id=\"5710f6a\" data-element_type=\"widget\" data-e-type=\"widget\" data-widget_type=\"image.default\">\n\t\t\t\t\t\t\t\t\t\t\t\t\t\t\t<img decoding=\"async\" src=\"https:\/\/immo.lecourrier.es\/wp-content\/uploads\/2026\/04\/Captura-de-pantalla-2026-04-28-110245.png\">\t\t\t\t\t\t\t\t\t\t\t\t\t\t\t<\/div>\n<div class=\"elementor-element elementor-element-7b02d8e elementor-widget elementor-widget-text-editor\" data-id=\"7b02d8e\" data-element_type=\"widget\" data-e-type=\"widget\" data-widget_type=\"text-editor.default\">\n<p>\u00a0<em>Source et photo: R\u00e9daction LCE (avec l&#8217;aide de l&#8217;IA)<\/em><\/p>\n<\/p><\/div>\n<div class=\"elementor-element elementor-element-66a5a29 elementor-widget-divider--view-line elementor-widget elementor-widget-divider\" data-id=\"66a5a29\" data-element_type=\"widget\" data-e-type=\"widget\" data-widget_type=\"divider.default\">\n<div class=\"elementor-divider\">\n\t\t\t<span class=\"elementor-divider-separator\"><br \/>\n\t\t\t\t\t\t<\/span>\n\t\t<\/div>\n<\/p><\/div>\n<div class=\"elementor-element elementor-element-39b4c81 elementor-widget elementor-widget-html\" data-id=\"39b4c81\" data-element_type=\"widget\" data-e-type=\"widget\" data-widget_type=\"html.default\">\n\t\t\t\t\t\t\t\t\t<\/div>\n<\/p><\/div>\n<\/p><\/div>\n<\/p><\/div>\n","protected":false},"excerpt":{"rendered":"<p>Imp\u00f4t sur le revenu plafonn\u00e9 \u00e0 10 %, z\u00e9ro succession, z\u00e9ro imp\u00f4t sur la fortune, TVA \u00e0 4,5 % le plus bas d&#8217;Europe : \u00e0 468 km\u00b2 entre la France et l&#8217;Espagne, Andorre coche des cases que peu de juridictions europ\u00e9ennes peuvent aligner. Depuis janvier 2026, les conditions d&#8217;acc\u00e8s ont \u00e9t\u00e9 relev\u00e9es. Voici pourquoi la [&hellip;]<\/p>\n","protected":false},"author":13,"featured_media":75956,"comment_status":"open","ping_status":"closed","sticky":false,"template":"","format":"standard","meta":{"om_disable_all_campaigns":false,"_monsterinsights_skip_tracking":false,"_monsterinsights_sitenote_active":false,"_monsterinsights_sitenote_note":"","_monsterinsights_sitenote_category":0,"_uf_show_specific_survey":0,"_uf_disable_surveys":false,"footnotes":""},"categories":[212,4508,4392],"tags":[4076,702,746],"class_list":["post-75954","post","type-post","status-publish","format-standard","has-post-thumbnail","hentry","category-breaking-news","category-mag-blogs-communaute","category-patrimoine","tag-andorre","tag-europe","tag-fiscalite"],"acf":[],"_links":{"self":[{"href":"https:\/\/immo.lecourrier.es\/index.php\/wp-json\/wp\/v2\/posts\/75954","targetHints":{"allow":["GET"]}}],"collection":[{"href":"https:\/\/immo.lecourrier.es\/index.php\/wp-json\/wp\/v2\/posts"}],"about":[{"href":"https:\/\/immo.lecourrier.es\/index.php\/wp-json\/wp\/v2\/types\/post"}],"author":[{"embeddable":true,"href":"https:\/\/immo.lecourrier.es\/index.php\/wp-json\/wp\/v2\/users\/13"}],"replies":[{"embeddable":true,"href":"https:\/\/immo.lecourrier.es\/index.php\/wp-json\/wp\/v2\/comments?post=75954"}],"version-history":[{"count":0,"href":"https:\/\/immo.lecourrier.es\/index.php\/wp-json\/wp\/v2\/posts\/75954\/revisions"}],"wp:featuredmedia":[{"embeddable":true,"href":"https:\/\/immo.lecourrier.es\/index.php\/wp-json\/wp\/v2\/media\/75956"}],"wp:attachment":[{"href":"https:\/\/immo.lecourrier.es\/index.php\/wp-json\/wp\/v2\/media?parent=75954"}],"wp:term":[{"taxonomy":"category","embeddable":true,"href":"https:\/\/immo.lecourrier.es\/index.php\/wp-json\/wp\/v2\/categories?post=75954"},{"taxonomy":"post_tag","embeddable":true,"href":"https:\/\/immo.lecourrier.es\/index.php\/wp-json\/wp\/v2\/tags?post=75954"}],"curies":[{"name":"wp","href":"https:\/\/api.w.org\/{rel}","templated":true}]}}