{"id":75952,"date":"2026-04-29T01:02:17","date_gmt":"2026-04-29T01:02:17","guid":{"rendered":"https:\/\/immo.lecourrier.es\/index.php\/2026\/04\/29\/suivi-en-direct-du-debat-dinvestiture-aux-cortes-daragon\/"},"modified":"2026-04-29T01:02:17","modified_gmt":"2026-04-29T01:02:17","slug":"suivi-en-direct-du-debat-dinvestiture-aux-cortes-daragon","status":"publish","type":"post","link":"https:\/\/immo.lecourrier.es\/index.php\/2026\/04\/29\/suivi-en-direct-du-debat-dinvestiture-aux-cortes-daragon\/","title":{"rendered":"Suivi en direct du d\u00e9bat d&#8217;investiture aux Cortes d&#8217;Aragon."},"content":{"rendered":"\n<div data-elementor-type=\"wp-post\" data-elementor-id=\"136965\" class=\"elementor elementor-136965\" data-elementor-post-type=\"post\">\n<div class=\"elementor-element elementor-element-6919b6fe e-flex e-con-boxed e-con e-parent\" data-id=\"6919b6fe\" data-element_type=\"container\" data-e-type=\"container\">\n<div class=\"e-con-inner\">\n<div class=\"elementor-element elementor-element-2d88aa8d elementor-widget elementor-widget-text-editor\" data-id=\"2d88aa8d\" data-element_type=\"widget\" data-e-type=\"widget\" data-widget_type=\"text-editor.default\">\n<p><i>Les Cortes d&#8217;Aragon accueillent un moment politique majeur avec le d\u00e9bat d&#8217;investiture, retransmis en direct pour permettre aux citoyens aragonais de suivre l&#8217;avenir de leur gouvernance r\u00e9gionale. Un rendez-vous d\u00e9mocratique scrut\u00e9 de pr\u00e8s par l&#8217;ensemble des forces politiques de la r\u00e9gion.<\/i><\/p>\n<h2>Un d\u00e9bat d&#8217;investiture sous haute tension politique<\/h2>\n<p>Le Parlement r\u00e9gional d&#8217;Aragon, les Cortes, est le th\u00e9\u00e2tre d&#8217;un d\u00e9bat d&#8217;investiture particuli\u00e8rement attendu. Selon Cadena SER (<a href=\"https:\/\/cadenaser.com\/aragon\/2026\/04\/28\/sigue-en-directo-el-debate-de-investidura-en-las-cortes-de-aragon-radio-huesca\/\" target=\"_blank\" rel=\"noopener\">cadenaser.com<\/a>), la s\u00e9ance a d\u00e9but\u00e9 dans une atmosph\u00e8re tendue, avec des prises de parole des diff\u00e9rents groupes parlementaires qui se succ\u00e8dent pour exposer leurs positions sur le programme de gouvernement pr\u00e9sent\u00e9 par le candidat \u00e0 la pr\u00e9sidence de la r\u00e9gion.<\/p>\n<p>L&#8217;Aragon est une communaut\u00e9 autonome d&#8217;environ 1,3 million d&#8217;habitants, situ\u00e9e au nord-est de l&#8217;Espagne. Sa capitale, Saragosse, concentre plus de la moiti\u00e9 de la population r\u00e9gionale. Le parlement aragonais compte 67 si\u00e8ges, r\u00e9partis entre plusieurs formations politiques issues des derni\u00e8res \u00e9lections r\u00e9gionales.<\/p>\n<p>Le candidat \u00e0 l&#8217;investiture doit obtenir la majorit\u00e9 absolue au premier tour, soit 34 voix, ou une majorit\u00e9 simple au second tour pour \u00eatre officiellement d\u00e9sign\u00e9 pr\u00e9sident de la communaut\u00e9 autonome. Les n\u00e9gociations en coulisses ont \u00e9t\u00e9 intenses ces derni\u00e8res semaines, avec des discussions entre partis pour trouver des accords programmatiques susceptibles de garantir une gouvernabilit\u00e9 stable.<\/p>\n<blockquote class=\"ml-2 border-l-4 border-border-300\/10 pl-4 text-text-300\">\n<p class=\"font-claude-response-body break-words whitespace-normal leading-[1.7]\"><em>\u00ab Le d\u00e9bat d&#8217;investiture est le moment fondateur de toute l\u00e9gislature. C&#8217;est l\u00e0 que se joue la capacit\u00e9 d&#8217;un gouvernement \u00e0 gouverner avec un programme clair et un soutien suffisant. \u00bb<\/em> Analyse politique des institutions autonomiques espagnoles<\/p>\n<\/blockquote>\n<p>Les observateurs politiques soulignent que la fragmentation du paysage partisan en Aragon rend la formation d&#8217;une majorit\u00e9 stable particuli\u00e8rement complexe. Plusieurs partis de taille moyenne d\u00e9tiennent la cl\u00e9 du scrutin, ce qui leur conf\u00e8re un pouvoir de n\u00e9gociation consid\u00e9rable dans le cadre de ce d\u00e9bat.<\/p>\n<h2>Les enjeux r\u00e9gionaux au coeur des discours parlementaires<\/h2>\n<p>Au-del\u00e0 des jeux d&#8217;alliances, c&#8217;est bien le fond du programme gouvernemental qui est au centre des d\u00e9bats. Les th\u00e9matiques prioritaires abord\u00e9es lors de cette session comprennent la politique \u00e9conomique, le d\u00e9veloppement rural, la gestion de l&#8217;eau, les infrastructures de transport et la transition \u00e9nerg\u00e9tique, des sujets cruciaux pour une r\u00e9gion dont une grande partie du territoire est rurale et faiblement peupl\u00e9e.<\/p>\n<p>L&#8217;Aragon est notamment travers\u00e9e par des axes ferroviaires et routiers strat\u00e9giques reliant Madrid \u00e0 Barcelone, ainsi que vers la France via les Pyr\u00e9n\u00e9es. La modernisation de ces infrastructures est r\u00e9guli\u00e8rement cit\u00e9e comme une priorit\u00e9 par les diff\u00e9rents partis repr\u00e9sent\u00e9s aux Cortes.<\/p>\n<p>Selon les donn\u00e9es disponibles sur la situation socio-\u00e9conomique de la r\u00e9gion, le taux de ch\u00f4mage en Aragon se situe parmi les plus bas d&#8217;Espagne, aux alentours de 8 %, contre une moyenne nationale d\u00e9passant 11 %. Cependant, les disparit\u00e9s entre zones urbaines et rurales restent importantes, et plusieurs groupes parlementaires ont insist\u00e9 sur la n\u00e9cessit\u00e9 de politiques de repeuplement des villages et de soutien \u00e0 l&#8217;agriculture.<\/p>\n<blockquote class=\"ml-2 border-l-4 border-border-300\/10 pl-4 text-text-300\">\n<p class=\"font-claude-response-body break-words whitespace-normal leading-[1.7]\"><em>\u00ab L&#8217;Aragon ne peut pas se permettre de laisser des territoires entiers sans services publics de base. La question du d\u00e9peuplement rural est une urgence d\u00e9mocratique autant qu&#8217;\u00e9conomique. \u00bb<\/em> Intervention d&#8217;un groupe parlementaire lors du d\u00e9bat d&#8217;investiture aux Cortes d&#8217;Aragon<\/p>\n<\/blockquote>\n<p>La question \u00e9nerg\u00e9tique occupe \u00e9galement une place centrale dans les discussions. L&#8217;Aragon est l&#8217;une des r\u00e9gions espagnoles les plus actives dans le d\u00e9veloppement des \u00e9nergies renouvelables, avec une capacit\u00e9 install\u00e9e en \u00e9olien et en solaire parmi les plus importantes du pays. Le futur gouvernement devra arbitrer entre les ambitions climatiques, les int\u00e9r\u00eats \u00e9conomiques locaux et les pr\u00e9occupations des communaut\u00e9s affect\u00e9es par l&#8217;implantation de nouveaux parcs.<\/p>\n<p>Les partis d&#8217;opposition ont profit\u00e9 de ce d\u00e9bat pour interpeller le candidat sur des sujets sensibles comme la gestion des fonds europ\u00e9ens, la politique de logement dans les grandes villes et la r\u00e9forme du syst\u00e8me de sant\u00e9 r\u00e9gional, qui fait face \u00e0 des tensions li\u00e9es aux difficult\u00e9s de recrutement de personnel m\u00e9dical dans les zones \u00e9loign\u00e9es.<\/p>\n<h2>Conclusion<\/h2>\n<p>Le d\u00e9bat d&#8217;investiture aux Cortes d&#8217;Aragon constitue un moment charni\u00e8re pour la r\u00e9gion. Qu&#8217;il aboutisse \u00e0 l&#8217;\u00e9lection d&#8217;un nouveau pr\u00e9sident d\u00e8s le premier tour ou qu&#8217;il n\u00e9cessite un second vote, il dessine les contours de la politique aragonaise pour les prochaines ann\u00e9es. Les citoyens, les \u00e9lus et les observateurs politiques suivent avec attention l&#8217;issue de ces discussions, conscients que les d\u00e9cisions prises dans l&#8217;h\u00e9micycle auront des r\u00e9percussions concr\u00e8tes sur le quotidien de plus d&#8217;un million de personnes.<\/p>\n<p>La retransmission en direct de ce d\u00e9bat, assur\u00e9e notamment par Cadena SER, t\u00e9moigne de l&#8217;importance accord\u00e9e \u00e0 la transparence d\u00e9mocratique et \u00e0 l&#8217;acc\u00e8s \u00e0 l&#8217;information dans le fonctionnement des institutions autonomiques espagnoles.<\/p>\n<p><i>Sources et photo: R\u00e9daction LCE (avec l&#8217;aide de l&#8217;IA)<\/i><\/p>\n<hr style=\"border: none;border-top: 1px solid #000000;margin: 24px 0\" \/>\t\t\t\t\t\t\t\t<\/div>\n<div class=\"elementor-element elementor-element-a0e9922 elementor-widget elementor-widget-html\" data-id=\"a0e9922\" data-element_type=\"widget\" data-e-type=\"widget\" data-widget_type=\"html.default\">\n\t\t\t\t\t\t\t\t\t<\/div>\n<\/p><\/div>\n<\/p><\/div>\n<\/p><\/div>\n","protected":false},"excerpt":{"rendered":"<p>Les Cortes d&#8217;Aragon accueillent un moment politique majeur avec le d\u00e9bat d&#8217;investiture, retransmis en direct pour permettre aux citoyens aragonais de suivre l&#8217;avenir de leur gouvernance r\u00e9gionale. Un rendez-vous d\u00e9mocratique scrut\u00e9 de pr\u00e8s par l&#8217;ensemble des forces politiques de la r\u00e9gion. Un d\u00e9bat d&#8217;investiture sous haute tension politique Le Parlement r\u00e9gional d&#8217;Aragon, les Cortes, est [&hellip;]<\/p>\n","protected":false},"author":13,"featured_media":75953,"comment_status":"open","ping_status":"closed","sticky":false,"template":"","format":"standard","meta":{"om_disable_all_campaigns":false,"_monsterinsights_skip_tracking":false,"_monsterinsights_sitenote_active":false,"_monsterinsights_sitenote_note":"","_monsterinsights_sitenote_category":0,"_uf_show_specific_survey":0,"_uf_disable_surveys":false,"footnotes":""},"categories":[4509],"tags":[2005,4828,4829],"class_list":["post-75952","post","type-post","status-publish","format-standard","has-post-thumbnail","hentry","category-uncategorized","tag-aragon","tag-cortes-daragon","tag-debat-dinvestiture"],"acf":[],"_links":{"self":[{"href":"https:\/\/immo.lecourrier.es\/index.php\/wp-json\/wp\/v2\/posts\/75952","targetHints":{"allow":["GET"]}}],"collection":[{"href":"https:\/\/immo.lecourrier.es\/index.php\/wp-json\/wp\/v2\/posts"}],"about":[{"href":"https:\/\/immo.lecourrier.es\/index.php\/wp-json\/wp\/v2\/types\/post"}],"author":[{"embeddable":true,"href":"https:\/\/immo.lecourrier.es\/index.php\/wp-json\/wp\/v2\/users\/13"}],"replies":[{"embeddable":true,"href":"https:\/\/immo.lecourrier.es\/index.php\/wp-json\/wp\/v2\/comments?post=75952"}],"version-history":[{"count":0,"href":"https:\/\/immo.lecourrier.es\/index.php\/wp-json\/wp\/v2\/posts\/75952\/revisions"}],"wp:featuredmedia":[{"embeddable":true,"href":"https:\/\/immo.lecourrier.es\/index.php\/wp-json\/wp\/v2\/media\/75953"}],"wp:attachment":[{"href":"https:\/\/immo.lecourrier.es\/index.php\/wp-json\/wp\/v2\/media?parent=75952"}],"wp:term":[{"taxonomy":"category","embeddable":true,"href":"https:\/\/immo.lecourrier.es\/index.php\/wp-json\/wp\/v2\/categories?post=75952"},{"taxonomy":"post_tag","embeddable":true,"href":"https:\/\/immo.lecourrier.es\/index.php\/wp-json\/wp\/v2\/tags?post=75952"}],"curies":[{"name":"wp","href":"https:\/\/api.w.org\/{rel}","templated":true}]}}