{"id":75950,"date":"2026-04-29T01:02:13","date_gmt":"2026-04-29T01:02:13","guid":{"rendered":"https:\/\/immo.lecourrier.es\/index.php\/2026\/04\/29\/caceres-accueille-sa-patronne-lors-de-la-traditionnelle-bajada\/"},"modified":"2026-04-29T01:02:13","modified_gmt":"2026-04-29T01:02:13","slug":"caceres-accueille-sa-patronne-lors-de-la-traditionnelle-bajada","status":"publish","type":"post","link":"https:\/\/immo.lecourrier.es\/index.php\/2026\/04\/29\/caceres-accueille-sa-patronne-lors-de-la-traditionnelle-bajada\/","title":{"rendered":"C\u00e1ceres accueille sa patronne lors de la traditionnelle Bajada."},"content":{"rendered":"\n<div data-elementor-type=\"wp-post\" data-elementor-id=\"136979\" class=\"elementor elementor-136979\" data-elementor-post-type=\"post\">\n<div class=\"elementor-element elementor-element-3097d0df e-flex e-con-boxed e-con e-parent\" data-id=\"3097d0df\" data-element_type=\"container\" data-e-type=\"container\">\n<div class=\"e-con-inner\">\n<div class=\"elementor-element elementor-element-7a591572 elementor-widget elementor-widget-text-editor\" data-id=\"7a591572\" data-element_type=\"widget\" data-e-type=\"widget\" data-widget_type=\"text-editor.default\">\n<p><i>Chaque ann\u00e9e, la ville de C\u00e1ceres c\u00e9l\u00e8bre l&#8217;une de ses f\u00eates les plus embl\u00e9matiques : la Bajada de la Virgen de la Monta\u00f1a, une procession solennelle qui r\u00e9unit des milliers de fid\u00e8les et de curieux venus honorer la patronne de la cit\u00e9. En ce mois d&#8217;avril 2026, la tradition s&#8217;est une nouvelle fois perp\u00e9tu\u00e9e avec une ferveur intacte, t\u00e9moignant de l&#8217;attachement profond des habitants \u00e0 ce rituel s\u00e9culaire.<\/i><\/p>\n<h2>Une procession charg\u00e9e d&#8217;histoire et de d\u00e9votion<\/h2>\n<p>La Bajada de la Virgen de la Monta\u00f1a est bien plus qu&#8217;une simple c\u00e9r\u00e9monie religieuse. Elle constitue un moment fort de l&#8217;identit\u00e9 collective de C\u00e1ceres, ville class\u00e9e au patrimoine mondial de l&#8217;UNESCO. La statue de la Vierge, v\u00e9n\u00e9r\u00e9e depuis des si\u00e8cles, descend de son sanctuaire perch\u00e9 sur les hauteurs pour rejoindre le centre historique de la ville, port\u00e9e par des dizaines de porteurs dans une atmosph\u00e8re de recueillement et d&#8217;\u00e9motion.<\/p>\n<p>Cette ann\u00e9e encore, les rues de C\u00e1ceres se sont remplies d\u00e8s les premi\u00e8res heures du matin. On estime que plusieurs dizaines de milliers de personnes ont assist\u00e9 \u00e0 l&#8217;\u00e9v\u00e9nement, certaines venues de toute l&#8217;Estr\u00e9madure et m\u00eame des r\u00e9gions voisines. Les autorit\u00e9s locales ont d\u00e9ploy\u00e9 un dispositif important pour encadrer la foule et garantir la s\u00e9curit\u00e9 de tous les participants.<\/p>\n<p>La procession suit un itin\u00e9raire pr\u00e9cis, jalonnant les ruelles pav\u00e9es de la vieille ville, passant devant des monuments historiques qui conf\u00e8rent \u00e0 la c\u00e9r\u00e9monie une solennit\u00e9 particuli\u00e8re. Les fa\u00e7ades des maisons sont orn\u00e9es de drapeaux et de fleurs, et les habitants arborent leurs plus beaux habits pour l&#8217;occasion.<\/p>\n<blockquote class=\"ml-2 border-l-4 border-border-300\/10 pl-4 text-text-300\">\n<p class=\"font-claude-response-body break-words whitespace-normal leading-[1.7]\"><em>\u00ab La Bajada de la Virgen de la Monta\u00f1a est le moment de l&#8217;ann\u00e9e o\u00f9 toute la ville se retrouve, o\u00f9 les g\u00e9n\u00e9rations se m\u00e9langent autour d&#8217;une m\u00eame foi et d&#8217;un m\u00eame amour pour notre patronne. \u00bb<\/em> Un habitant de C\u00e1ceres, recueilli lors de la procession<\/p>\n<\/blockquote>\n<p>Selon Canal Extremadura, la c\u00e9r\u00e9monie s&#8217;est d\u00e9roul\u00e9e dans le respect de la tradition, avec la participation active des confr\u00e9ries locales et des autorit\u00e9s civiles et religieuses. Le maire de C\u00e1ceres ainsi que le repr\u00e9sentant de l&#8217;Eglise locale ont pris part au cort\u00e8ge, soulignant le caract\u00e8re \u00e0 la fois spirituel et civil de cet \u00e9v\u00e9nement.<\/p>\n<h2>Un \u00e9v\u00e9nement f\u00e9d\u00e9rateur pour toute la r\u00e9gion d&#8217;Estr\u00e9madure<\/h2>\n<p>Au-del\u00e0 de son dimension religieuse, la Bajada est devenue un v\u00e9ritable moteur pour l&#8217;\u00e9conomie locale. Les h\u00f4tels, restaurants et commerces de C\u00e1ceres enregistrent chaque ann\u00e9e une hausse significative de leur activit\u00e9 \u00e0 cette p\u00e9riode. Les professionnels du tourisme estiment que la f\u00eate g\u00e9n\u00e8re plusieurs centaines de milliers d&#8217;euros de retomb\u00e9es \u00e9conomiques pour la ville et ses environs.<\/p>\n<p>La r\u00e9gion d&#8217;Estr\u00e9madure, qui compte environ 1,06 million d&#8217;habitants selon les derni\u00e8res donn\u00e9es officielles, mise sur ce type d&#8217;\u00e9v\u00e9nements pour dynamiser son attractivit\u00e9 touristique. C\u00e1ceres, avec son centre historique exceptionnel, attire chaque ann\u00e9e plus de 400 000 visiteurs, et les grandes f\u00eates populaires contribuent largement \u00e0 ce chiffre.<\/p>\n<p>Cette ann\u00e9e, les organisateurs avaient \u00e9galement pr\u00e9vu des animations culturelles en marge de la procession : concerts, expositions artisanales et d\u00e9gustations de produits r\u00e9gionaux ont anim\u00e9 la ville pendant plusieurs jours. Ces initiatives visent \u00e0 enrichir l&#8217;exp\u00e9rience des visiteurs et \u00e0 prolonger leur s\u00e9jour dans la r\u00e9gion.<\/p>\n<blockquote class=\"ml-2 border-l-4 border-border-300\/10 pl-4 text-text-300\">\n<p class=\"font-claude-response-body break-words whitespace-normal leading-[1.7]\"><em>\u00ab Nous voulons que la Bajada soit non seulement une f\u00eate pour les habitants de C\u00e1ceres, mais aussi une invitation ouverte \u00e0 tous ceux qui souhaitent d\u00e9couvrir notre culture et notre patrimoine. \u00bb<\/em> Un responsable de la mairie de C\u00e1ceres, lors des festivit\u00e9s<\/p>\n<\/blockquote>\n<p>Selon les m\u00e9dias r\u00e9gionaux espagnols, la participation populaire \u00e0 la Bajada ne cesse de cro\u00eetre depuis plusieurs ann\u00e9es, malgr\u00e9 les d\u00e9fis pos\u00e9s par l&#8217;\u00e9volution des pratiques religieuses en Espagne. Ce regain d&#8217;int\u00e9r\u00eat s&#8217;explique en partie par une nouvelle g\u00e9n\u00e9ration d&#8217;habitants qui s&#8217;approprient la f\u00eate comme un symbole identitaire fort, au-del\u00e0 de la seule dimension confessionnelle.<\/p>\n<p>Les autorit\u00e9s r\u00e9gionales d&#8217;Estr\u00e9madure ont d&#8217;ailleurs annonc\u00e9 leur intention de renforcer le soutien institutionnel \u00e0 cet \u00e9v\u00e9nement dans les ann\u00e9es \u00e0 venir, en augmentant les budgets allou\u00e9s \u00e0 l&#8217;organisation et \u00e0 la promotion de la f\u00eate \u00e0 l&#8217;\u00e9chelle nationale et internationale.<\/p>\n<p>La Bajada de la Virgen de la Monta\u00f1a reste ainsi un exemple remarquable de la capacit\u00e9 des f\u00eates traditionnelles \u00e0 rassembler les communaut\u00e9s, \u00e0 transmettre un h\u00e9ritage culturel vivant et \u00e0 contribuer au d\u00e9veloppement \u00e9conomique d&#8217;un territoire. C\u00e1ceres a une nouvelle fois d\u00e9montr\u00e9, en ce printemps 2026, que sa patronne sait toujours mobiliser les coeurs et les foules.<\/p>\n<p><i>Sources et photo : R\u00e9daction LCE (avec l&#8217;aide de l&#8217;IA)<\/i><\/p>\n<hr style=\"border: none;border-top: 1px solid #000000;margin: 24px 0\" \/>\t\t\t\t\t\t\t\t<\/div>\n<div class=\"elementor-element elementor-element-32a99cf elementor-widget elementor-widget-html\" data-id=\"32a99cf\" data-element_type=\"widget\" data-e-type=\"widget\" data-widget_type=\"html.default\">\n\t\t\t\t\t\t\t\t\t<\/div>\n<\/p><\/div>\n<\/p><\/div>\n<\/p><\/div>\n","protected":false},"excerpt":{"rendered":"<p>Chaque ann\u00e9e, la ville de C\u00e1ceres c\u00e9l\u00e8bre l&#8217;une de ses f\u00eates les plus embl\u00e9matiques : la Bajada de la Virgen de la Monta\u00f1a, une procession solennelle qui r\u00e9unit des milliers de fid\u00e8les et de curieux venus honorer la patronne de la cit\u00e9. En ce mois d&#8217;avril 2026, la tradition s&#8217;est une nouvelle fois perp\u00e9tu\u00e9e avec [&hellip;]<\/p>\n","protected":false},"author":13,"featured_media":75951,"comment_status":"open","ping_status":"closed","sticky":false,"template":"","format":"standard","meta":{"om_disable_all_campaigns":false,"_monsterinsights_skip_tracking":false,"_monsterinsights_sitenote_active":false,"_monsterinsights_sitenote_note":"","_monsterinsights_sitenote_category":0,"_uf_show_specific_survey":0,"_uf_disable_surveys":false,"footnotes":""},"categories":[4509],"tags":[332,3598,3714,660],"class_list":["post-75950","post","type-post","status-publish","format-standard","has-post-thumbnail","hentry","category-uncategorized","tag-espagne","tag-espagnols","tag-fetes","tag-tourisme"],"acf":[],"_links":{"self":[{"href":"https:\/\/immo.lecourrier.es\/index.php\/wp-json\/wp\/v2\/posts\/75950","targetHints":{"allow":["GET"]}}],"collection":[{"href":"https:\/\/immo.lecourrier.es\/index.php\/wp-json\/wp\/v2\/posts"}],"about":[{"href":"https:\/\/immo.lecourrier.es\/index.php\/wp-json\/wp\/v2\/types\/post"}],"author":[{"embeddable":true,"href":"https:\/\/immo.lecourrier.es\/index.php\/wp-json\/wp\/v2\/users\/13"}],"replies":[{"embeddable":true,"href":"https:\/\/immo.lecourrier.es\/index.php\/wp-json\/wp\/v2\/comments?post=75950"}],"version-history":[{"count":0,"href":"https:\/\/immo.lecourrier.es\/index.php\/wp-json\/wp\/v2\/posts\/75950\/revisions"}],"wp:featuredmedia":[{"embeddable":true,"href":"https:\/\/immo.lecourrier.es\/index.php\/wp-json\/wp\/v2\/media\/75951"}],"wp:attachment":[{"href":"https:\/\/immo.lecourrier.es\/index.php\/wp-json\/wp\/v2\/media?parent=75950"}],"wp:term":[{"taxonomy":"category","embeddable":true,"href":"https:\/\/immo.lecourrier.es\/index.php\/wp-json\/wp\/v2\/categories?post=75950"},{"taxonomy":"post_tag","embeddable":true,"href":"https:\/\/immo.lecourrier.es\/index.php\/wp-json\/wp\/v2\/tags?post=75950"}],"curies":[{"name":"wp","href":"https:\/\/api.w.org\/{rel}","templated":true}]}}