{"id":75948,"date":"2026-04-29T01:02:07","date_gmt":"2026-04-29T01:02:07","guid":{"rendered":"https:\/\/immo.lecourrier.es\/index.php\/2026\/04\/29\/luniversite-de-la-laguna-avance-ses-examens-de-juin-en-raison-de-la-visite-du-pape-a-tenerife\/"},"modified":"2026-04-29T01:02:07","modified_gmt":"2026-04-29T01:02:07","slug":"luniversite-de-la-laguna-avance-ses-examens-de-juin-en-raison-de-la-visite-du-pape-a-tenerife","status":"publish","type":"post","link":"https:\/\/immo.lecourrier.es\/index.php\/2026\/04\/29\/luniversite-de-la-laguna-avance-ses-examens-de-juin-en-raison-de-la-visite-du-pape-a-tenerife\/","title":{"rendered":"L&#8217;Universit\u00e9 de La Laguna avance ses examens de juin en raison de la visite du Pape \u00e0 T\u00e9n\u00e9rife."},"content":{"rendered":"\n<div data-elementor-type=\"wp-post\" data-elementor-id=\"136919\" class=\"elementor elementor-136919\" data-elementor-post-type=\"post\">\n<div class=\"elementor-element elementor-element-6fac21df e-flex e-con-boxed e-con e-parent\" data-id=\"6fac21df\" data-element_type=\"container\" data-e-type=\"container\">\n<div class=\"e-con-inner\">\n<div class=\"elementor-element elementor-element-744d5aff elementor-widget elementor-widget-text-editor\" data-id=\"744d5aff\" data-element_type=\"widget\" data-e-type=\"widget\" data-widget_type=\"text-editor.default\">\n<p><i>La visite historique du Pape Fran\u00e7ois \u00e0 T\u00e9n\u00e9rife, pr\u00e9vue pour juin 2026, bouleverse le calendrier universitaire de l&#8217;\u00eele. L&#8217;Universit\u00e9 de La Laguna (ULL) a d\u00e9cid\u00e9 d&#8217;avancer plusieurs de ses examens de fin d&#8217;ann\u00e9e afin de s&#8217;adapter aux contraintes logistiques et aux perturbations attendues dans les transports et la circulation sur l&#8217;ensemble du territoire insulaire.<\/i><\/p>\n<h2>Une d\u00e9cision in\u00e9dite pour l&#8217;universit\u00e9 canarienne<\/h2>\n<p>Selon <a href=\"https:\/\/cadenaser.com\/canarias\/2026\/04\/28\/la-ull-adelanta-sus-examenes-de-junio-por-la-visita-del-papa-a-tenerife-radio-club-tenerife\/\" target=\"_blank\" rel=\"noopener\">Cadena SER<\/a>, l&#8217;Universit\u00e9 de La Laguna a officiellement annonc\u00e9 qu&#8217;elle avancerait une partie de ses examens du mois de juin pour \u00e9viter que les \u00e9tudiants ne soient pris en \u00e9tau entre les obligations acad\u00e9miques et les perturbations li\u00e9es \u00e0 l&#8217;arriv\u00e9e du souverain pontife sur l&#8217;\u00eele.<\/p>\n<p>La visite papale, qui devrait rassembler plusieurs centaines de milliers de fid\u00e8les venus de toute l&#8217;Espagne et d&#8217;autres pays, est consid\u00e9r\u00e9e comme un \u00e9v\u00e9nement d&#8217;une ampleur exceptionnelle pour les Canaries. Les autorit\u00e9s locales pr\u00e9voient des restrictions importantes de circulation, des fermetures de routes et une saturation des transports en commun pendant plusieurs jours.<\/p>\n<p>L&#8217;ULL, qui compte environ 22 000 \u00e9tudiants inscrits, a indiqu\u00e9 que les examens concern\u00e9s seraient reprogramm\u00e9s dans les jours pr\u00e9c\u00e9dant l&#8217;\u00e9v\u00e9nement. Cette mesure vise \u00e0 garantir que les \u00e9tudiants puissent se rendre \u00e0 leurs \u00e9preuves sans subir les cons\u00e9quences directes des restrictions de mobilit\u00e9 impos\u00e9es par les autorit\u00e9s civiles et religieuses.<\/p>\n<blockquote class=\"ml-2 border-l-4 border-border-300\/10 pl-4 text-text-300\">\n<p class=\"font-claude-response-body break-words whitespace-normal leading-[1.7]\"><em>\u00ab L&#8217;universit\u00e9 doit s&#8217;adapter \u00e0 une r\u00e9alit\u00e9 exceptionnelle. Notre priorit\u00e9 est que les \u00e9tudiants puissent passer leurs examens dans les meilleures conditions possibles, sans subir des contraintes qui ne d\u00e9pendent pas d&#8217;eux. \u00bb<\/em> Porte-parole de l&#8217;Universit\u00e9 de La Laguna, cit\u00e9 par Cadena SER<\/p>\n<\/blockquote>\n<p>La direction de l&#8217;universit\u00e9 a pr\u00e9cis\u00e9 que les facult\u00e9s les plus touch\u00e9es seraient celles situ\u00e9es dans des zones proches des axes routiers principaux, notamment le campus de Guajara et le campus d&#8217;Anchieta, tous deux susceptibles d&#8217;\u00eatre affect\u00e9s par les cordons de s\u00e9curit\u00e9 mis en place autour des lieux de rassemblement.<\/p>\n<p>Cette d\u00e9cision, bien que salu\u00e9e par une partie des \u00e9tudiants, suscite \u00e9galement des interrogations. Certains \u00e9l\u00e8ves ont exprim\u00e9 des inqui\u00e9tudes quant au d\u00e9lai de pr\u00e9paration r\u00e9duit, notamment ceux qui suivent des mati\u00e8res \u00e0 fort coefficient ou des disciplines scientifiques n\u00e9cessitant une r\u00e9vision intensive.<\/p>\n<h2>Un impact logistique majeur pour toute l&#8217;\u00eele<\/h2>\n<p>La visite du Pape \u00e0 T\u00e9n\u00e9rife s&#8217;annonce comme l&#8217;un des \u00e9v\u00e9nements les plus complexes \u00e0 organiser que l&#8217;\u00eele ait jamais connus. Selon les estimations des autorit\u00e9s locales et de l&#8217;\u00c9glise catholique espagnole, entre 300 000 et 500 000 personnes pourraient affluer sur l&#8217;\u00eele durant les journ\u00e9es concern\u00e9es, repr\u00e9sentant une augmentation significative de la population r\u00e9sidente, estim\u00e9e \u00e0 environ 930 000 habitants.<\/p>\n<p>Les transports publics, d\u00e9j\u00e0 sous pression en p\u00e9riode estivale, devront faire face \u00e0 une demande exceptionnelle. Le r\u00e9seau de bus interurbain TITSA, principal op\u00e9rateur de transport en commun de l&#8217;\u00eele, a annonc\u00e9 des renforts de lignes et des horaires \u00e9tendus, mais reconna\u00eet que la saturation sera in\u00e9vitable sur certains axes.<\/p>\n<p>L&#8217;a\u00e9roport Tenerife Norte et l&#8217;a\u00e9roport Tenerife Sur devraient enregistrer un nombre record de vols suppl\u00e9mentaires durant cette p\u00e9riode.\u00a0 \u00a0 \u00a0 \u00a0 \u00a0 \u00a0 \u00a0 \u00a0 \u00a0 \u00a0 \u00a0 \u00a0 Les compagnies a\u00e9riennes op\u00e9rant sur les Canaries ont d\u00e9j\u00e0 signal\u00e9 une hausse spectaculaire des r\u00e9servations, avec des prix de billets en forte augmentation pour les dates entourant la visite papale.<\/p>\n<blockquote class=\"ml-2 border-l-4 border-border-300\/10 pl-4 text-text-300\">\n<p class=\"font-claude-response-body break-words whitespace-normal leading-[1.7]\"><em>\u00ab Nous n&#8217;avons jamais g\u00e9r\u00e9 un \u00e9v\u00e9nement de cette envergure sur l&#8217;\u00eele. La coordination entre les diff\u00e9rentes administrations, les forces de l&#8217;ordre et les organisateurs religieux est absolument cruciale pour garantir la s\u00e9curit\u00e9 de tous. \u00bb<\/em> Responsable de la s\u00e9curit\u00e9 civile de T\u00e9n\u00e9rife, selon les informations relay\u00e9es par Cadena SER<\/p>\n<\/blockquote>\n<p>Selon les informations disponibles, les autorit\u00e9s pr\u00e9voient la mise en place de zones de p\u00e9rim\u00e8tre s\u00e9curis\u00e9 autour des sites de la messe papale, ce qui impliquera la fermeture temporaire de plusieurs art\u00e8res principales de Santa Cruz de Tenerife et de ses environs. Des plans de d\u00e9viation sont en cours d&#8217;\u00e9laboration pour limiter l&#8217;impact sur la circulation quotidienne des r\u00e9sidents.<\/p>\n<p>Les commer\u00e7ants et les \u00e9tablissements h\u00f4teliers de l&#8217;\u00eele voient quant \u00e0 eux dans cet \u00e9v\u00e9nement une opportunit\u00e9 \u00e9conomique consid\u00e9rable. Les h\u00f4tels de la capitale et des zones touristiques affichent d\u00e9j\u00e0 complet pour les dates concern\u00e9es, et les restaurateurs anticipent une hausse importante de leur chiffre d&#8217;affaires.<\/p>\n<p>Pour les \u00e9tudiants de l&#8217;ULL, la situation reste n\u00e9anmoins pr\u00e9occupante. Plusieurs associations \u00e9tudiantes ont demand\u00e9 \u00e0 l&#8217;administration universitaire de mettre en place des dispositifs d&#8217;accompagnement sp\u00e9cifiques pour les \u00e9tudiants qui rencontreraient des difficult\u00e9s \u00e0 se d\u00e9placer, notamment des options d&#8217;examen \u00e0 distance pour les cas les plus critiques.<\/p>\n<p>L&#8217;universit\u00e9 n&#8217;a pas encore confirm\u00e9 si des am\u00e9nagements suppl\u00e9mentaires seraient accord\u00e9s, mais a indiqu\u00e9 qu&#8217;elle examinerait les demandes au cas par cas, en priorit\u00e9 pour les \u00e9tudiants domicili\u00e9s dans les zones les plus touch\u00e9es par les restrictions de circulation.<\/p>\n<p>Cette situation illustre, une fois de plus, la capacit\u00e9 des grands \u00e9v\u00e9nements religieux ou politiques \u00e0 remodeler temporairement l&#8217;organisation de toute une soci\u00e9t\u00e9 insulaire, bien au-del\u00e0 des seules consid\u00e9rations spirituelles ou diplomatiques.<\/p>\n<p><i>Sources et photo: R\u00e9daction LCE (avec l&#8217;aide de l&#8217;IA)<\/i><\/p>\n<hr style=\"border: none;border-top: 1px solid #000000;margin: 24px 0\" \/>\t\t\t\t\t\t\t\t<\/div>\n<div class=\"elementor-element elementor-element-3fd6365 elementor-widget elementor-widget-html\" data-id=\"3fd6365\" data-element_type=\"widget\" data-e-type=\"widget\" data-widget_type=\"html.default\">\n\t\t\t\t\t\t\t\t\t<\/div>\n<\/p><\/div>\n<\/p><\/div>\n<\/p><\/div>\n","protected":false},"excerpt":{"rendered":"<p>La visite historique du Pape Fran\u00e7ois \u00e0 T\u00e9n\u00e9rife, pr\u00e9vue pour juin 2026, bouleverse le calendrier universitaire de l&#8217;\u00eele. L&#8217;Universit\u00e9 de La Laguna (ULL) a d\u00e9cid\u00e9 d&#8217;avancer plusieurs de ses examens de fin d&#8217;ann\u00e9e afin de s&#8217;adapter aux contraintes logistiques et aux perturbations attendues dans les transports et la circulation sur l&#8217;ensemble du territoire insulaire. Une [&hellip;]<\/p>\n","protected":false},"author":13,"featured_media":75949,"comment_status":"open","ping_status":"closed","sticky":false,"template":"","format":"standard","meta":{"om_disable_all_campaigns":false,"_monsterinsights_skip_tracking":false,"_monsterinsights_sitenote_active":false,"_monsterinsights_sitenote_note":"","_monsterinsights_sitenote_category":0,"_uf_show_specific_survey":0,"_uf_disable_surveys":false,"footnotes":""},"categories":[4509],"tags":[4825,4826,4827],"class_list":["post-75948","post","type-post","status-publish","format-standard","has-post-thumbnail","hentry","category-uncategorized","tag-examens","tag-pape-a-tenerife","tag-universite-de-la-laguna"],"acf":[],"_links":{"self":[{"href":"https:\/\/immo.lecourrier.es\/index.php\/wp-json\/wp\/v2\/posts\/75948","targetHints":{"allow":["GET"]}}],"collection":[{"href":"https:\/\/immo.lecourrier.es\/index.php\/wp-json\/wp\/v2\/posts"}],"about":[{"href":"https:\/\/immo.lecourrier.es\/index.php\/wp-json\/wp\/v2\/types\/post"}],"author":[{"embeddable":true,"href":"https:\/\/immo.lecourrier.es\/index.php\/wp-json\/wp\/v2\/users\/13"}],"replies":[{"embeddable":true,"href":"https:\/\/immo.lecourrier.es\/index.php\/wp-json\/wp\/v2\/comments?post=75948"}],"version-history":[{"count":0,"href":"https:\/\/immo.lecourrier.es\/index.php\/wp-json\/wp\/v2\/posts\/75948\/revisions"}],"wp:featuredmedia":[{"embeddable":true,"href":"https:\/\/immo.lecourrier.es\/index.php\/wp-json\/wp\/v2\/media\/75949"}],"wp:attachment":[{"href":"https:\/\/immo.lecourrier.es\/index.php\/wp-json\/wp\/v2\/media?parent=75948"}],"wp:term":[{"taxonomy":"category","embeddable":true,"href":"https:\/\/immo.lecourrier.es\/index.php\/wp-json\/wp\/v2\/categories?post=75948"},{"taxonomy":"post_tag","embeddable":true,"href":"https:\/\/immo.lecourrier.es\/index.php\/wp-json\/wp\/v2\/tags?post=75948"}],"curies":[{"name":"wp","href":"https:\/\/api.w.org\/{rel}","templated":true}]}}