{"id":75946,"date":"2026-04-29T01:00:57","date_gmt":"2026-04-29T01:00:57","guid":{"rendered":"https:\/\/immo.lecourrier.es\/index.php\/2026\/04\/29\/une-greve-convoquee-dans-le-secteur-des-stations-service-pour-le-30-avril-et-le-3-mai\/"},"modified":"2026-04-29T01:00:57","modified_gmt":"2026-04-29T01:00:57","slug":"une-greve-convoquee-dans-le-secteur-des-stations-service-pour-le-30-avril-et-le-3-mai","status":"publish","type":"post","link":"https:\/\/immo.lecourrier.es\/index.php\/2026\/04\/29\/une-greve-convoquee-dans-le-secteur-des-stations-service-pour-le-30-avril-et-le-3-mai\/","title":{"rendered":"Une gr\u00e8ve convoqu\u00e9e dans le secteur des stations-service pour le 30 avril et le 3 mai."},"content":{"rendered":"\n<div data-elementor-type=\"wp-post\" data-elementor-id=\"136982\" class=\"elementor elementor-136982\" data-elementor-post-type=\"post\">\n<div class=\"elementor-element elementor-element-736acd29 e-flex e-con-boxed e-con e-parent\" data-id=\"736acd29\" data-element_type=\"container\" data-e-type=\"container\">\n<div class=\"e-con-inner\">\n<div class=\"elementor-element elementor-element-391a68c2 elementor-widget elementor-widget-text-editor\" data-id=\"391a68c2\" data-element_type=\"widget\" data-e-type=\"widget\" data-widget_type=\"text-editor.default\">\n<p><i>Le secteur des stations-service en Espagne est au bord de la rupture. Deux journ\u00e9es de gr\u00e8ve ont \u00e9t\u00e9 officiellement convoqu\u00e9es pour le 30 avril et le 3 mai 2025, une mobilisation in\u00e9dite qui pourrait affecter l&#8217;approvisionnement en carburant dans l&#8217;ensemble du pays, et plus particuli\u00e8rement dans des r\u00e9gions comme l&#8217;Estr\u00e9madure, o\u00f9 la d\u00e9pendance \u00e0 la voiture individuelle reste tr\u00e8s \u00e9lev\u00e9e.<\/i><\/p>\n<h2>Un conflit social qui couve depuis plusieurs mois<\/h2>\n<p>Selon Canal Extremadura, la gr\u00e8ve a \u00e9t\u00e9 convoqu\u00e9e par les principaux syndicats repr\u00e9sentant les travailleurs des stations-service \u00e0 travers tout le territoire espagnol. Les n\u00e9gociations avec les employeurs ont \u00e9chou\u00e9 apr\u00e8s plusieurs semaines de discussions tendues, sans parvenir \u00e0 un accord sur les conditions salariales et les droits des travailleurs du secteur.<\/p>\n<p>Le c\u0153ur du conflit r\u00e9side dans la revendication d&#8217;une revalorisation salariale significative. Les syndicats r\u00e9clament une hausse des salaires d&#8217;au moins 4 % pour l&#8217;ann\u00e9e en cours, en ligne avec l&#8217;inflation enregistr\u00e9e ces derniers mois en Espagne. Selon les donn\u00e9es officielles de l&#8217;Institut national de la statistique espagnol (INE), l&#8217;indice des prix \u00e0 la consommation a connu des variations importantes depuis 2022, fragilisant le pouvoir d&#8217;achat de nombreux travailleurs du secteur des services.<\/p>\n<p>Les employ\u00e9s des stations-service font partie des travailleurs les moins bien r\u00e9mun\u00e9r\u00e9s du secteur des transports et de l&#8217;\u00e9nergie. En Espagne, on recense environ 11 000 stations-service, employant directement plus de 50 000 personnes. Une grande partie de ces employ\u00e9s travaillent \u00e0 temps partiel ou sous des contrats pr\u00e9caires, ce qui renforce les tensions sociales au sein du secteur.<\/p>\n<blockquote class=\"ml-2 border-l-4 border-border-300\/10 pl-4 text-text-300\">\n<p class=\"font-claude-response-body break-words whitespace-normal leading-[1.7]\"><em>\u00ab Nous ne pouvons pas continuer \u00e0 travailler dans ces conditions. Les prix \u00e0 la pompe ont augment\u00e9, les marges des entreprises aussi, mais nos salaires sont rest\u00e9s bloqu\u00e9s. \u00bb<\/em> Un d\u00e9l\u00e9gu\u00e9 syndical du secteur des stations-service, cit\u00e9 par Canal Extremadura<\/p>\n<\/blockquote>\n<p>Cette d\u00e9claration r\u00e9sume bien le sentiment g\u00e9n\u00e9ral qui r\u00e8gne parmi les travailleurs mobilis\u00e9s. Le foss\u00e9 entre la rentabilit\u00e9 croissante des grandes enseignes p\u00e9troli\u00e8res et la stagnation des salaires est au coeur des revendications port\u00e9es par les syndicats.<\/p>\n<h2>Des cons\u00e9quences potentiellement importantes pour les usagers et les r\u00e9gions rurales<\/h2>\n<p>Les deux journ\u00e9es de gr\u00e8ve, fix\u00e9es au 30 avril et au 3 mai, tombent \u00e0 un moment particuli\u00e8rement strat\u00e9gique. Ces dates encadrent le week-end prolong\u00e9 du 1er mai, f\u00e9ri\u00e9 en Espagne comme dans de nombreux pays europ\u00e9ens. Cette p\u00e9riode correspond traditionnellement \u00e0 une hausse significative des d\u00e9placements routiers, avec des millions d&#8217;Espagnols qui prennent la route pour des escapades ou pour rejoindre leur famille.<\/p>\n<p>Selon les estimations de la Direction g\u00e9n\u00e9rale de la circulation (DGT) espagnole, les week-ends prolong\u00e9s du printemps g\u00e9n\u00e8rent habituellement entre 4 et 6 millions de d\u00e9placements suppl\u00e9mentaires sur les routes nationales. Une perturbation de l&#8217;approvisionnement en carburant durant cette p\u00e9riode pourrait donc avoir des r\u00e9percussions consid\u00e9rables sur la mobilit\u00e9 des citoyens.<\/p>\n<p>Les r\u00e9gions rurales comme l&#8217;Estr\u00e9madure sont particuli\u00e8rement expos\u00e9es. Dans cette communaut\u00e9 autonome, o\u00f9 les transports en commun restent peu d\u00e9velopp\u00e9s, la voiture est souvent le seul moyen de transport disponible pour une grande partie de la population. Les stations-service y jouent un r\u00f4le essentiel, non seulement pour les particuliers, mais aussi pour le secteur agricole et les entreprises de transport de marchandises.<\/p>\n<blockquote class=\"ml-2 border-l-4 border-border-300\/10 pl-4 text-text-300\">\n<p class=\"font-claude-response-body break-words whitespace-normal leading-[1.7]\"><em>\u00ab En zone rurale, une station-service ferm\u00e9e, c&#8217;est parfois 40 ou 50 kilom\u00e8tres \u00e0 parcourir pour trouver du carburant. Ce n&#8217;est pas anodin pour les agriculteurs ou les familles qui n&#8217;ont pas d&#8217;autre choix que de prendre leur voiture. \u00bb<\/em> Un responsable d&#8217;une association de consommateurs d&#8217;Estr\u00e9madure, selon Canal Extremadura<\/p>\n<\/blockquote>\n<p>Face \u00e0 cette situation, les autorit\u00e9s espagnoles ont d&#8217;ores et d\u00e9j\u00e0 \u00e9t\u00e9 alert\u00e9es. Le gouvernement pourrait \u00eatre amen\u00e9 \u00e0 d\u00e9cr\u00e9ter des services minimums afin de garantir un approvisionnement partiel durant les journ\u00e9es de gr\u00e8ve. Selon la l\u00e9gislation espagnole en vigueur, ce type de conflit dans un secteur consid\u00e9r\u00e9 comme essentiel peut faire l&#8217;objet d&#8217;une r\u00e9quisition partielle de services.<\/p>\n<p>Du c\u00f4t\u00e9 des employeurs, les associations repr\u00e9sentant les propri\u00e9taires de stations-service maintiennent leur position et refusent pour l&#8217;instant d&#8217;accepter les conditions pos\u00e9es par les syndicats. Les n\u00e9gociations pourraient reprendre dans les prochains jours, mais aucune r\u00e9union de conciliation n&#8217;avait encore \u00e9t\u00e9 planifi\u00e9e au moment de la r\u00e9daction de cet article.<\/p>\n<p>La mobilisation du secteur des stations-service en Espagne illustre une tension sociale plus large qui touche de nombreux secteurs li\u00e9s aux transports et \u00e0 l&#8217;\u00e9nergie. Dans un contexte de transition \u00e9nerg\u00e9tique et de hausse des co\u00fbts de la vie, les travailleurs de ces secteurs cherchent \u00e0 faire entendre leur voix. Les prochains jours seront d\u00e9cisifs pour savoir si un accord de derni\u00e8re minute peut \u00eatre trouv\u00e9 ou si les Espagnols devront faire face \u00e0 des difficult\u00e9s d&#8217;approvisionnement en carburant lors de l&#8217;un des week-ends les plus charg\u00e9s du printemps.<\/p>\n<p><em>Sources et photo: R\u00e9daction LCE (avec l&#8217;aide de l&#8217;IA)<\/em><\/p>\n<hr style=\"border: none;border-top: 1px solid #000000;margin: 24px 0\" \/>\t\t\t\t\t\t\t\t<\/div>\n<div class=\"elementor-element elementor-element-e89c074 elementor-widget elementor-widget-html\" data-id=\"e89c074\" data-element_type=\"widget\" data-e-type=\"widget\" data-widget_type=\"html.default\">\n\t\t\t\t\t\t\t\t\t<\/div>\n<\/p><\/div>\n<\/p><\/div>\n<\/p><\/div>\n","protected":false},"excerpt":{"rendered":"<p>Le secteur des stations-service en Espagne est au bord de la rupture. Deux journ\u00e9es de gr\u00e8ve ont \u00e9t\u00e9 officiellement convoqu\u00e9es pour le 30 avril et le 3 mai 2025, une mobilisation in\u00e9dite qui pourrait affecter l&#8217;approvisionnement en carburant dans l&#8217;ensemble du pays, et plus particuli\u00e8rement dans des r\u00e9gions comme l&#8217;Estr\u00e9madure, o\u00f9 la d\u00e9pendance \u00e0 la [&hellip;]<\/p>\n","protected":false},"author":13,"featured_media":75947,"comment_status":"open","ping_status":"closed","sticky":false,"template":"","format":"standard","meta":{"om_disable_all_campaigns":false,"_monsterinsights_skip_tracking":false,"_monsterinsights_sitenote_active":false,"_monsterinsights_sitenote_note":"","_monsterinsights_sitenote_category":0,"_uf_show_specific_survey":0,"_uf_disable_surveys":false,"footnotes":""},"categories":[4509],"tags":[332,3598,2315,3459],"class_list":["post-75946","post","type-post","status-publish","format-standard","has-post-thumbnail","hentry","category-uncategorized","tag-espagne","tag-espagnols","tag-hausse","tag-week-end"],"acf":[],"_links":{"self":[{"href":"https:\/\/immo.lecourrier.es\/index.php\/wp-json\/wp\/v2\/posts\/75946","targetHints":{"allow":["GET"]}}],"collection":[{"href":"https:\/\/immo.lecourrier.es\/index.php\/wp-json\/wp\/v2\/posts"}],"about":[{"href":"https:\/\/immo.lecourrier.es\/index.php\/wp-json\/wp\/v2\/types\/post"}],"author":[{"embeddable":true,"href":"https:\/\/immo.lecourrier.es\/index.php\/wp-json\/wp\/v2\/users\/13"}],"replies":[{"embeddable":true,"href":"https:\/\/immo.lecourrier.es\/index.php\/wp-json\/wp\/v2\/comments?post=75946"}],"version-history":[{"count":0,"href":"https:\/\/immo.lecourrier.es\/index.php\/wp-json\/wp\/v2\/posts\/75946\/revisions"}],"wp:featuredmedia":[{"embeddable":true,"href":"https:\/\/immo.lecourrier.es\/index.php\/wp-json\/wp\/v2\/media\/75947"}],"wp:attachment":[{"href":"https:\/\/immo.lecourrier.es\/index.php\/wp-json\/wp\/v2\/media?parent=75946"}],"wp:term":[{"taxonomy":"category","embeddable":true,"href":"https:\/\/immo.lecourrier.es\/index.php\/wp-json\/wp\/v2\/categories?post=75946"},{"taxonomy":"post_tag","embeddable":true,"href":"https:\/\/immo.lecourrier.es\/index.php\/wp-json\/wp\/v2\/tags?post=75946"}],"curies":[{"name":"wp","href":"https:\/\/api.w.org\/{rel}","templated":true}]}}