{"id":75944,"date":"2026-04-29T01:00:44","date_gmt":"2026-04-29T01:00:44","guid":{"rendered":"https:\/\/immo.lecourrier.es\/index.php\/2026\/04\/29\/la-date-limite-pour-les-demandes-daides-de-la-pac-2026-est-prolongee-jusquau-15-mai\/"},"modified":"2026-04-29T01:00:44","modified_gmt":"2026-04-29T01:00:44","slug":"la-date-limite-pour-les-demandes-daides-de-la-pac-2026-est-prolongee-jusquau-15-mai","status":"publish","type":"post","link":"https:\/\/immo.lecourrier.es\/index.php\/2026\/04\/29\/la-date-limite-pour-les-demandes-daides-de-la-pac-2026-est-prolongee-jusquau-15-mai\/","title":{"rendered":"La date limite pour les demandes d&#8217;aides de la PAC 2026 est prolong\u00e9e jusqu&#8217;au 15 mai."},"content":{"rendered":"\n<div data-elementor-type=\"wp-post\" data-elementor-id=\"136953\" class=\"elementor elementor-136953\" data-elementor-post-type=\"post\">\n<div class=\"elementor-element elementor-element-67d5f5d5 e-flex e-con-boxed e-con e-parent\" data-id=\"67d5f5d5\" data-element_type=\"container\" data-e-type=\"container\">\n<div class=\"e-con-inner\">\n<div class=\"elementor-element elementor-element-37f1b88a elementor-widget elementor-widget-text-editor\" data-id=\"37f1b88a\" data-element_type=\"widget\" data-e-type=\"widget\" data-widget_type=\"text-editor.default\">\n<p><i>Le gouvernement d&#8217;Aragon a annonc\u00e9 une prolongation importante du d\u00e9lai de d\u00e9p\u00f4t des demandes d&#8217;aides de la Politique Agricole Commune (PAC) pour l&#8217;ann\u00e9e 2026. Les agriculteurs et \u00e9leveurs disposent d\u00e9sormais jusqu&#8217;au 15 mai pour soumettre leurs dossiers, une mesure salu\u00e9e par le secteur agricole aragonais qui fait face \u00e0 des d\u00e9fis climatiques et \u00e9conomiques croissants.<\/i><\/p>\n<h2>Une prolongation attendue par le monde agricole<\/h2>\n<p>Gouvernement d\u2019Aragon (communiqu\u00e9 officiel), la d\u00e9cision d&#8217;\u00e9tendre le d\u00e9lai de d\u00e9p\u00f4t des demandes d&#8217;aides PAC 2026 jusqu&#8217;au 15 mai r\u00e9pond \u00e0 une demande pressante des organisations professionnelles agricoles de la r\u00e9gion. Cette mesure vise \u00e0 permettre \u00e0 un plus grand nombre d&#8217;exploitants de b\u00e9n\u00e9ficier des subventions europ\u00e9ennes, en leur offrant le temps n\u00e9cessaire pour rassembler l&#8217;ensemble des documents requis.<\/p>\n<p>La PAC constitue un pilier financier fondamental pour le secteur agricole espagnol. En Aragon, on estime que plus de 40 000 exploitations agricoles et d&#8217;\u00e9levage sont potentiellement concern\u00e9es par ces aides annuelles. Pour l&#8217;exercice 2025, les aides vers\u00e9es dans la r\u00e9gion avaient atteint plusieurs centaines de millions d&#8217;euros, soulignant l&#8217;importance strat\u00e9gique de ce dispositif pour l&#8217;\u00e9conomie rurale locale.<\/p>\n<p>La p\u00e9riode de d\u00e9p\u00f4t des demandes, initialement pr\u00e9vue pour se clore d\u00e9but mai, est ainsi repouss\u00e9e de quelques jours suppl\u00e9mentaires. Ce d\u00e9lai suppl\u00e9mentaire, bien que court, est jug\u00e9 pr\u00e9cieux par de nombreux agriculteurs qui doivent jongler entre les travaux de printemps particuli\u00e8rement intenses \u00e0 cette p\u00e9riode de l&#8217;ann\u00e9e et les d\u00e9marches administratives inh\u00e9rentes \u00e0 la demande de subventions.<\/p>\n<blockquote class=\"ml-2 border-l-4 border-border-300\/10 pl-4 text-text-300\">\n<p class=\"font-claude-response-body break-words whitespace-normal leading-[1.7]\"><em>\u00ab La prolongation du d\u00e9lai est une reconnaissance des r\u00e9alit\u00e9s du terrain. Au printemps, nos agriculteurs sont mobilis\u00e9s \u00e0 100 % dans leurs champs. Chaque jour suppl\u00e9mentaire compte pour compl\u00e9ter un dossier administratif complexe. \u00bb<\/em> Repr\u00e9sentant des organisations agricoles d&#8217;Aragon, lors de l&#8217;annonce officielle<\/p>\n<\/blockquote>\n<p>Les demandes peuvent \u00eatre soumises via les plateformes num\u00e9riques mises en place par le gouvernement aragonais, mais aussi en pr\u00e9sentiel dans les bureaux administratifs comp\u00e9tents r\u00e9partis sur l&#8217;ensemble du territoire r\u00e9gional. Des sessions d&#8217;accompagnement sont \u00e9galement propos\u00e9es pour aider les exploitants moins familiers avec les proc\u00e9dures en ligne.<\/p>\n<h2>La r\u00e9silience agricole au coeur des priorit\u00e9s de la PAC 2026<\/h2>\n<p>La PAC 2026 s&#8217;inscrit dans un cadre r\u00e9nov\u00e9 qui place la r\u00e9silience et la durabilit\u00e9 au centre de ses objectifs. Les aides sont d\u00e9sormais conditionn\u00e9es \u00e0 l&#8217;adoption de pratiques agricoles respectueuses de l&#8217;environnement, avec des crit\u00e8res renforc\u00e9s par rapport aux ann\u00e9es pr\u00e9c\u00e9dentes. En Aragon, r\u00e9gion fortement touch\u00e9e par la s\u00e9cheresse et les \u00e9pisodes climatiques extr\u00eames, ces enjeux prennent une r\u00e9sonance particuli\u00e8re.<\/p>\n<p>Selon les donn\u00e9es disponibles, la r\u00e9gion d&#8217;Aragon a enregistr\u00e9 en 2024 et 2025 des \u00e9pisodes de s\u00e9cheresse parmi les plus s\u00e9v\u00e8res de la derni\u00e8re d\u00e9cennie, affectant directement la productivit\u00e9 de milliers d&#8217;exploitations. Dans ce contexte, les aides de la PAC repr\u00e9sentent souvent une bou\u00e9e de sauvetage financi\u00e8re indispensable pour maintenir l&#8217;activit\u00e9 agricole et garantir la survie des exploitations familiales.<\/p>\n<p>Les \u00e9co-r\u00e9gimes, introduits dans le cadre de la nouvelle PAC, imposent aux agriculteurs de consacrer une partie de leurs terres \u00e0 des pratiques b\u00e9n\u00e9fiques pour la biodiversit\u00e9 et le climat. En Aragon, environ 60 % des exploitants ayant d\u00e9pos\u00e9 une demande en 2025 avaient adh\u00e9r\u00e9 \u00e0 au moins un \u00e9co-r\u00e9gime, t\u00e9moignant d&#8217;une adaptation progressive mais r\u00e9elle du secteur aux nouvelles exigences europ\u00e9ennes.<\/p>\n<blockquote class=\"ml-2 border-l-4 border-border-300\/10 pl-4 text-text-300\">\n<p class=\"font-claude-response-body break-words whitespace-normal leading-[1.7]\"><em>\u00ab Les aides de la PAC ne sont pas seulement un soutien financier, elles constituent un levier essentiel pour accompagner la transition \u00e9cologique de notre agriculture et renforcer sa r\u00e9silience face aux d\u00e9fis climatiques. \u00bb<\/em> Gobierno de Arag\u00f3n (comunicado oficial), avril 2026<\/p>\n<\/blockquote>\n<p>Le gouvernement aragonais a \u00e9galement mis en place des dispositifs d&#8217;accompagnement sp\u00e9cifiques pour les jeunes agriculteurs et les nouvelles installations, cat\u00e9gories prioritaires dans le cadre de la PAC 2026. Ces publics b\u00e9n\u00e9ficient de majorations sur certaines aides, dans le but de favoriser le renouvellement g\u00e9n\u00e9rationnel du secteur agricole, un enjeu crucial dans une r\u00e9gion o\u00f9 l&#8217;\u00e2ge moyen des exploitants d\u00e9passe les 55 ans.<\/p>\n<p>Par ailleurs, les aides coupl\u00e9es, destin\u00e9es \u00e0 soutenir des productions sp\u00e9cifiques comme l&#8217;\u00e9levage ovin et caprin ou certaines cultures arables, ont \u00e9t\u00e9 maintenues et m\u00eame renforc\u00e9es pour 2026, en r\u00e9ponse aux difficult\u00e9s \u00e9conomiques persistantes dans ces fili\u00e8res.<\/p>\n<p>La prolongation du d\u00e9lai jusqu&#8217;au 15 mai s&#8217;accompagne d&#8217;un appel clair des autorit\u00e9s \u00e0 ne pas attendre les derniers jours pour soumettre les dossiers, afin d&#8217;\u00e9viter les surcharges des syst\u00e8mes informatiques et des services administratifs en fin de p\u00e9riode.<\/p>\n<p>En conclusion, la prolongation du d\u00e9lai de d\u00e9p\u00f4t des demandes d&#8217;aides PAC 2026 jusqu&#8217;au 15 mai repr\u00e9sente une mesure pragmatique et bienvenue pour les agriculteurs aragonais. Dans un contexte de r\u00e9silience agricole mise \u00e0 rude \u00e9preuve par les al\u00e9as climatiques et \u00e9conomiques, chaque dispositif facilitant l&#8217;acc\u00e8s aux soutiens europ\u00e9ens contribue \u00e0 pr\u00e9server le tissu rural et \u00e0 accompagner la n\u00e9cessaire transition vers une agriculture plus durable. Les exploitants sont encourag\u00e9s \u00e0 saisir cette opportunit\u00e9 sans tarder.<\/p>\n<p><i>Sources et photo: R\u00e9daction LCE (avec l&#8217;aide de l&#8217;IA)<\/i><\/p>\n<hr style=\"border: none;border-top: 1px solid #000000;margin: 24px 0\" \/>\t\t\t\t\t\t\t\t<\/div>\n<div class=\"elementor-element elementor-element-b124475 elementor-widget elementor-widget-html\" data-id=\"b124475\" data-element_type=\"widget\" data-e-type=\"widget\" data-widget_type=\"html.default\">\n\t\t\t\t\t\t\t\t\t<\/div>\n<\/p><\/div>\n<\/p><\/div>\n<\/p><\/div>\n","protected":false},"excerpt":{"rendered":"<p>Le gouvernement d&#8217;Aragon a annonc\u00e9 une prolongation importante du d\u00e9lai de d\u00e9p\u00f4t des demandes d&#8217;aides de la Politique Agricole Commune (PAC) pour l&#8217;ann\u00e9e 2026. Les agriculteurs et \u00e9leveurs disposent d\u00e9sormais jusqu&#8217;au 15 mai pour soumettre leurs dossiers, une mesure salu\u00e9e par le secteur agricole aragonais qui fait face \u00e0 des d\u00e9fis climatiques et \u00e9conomiques croissants. [&hellip;]<\/p>\n","protected":false},"author":13,"featured_media":75945,"comment_status":"open","ping_status":"closed","sticky":false,"template":"","format":"standard","meta":{"om_disable_all_campaigns":false,"_monsterinsights_skip_tracking":false,"_monsterinsights_sitenote_active":false,"_monsterinsights_sitenote_note":"","_monsterinsights_sitenote_category":0,"_uf_show_specific_survey":0,"_uf_disable_surveys":false,"footnotes":""},"categories":[4509],"tags":[4824,1059,3399],"class_list":["post-75944","post","type-post","status-publish","format-standard","has-post-thumbnail","hentry","category-uncategorized","tag-demandes-daides-de-la-pac-2026","tag-environnement","tag-gouvernement"],"acf":[],"_links":{"self":[{"href":"https:\/\/immo.lecourrier.es\/index.php\/wp-json\/wp\/v2\/posts\/75944","targetHints":{"allow":["GET"]}}],"collection":[{"href":"https:\/\/immo.lecourrier.es\/index.php\/wp-json\/wp\/v2\/posts"}],"about":[{"href":"https:\/\/immo.lecourrier.es\/index.php\/wp-json\/wp\/v2\/types\/post"}],"author":[{"embeddable":true,"href":"https:\/\/immo.lecourrier.es\/index.php\/wp-json\/wp\/v2\/users\/13"}],"replies":[{"embeddable":true,"href":"https:\/\/immo.lecourrier.es\/index.php\/wp-json\/wp\/v2\/comments?post=75944"}],"version-history":[{"count":0,"href":"https:\/\/immo.lecourrier.es\/index.php\/wp-json\/wp\/v2\/posts\/75944\/revisions"}],"wp:featuredmedia":[{"embeddable":true,"href":"https:\/\/immo.lecourrier.es\/index.php\/wp-json\/wp\/v2\/media\/75945"}],"wp:attachment":[{"href":"https:\/\/immo.lecourrier.es\/index.php\/wp-json\/wp\/v2\/media?parent=75944"}],"wp:term":[{"taxonomy":"category","embeddable":true,"href":"https:\/\/immo.lecourrier.es\/index.php\/wp-json\/wp\/v2\/categories?post=75944"},{"taxonomy":"post_tag","embeddable":true,"href":"https:\/\/immo.lecourrier.es\/index.php\/wp-json\/wp\/v2\/tags?post=75944"}],"curies":[{"name":"wp","href":"https:\/\/api.w.org\/{rel}","templated":true}]}}