{"id":75942,"date":"2026-04-29T01:00:39","date_gmt":"2026-04-29T01:00:39","guid":{"rendered":"https:\/\/immo.lecourrier.es\/index.php\/2026\/04\/29\/lestremadure-va-reduire-son-ecotaxe-regionale-pour-assurer-la-survie-de-la-centrale-nucleaire-dalmaraz\/"},"modified":"2026-04-29T01:00:39","modified_gmt":"2026-04-29T01:00:39","slug":"lestremadure-va-reduire-son-ecotaxe-regionale-pour-assurer-la-survie-de-la-centrale-nucleaire-dalmaraz","status":"publish","type":"post","link":"https:\/\/immo.lecourrier.es\/index.php\/2026\/04\/29\/lestremadure-va-reduire-son-ecotaxe-regionale-pour-assurer-la-survie-de-la-centrale-nucleaire-dalmaraz\/","title":{"rendered":"L&#8217;Estr\u00e9madure va r\u00e9duire son \u00e9cotaxe r\u00e9gionale pour assurer la survie de la centrale nucl\u00e9aire d&#8217;Almaraz."},"content":{"rendered":"\n<div data-elementor-type=\"wp-post\" data-elementor-id=\"136988\" class=\"elementor elementor-136988\" data-elementor-post-type=\"post\">\n<div class=\"elementor-element elementor-element-23ce79e2 e-flex e-con-boxed e-con e-parent\" data-id=\"23ce79e2\" data-element_type=\"container\" data-e-type=\"container\">\n<div class=\"e-con-inner\">\n<div class=\"elementor-element elementor-element-665d659c elementor-widget elementor-widget-text-editor\" data-id=\"665d659c\" data-element_type=\"widget\" data-e-type=\"widget\" data-widget_type=\"text-editor.default\">\n<p><i>La r\u00e9gion espagnole d&#8217;Estr\u00e9madure a annonc\u00e9 une r\u00e9duction significative de son \u00e9cotaxe autonomique, une mesure pr\u00e9sent\u00e9e comme indispensable pour garantir la continuit\u00e9 d&#8217;exploitation de la centrale nucl\u00e9aire d&#8217;Almaraz, l&#8217;une des plus importantes d&#8217;Espagne. Cette d\u00e9cision intervient dans un contexte de d\u00e9bat national intense sur l&#8217;avenir du nucl\u00e9aire dans la p\u00e9ninsule ib\u00e9rique.<\/i><\/p>\n<h2>Une \u00e9cotaxe all\u00e9g\u00e9e pour pr\u00e9server un site strat\u00e9gique<\/h2>\n<p>La centrale nucl\u00e9aire d&#8217;Almaraz, situ\u00e9e dans la province de C\u00e1ceres, en Estr\u00e9madure, est l&#8217;une des installations de production d&#8217;\u00e9nergie les plus puissantes d&#8217;Espagne. Elle dispose de deux r\u00e9acteurs d&#8217;une capacit\u00e9 combin\u00e9e d&#8217;environ 2 000 m\u00e9gawatts, ce qui en fait un pilier de l&#8217;approvisionnement \u00e9lectrique national. Elle emploie directement et indirectement plusieurs milliers de personnes dans une r\u00e9gion qui souffre historiquement d&#8217;un taux de ch\u00f4mage \u00e9lev\u00e9, d\u00e9passant r\u00e9guli\u00e8rement les\u00a0 \u00a020 %.<\/p>\n<p>Face aux pressions \u00e9conomiques croissantes pesant sur l&#8217;exploitant de la centrale, le gouvernement r\u00e9gional d&#8217;Estr\u00e9madure a d\u00e9cid\u00e9 d&#8217;agir. Selon Europa Press, la Junta de Extremadura pr\u00e9voit de r\u00e9duire l&#8217;\u00e9cotaxe autonomique appliqu\u00e9e aux installations nucl\u00e9aires afin, selon ses propres termes, de &#8220;salvaguarder la continuit\u00e9&#8221; de la centrale d&#8217;Almaraz.<\/p>\n<p>Cette taxe r\u00e9gionale, per\u00e7ue en plus des redevances nationales, repr\u00e9sentait une charge financi\u00e8re suppl\u00e9mentaire non n\u00e9gligeable pour l&#8217;exploitant. La r\u00e9duction envisag\u00e9e vise \u00e0 rendre l&#8217;exploitation de la centrale plus viable \u00e9conomiquement, notamment dans la perspective des n\u00e9gociations en cours sur la prolongation de sa dur\u00e9e de vie au-del\u00e0 de 2027, date \u00e0 laquelle sa fermeture est actuellement programm\u00e9e dans le cadre du plan national de transition \u00e9nerg\u00e9tique.<\/p>\n<blockquote class=\"ml-2 border-l-4 border-border-300\/10 pl-4 text-text-300\">\n<p class=\"font-claude-response-body break-words whitespace-normal leading-[1.7]\"><em>\u00ab Sauvegarder la continuit\u00e9 de la centrale nucl\u00e9aire d&#8217;Almaraz est une priorit\u00e9 pour l&#8217;Estr\u00e9madure, tant sur le plan \u00e9nerg\u00e9tique que social et \u00e9conomique. \u00bb<\/em> Gouvernement r\u00e9gional d&#8217;Estr\u00e9madure, avril 2026<\/p>\n<\/blockquote>\n<p>Le gouvernement r\u00e9gional insiste sur le fait que cette mesure ne constitue pas un abandon des engagements environnementaux, mais une adaptation pragmatique \u00e0 une r\u00e9alit\u00e9 \u00e9conomique et \u00e9nerg\u00e9tique complexe. La centrale produit en effet environ 7 % de l&#8217;\u00e9lectricit\u00e9 consomm\u00e9e en Espagne, une contribution difficile \u00e0 remplacer \u00e0 court terme sans recourir davantage aux \u00e9nergies fossiles.<\/p>\n<h2>Un enjeu \u00e9conomique et social majeur pour la r\u00e9gion<\/h2>\n<p>L&#8217;Estr\u00e9madure est l&#8217;une des r\u00e9gions les moins d\u00e9velopp\u00e9es \u00e9conomiquement de l&#8217;Union europ\u00e9enne. Son PIB par habitant figure parmi les plus bas d&#8217;Espagne, et la d\u00e9pendance de certaines localit\u00e9s proches d&#8217;Almaraz \u00e0 l&#8217;\u00e9gard de la centrale est consid\u00e9rable. Des communes comme Almaraz, Romangordo ou Saucedilla tirent une part importante de leurs ressources fiscales locales des redevances vers\u00e9es par l&#8217;installation nucl\u00e9aire.<\/p>\n<p>Selon des estimations relay\u00e9es par la presse r\u00e9gionale espagnole, la centrale g\u00e9n\u00e8re plus de 1 500 emplois directs et plusieurs milliers d&#8217;emplois indirects dans la zone. Sa fermeture programm\u00e9e suscite depuis plusieurs ann\u00e9es une vive inqui\u00e9tude parmi les \u00e9lus locaux et les syndicats, qui r\u00e9clament des garanties de reconversion \u00e9conomique.<\/p>\n<p>La d\u00e9cision de r\u00e9duire l&#8217;\u00e9cotaxe s&#8217;inscrit dans une strat\u00e9gie plus large du gouvernement r\u00e9gional, qui cherche \u00e0 peser dans les n\u00e9gociations avec le gouvernement central de Pedro Sanchez sur l&#8217;avenir du parc nucl\u00e9aire espagnol. Madrid a jusqu&#8217;ici maintenu son cap en faveur d&#8217;une sortie progressive du nucl\u00e9aire d&#8217;ici 2035, mais des voix de plus en plus nombreuses, y compris au sein de la coalition gouvernementale, remettent en question ce calendrier face aux d\u00e9fis de s\u00e9curit\u00e9 d&#8217;approvisionnement et \u00e0 la hausse des prix de l&#8217;\u00e9nergie.<\/p>\n<blockquote class=\"ml-2 border-l-4 border-border-300\/10 pl-4 text-text-300\">\n<p class=\"font-claude-response-body break-words whitespace-normal leading-[1.7]\"><em>\u00ab La fermeture d&#8217;Almaraz sans alternative cr\u00e9dible serait un coup dur non seulement pour l&#8217;Estr\u00e9madure, mais pour toute la s\u00e9curit\u00e9 \u00e9nerg\u00e9tique de l&#8217;Espagne. \u00bb<\/em> Repr\u00e9sentants syndicaux du secteur nucl\u00e9aire, cit\u00e9s par la presse r\u00e9gionale, 2026<\/p>\n<\/blockquote>\n<p>Dans ce contexte, la r\u00e9duction de l&#8217;\u00e9cotaxe r\u00e9gionale appara\u00eet comme un signal politique fort envoy\u00e9 par M\u00e9rida \u00e0 Madrid: l&#8217;Estr\u00e9madure est pr\u00eate \u00e0 tout mettre en oeuvre pour maintenir la centrale en activit\u00e9 le plus longtemps possible, quitte \u00e0 renoncer \u00e0 une partie de ses recettes fiscales propres.<\/p>\n<p>La mesure devra toutefois \u00eatre formellement adopt\u00e9e par le Parlement r\u00e9gional, o\u00f9 le Parti Populaire, au pouvoir en Estr\u00e9madure, dispose d&#8217;une majorit\u00e9 suffisante pour faire passer le texte. L&#8217;opposition de gauche a d&#8217;ores et d\u00e9j\u00e0 annonc\u00e9 qu&#8217;elle \u00e9tudierait attentivement les modalit\u00e9s pr\u00e9cises de cette r\u00e9duction avant de se prononcer d\u00e9finitivement.<\/p>\n<p>En attendant, le dossier d&#8217;Almaraz reste l&#8217;un des plus sensibles de la politique \u00e9nerg\u00e9tique espagnole, \u00e0 l&#8217;intersection des enjeux climatiques, \u00e9conomiques et sociaux qui traversent l&#8217;ensemble du pays.<\/p>\n<p><em>Sources et photo: R\u00e9daction LCE (avec l&#8217;aide de l&#8217;IA)<\/em><\/p>\n<hr style=\"border: none;border-top: 1px solid #000000;margin: 24px 0\" \/>\t\t\t\t\t\t\t\t<\/div>\n<div class=\"elementor-element elementor-element-c6d0abe elementor-widget elementor-widget-html\" data-id=\"c6d0abe\" data-element_type=\"widget\" data-e-type=\"widget\" data-widget_type=\"html.default\">\n\t\t\t\t\t\t\t\t\t<\/div>\n<\/p><\/div>\n<\/p><\/div>\n<\/p><\/div>\n","protected":false},"excerpt":{"rendered":"<p>La r\u00e9gion espagnole d&#8217;Estr\u00e9madure a annonc\u00e9 une r\u00e9duction significative de son \u00e9cotaxe autonomique, une mesure pr\u00e9sent\u00e9e comme indispensable pour garantir la continuit\u00e9 d&#8217;exploitation de la centrale nucl\u00e9aire d&#8217;Almaraz, l&#8217;une des plus importantes d&#8217;Espagne. Cette d\u00e9cision intervient dans un contexte de d\u00e9bat national intense sur l&#8217;avenir du nucl\u00e9aire dans la p\u00e9ninsule ib\u00e9rique. Une \u00e9cotaxe all\u00e9g\u00e9e pour [&hellip;]<\/p>\n","protected":false},"author":13,"featured_media":75943,"comment_status":"open","ping_status":"closed","sticky":false,"template":"","format":"standard","meta":{"om_disable_all_campaigns":false,"_monsterinsights_skip_tracking":false,"_monsterinsights_sitenote_active":false,"_monsterinsights_sitenote_note":"","_monsterinsights_sitenote_category":0,"_uf_show_specific_survey":0,"_uf_disable_surveys":false,"footnotes":""},"categories":[4509],"tags":[4822,1657,332,4823],"class_list":["post-75942","post","type-post","status-publish","format-standard","has-post-thumbnail","hentry","category-uncategorized","tag-centrale-nucleaire-dalmaraz","tag-ecotaxe","tag-espagne","tag-zone-industrielle"],"acf":[],"_links":{"self":[{"href":"https:\/\/immo.lecourrier.es\/index.php\/wp-json\/wp\/v2\/posts\/75942","targetHints":{"allow":["GET"]}}],"collection":[{"href":"https:\/\/immo.lecourrier.es\/index.php\/wp-json\/wp\/v2\/posts"}],"about":[{"href":"https:\/\/immo.lecourrier.es\/index.php\/wp-json\/wp\/v2\/types\/post"}],"author":[{"embeddable":true,"href":"https:\/\/immo.lecourrier.es\/index.php\/wp-json\/wp\/v2\/users\/13"}],"replies":[{"embeddable":true,"href":"https:\/\/immo.lecourrier.es\/index.php\/wp-json\/wp\/v2\/comments?post=75942"}],"version-history":[{"count":0,"href":"https:\/\/immo.lecourrier.es\/index.php\/wp-json\/wp\/v2\/posts\/75942\/revisions"}],"wp:featuredmedia":[{"embeddable":true,"href":"https:\/\/immo.lecourrier.es\/index.php\/wp-json\/wp\/v2\/media\/75943"}],"wp:attachment":[{"href":"https:\/\/immo.lecourrier.es\/index.php\/wp-json\/wp\/v2\/media?parent=75942"}],"wp:term":[{"taxonomy":"category","embeddable":true,"href":"https:\/\/immo.lecourrier.es\/index.php\/wp-json\/wp\/v2\/categories?post=75942"},{"taxonomy":"post_tag","embeddable":true,"href":"https:\/\/immo.lecourrier.es\/index.php\/wp-json\/wp\/v2\/tags?post=75942"}],"curies":[{"name":"wp","href":"https:\/\/api.w.org\/{rel}","templated":true}]}}