{"id":75940,"date":"2026-04-29T01:00:29","date_gmt":"2026-04-29T01:00:29","guid":{"rendered":"https:\/\/immo.lecourrier.es\/index.php\/2026\/04\/29\/la-visite-du-pape-leon-xiv-aux-canaries-perturbe-deja-les-vols-avec-des-changements-dhoraires\/"},"modified":"2026-04-29T01:00:29","modified_gmt":"2026-04-29T01:00:29","slug":"la-visite-du-pape-leon-xiv-aux-canaries-perturbe-deja-les-vols-avec-des-changements-dhoraires","status":"publish","type":"post","link":"https:\/\/immo.lecourrier.es\/index.php\/2026\/04\/29\/la-visite-du-pape-leon-xiv-aux-canaries-perturbe-deja-les-vols-avec-des-changements-dhoraires\/","title":{"rendered":"La visite du pape L\u00e9on XIV aux Canaries perturbe d\u00e9j\u00e0 les vols avec des changements d&#8217;horaires."},"content":{"rendered":"\n<div data-elementor-type=\"wp-post\" data-elementor-id=\"136910\" class=\"elementor elementor-136910\" data-elementor-post-type=\"post\">\n<div class=\"elementor-element elementor-element-7b76b36a e-flex e-con-boxed e-con e-parent\" data-id=\"7b76b36a\" data-element_type=\"container\" data-e-type=\"container\">\n<div class=\"e-con-inner\">\n<div class=\"elementor-element elementor-element-b93333e elementor-widget elementor-widget-text-editor\" data-id=\"b93333e\" data-element_type=\"widget\" data-e-type=\"widget\" data-widget_type=\"text-editor.default\">\n<p><i>La visite historique du pape L\u00e9on XIV aux \u00eeles Canaries, pr\u00e9vue pour les prochaines semaines, commence d\u00e9j\u00e0 \u00e0 bouleverser l&#8217;organisation des transports a\u00e9riens de l&#8217;archipel. Des modifications d&#8217;horaires de vols ont \u00e9t\u00e9 annonc\u00e9es en raison des contraintes li\u00e9es \u00e0 cet \u00e9v\u00e9nement exceptionnel, affectant des milliers de passagers et n\u00e9cessitant une coordination sans pr\u00e9c\u00e9dent entre les autorit\u00e9s civiles, religieuses et a\u00e9roportuaires.<\/i><\/p>\n<h2>Des vols reprogramm\u00e9s en raison de l&#8217;\u00e9v\u00e9nement pontifical<\/h2>\n<p>La venue du souverain pontife aux Canaries est un \u00e9v\u00e9nement d&#8217;une ampleur consid\u00e9rable pour l&#8217;archipel espagnol. Selon <a href=\"https:\/\/cadenaser.com\/canarias\/2026\/04\/28\/la-visita-del-papa-leon-xiv-a-canarias-ya-afecta-a-los-vuelos-con-cambios-de-horarios-ser-las-palmas\/\" target=\"_blank\" rel=\"noopener\">Cadena SER<\/a>, les premiers impacts sur le trafic a\u00e9rien sont d\u00e9j\u00e0 visibles, avec des compagnies a\u00e9riennes contraintes de revoir leurs plannings pour s&#8217;adapter aux exigences protocolaires et s\u00e9curitaires li\u00e9es \u00e0 l&#8217;arriv\u00e9e du pape.<\/p>\n<p>Plusieurs vols \u00e0 destination et en provenance de l&#8217;a\u00e9roport de Gran Canaria ont vu leurs horaires modifi\u00e9s. Les autorit\u00e9s a\u00e9roportuaires ont confirm\u00e9 que des plages horaires devront \u00eatre r\u00e9serv\u00e9es pour l&#8217;atterrissage et le d\u00e9collage de l&#8217;avion pontifical, ainsi que pour les appareils transportant la d\u00e9l\u00e9gation vaticane et les services de s\u00e9curit\u00e9.<\/p>\n<blockquote class=\"ml-2 border-l-4 border-border-300\/10 pl-4 text-text-300\">\n<p class=\"font-claude-response-body break-words whitespace-normal leading-[1.7]\"><em>\u00ab La coordination entre les autorit\u00e9s civiles et religieuses est essentielle pour garantir la s\u00e9curit\u00e9 et le bon d\u00e9roulement de la visite papale, sans pour autant paralyser le trafic a\u00e9rien de l&#8217;archipel. \u00bb<\/em> Autorit\u00e9s a\u00e9roportuaires des Canaries, avril 2026<\/p>\n<\/blockquote>\n<p>L&#8217;a\u00e9roport de Las Palmas de Gran Canaria, qui enregistre habituellement plus de 13 millions de passagers par an, devra g\u00e9rer cette situation exceptionnelle avec une logistique renforc\u00e9e. Des couloirs a\u00e9riens sp\u00e9ciaux seront mis en place, et certaines compagnies low-cost op\u00e9rant sur les liaisons entre la p\u00e9ninsule et les \u00eeles ont d\u00e9j\u00e0 re\u00e7u des notifications officielles leur demandant d&#8217;ajuster leurs programmes de vols.<\/p>\n<p>Les passagers concern\u00e9s sont invit\u00e9s \u00e0 v\u00e9rifier leurs r\u00e9servations aupr\u00e8s de leurs compagnies a\u00e9riennes respectives, car des d\u00e9calages de plusieurs heures sont possibles sur certaines liaisons strat\u00e9giques.<\/p>\n<h2>Une organisation logistique colossale pour accueillir le pape<\/h2>\n<p>Au-del\u00e0 des perturbations a\u00e9riennes imm\u00e9diates, c&#8217;est toute l&#8217;infrastructure de transport des Canaries qui est mobilis\u00e9e pour pr\u00e9parer cet \u00e9v\u00e9nement. Selon des sources proches de l&#8217;organisation, des milliers de fid\u00e8les sont attendus dans l&#8217;archipel pour assister aux c\u00e9r\u00e9monies officielles, ce qui repr\u00e9sente un d\u00e9fi logistique majeur pour les autorit\u00e9s locales.<\/p>\n<p>Les services de transport maritime inter-\u00eeles sont \u00e9galement concern\u00e9s, avec une augmentation anticip\u00e9e de la fr\u00e9quentation sur les liaisons reliant Tenerife, Lanzarote et Fuerteventura \u00e0 Gran Canaria. Des rotations suppl\u00e9mentaires de ferries pourraient \u00eatre programm\u00e9es pour absorber le flux de p\u00e8lerins et de visiteurs attendus.<\/p>\n<p>Du c\u00f4t\u00e9 terrestre, les autorit\u00e9s canarienens travaillent en \u00e9troite collaboration avec les forces de l&#8217;ordre pour s\u00e9curiser les axes routiers principaux qui seront emprunt\u00e9s par le cort\u00e8ge pontifical. Des restrictions de circulation temporaires sont pr\u00e9vues dans plusieurs zones urbaines, notamment \u00e0 Las Palmas de Gran Canaria, o\u00f9 se tiendront les principales c\u00e9r\u00e9monies.<\/p>\n<blockquote class=\"ml-2 border-l-4 border-border-300\/10 pl-4 text-text-300\">\n<p class=\"font-claude-response-body break-words whitespace-normal leading-[1.7]\"><em>\u00ab Nous n&#8217;avons jamais organis\u00e9 un \u00e9v\u00e9nement de cette envergure aux Canaries. La mobilisation de toutes les administrations est totale pour que cette visite se d\u00e9roule dans les meilleures conditions possibles. \u00bb<\/em> Repr\u00e9sentant du gouvernement r\u00e9gional des Canaries, avril 2026<\/p>\n<\/blockquote>\n<p>Selon des estimations pr\u00e9liminaires, entre 200 000 et 300 000 personnes pourraient se rassembler lors des diff\u00e9rentes \u00e9tapes du voyage pontifical dans l&#8217;archipel. Ce chiffre d\u00e9passe largement les capacit\u00e9s habituelles d&#8217;accueil lors d&#8217;\u00e9v\u00e9nements publics majeurs aux Canaries, ce qui oblige les organisateurs \u00e0 redoubler de cr\u00e9ativit\u00e9 pour g\u00e9rer les flux de personnes.<\/p>\n<p>Les h\u00f4tels de l&#8217;archipel affichent d\u00e9j\u00e0 complet pour les dates correspondant \u00e0 la visite du pape, et les prix des billets d&#8217;avion vers les Canaries ont connu une hausse significative sur les plateformes de r\u00e9servation en ligne, certains tarifs ayant augment\u00e9 de plus de 40 % par rapport aux prix habituels de la saison.<\/p>\n<p>Les autorit\u00e9s recommandent aux voyageurs qui n&#8217;ont pas de lien direct avec l&#8217;\u00e9v\u00e9nement pontifical d&#8217;envisager de d\u00e9caler leurs d\u00e9placements vers ou depuis les Canaries afin d&#8217;\u00e9viter les perturbations. Des informations actualis\u00e9es seront communiqu\u00e9es r\u00e9guli\u00e8rement par les compagnies a\u00e9riennes et les gestionnaires d&#8217;a\u00e9roports au fur et \u00e0 mesure que l&#8217;organisation se pr\u00e9cisera.<\/p>\n<p>Cet \u00e9v\u00e9nement repr\u00e9sente \u00e9galement une opportunit\u00e9 \u00e9conomique consid\u00e9rable pour l&#8217;archipel, dont le tourisme constitue le pilier principal avec plus de 16 millions de visiteurs accueillis chaque ann\u00e9e. La visibilit\u00e9 internationale g\u00e9n\u00e9r\u00e9e par la venue du pape L\u00e9on XIV pourrait renforcer durablement l&#8217;attractivit\u00e9 des Canaries comme destination touristique de premier plan en Europe.<\/p>\n<p>Face \u00e0 ces d\u00e9fis logistiques sans pr\u00e9c\u00e9dent, les Canaries d\u00e9montrent leur capacit\u00e9 \u00e0 s&#8217;organiser pour accueillir des \u00e9v\u00e9nements d&#8217;envergure mondiale, tout en cherchant \u00e0 minimiser l&#8217;impact sur la vie quotidienne de leurs habitants et sur les voyageurs de passage.<\/p>\n<p><i>Sources et photo: R\u00e9daction LCE (avec l&#8217;aide de l&#8217;IA)<\/i><\/p>\n<hr style=\"border: none;border-top: 1px solid #000000;margin: 24px 0\" \/>\t\t\t\t\t\t\t\t<\/div>\n<div class=\"elementor-element elementor-element-942027f elementor-widget elementor-widget-html\" data-id=\"942027f\" data-element_type=\"widget\" data-e-type=\"widget\" data-widget_type=\"html.default\">\n\t\t\t\t\t\t\t\t\t<\/div>\n<\/p><\/div>\n<\/p><\/div>\n<\/p><\/div>\n","protected":false},"excerpt":{"rendered":"<p>La visite historique du pape L\u00e9on XIV aux \u00eeles Canaries, pr\u00e9vue pour les prochaines semaines, commence d\u00e9j\u00e0 \u00e0 bouleverser l&#8217;organisation des transports a\u00e9riens de l&#8217;archipel. Des modifications d&#8217;horaires de vols ont \u00e9t\u00e9 annonc\u00e9es en raison des contraintes li\u00e9es \u00e0 cet \u00e9v\u00e9nement exceptionnel, affectant des milliers de passagers et n\u00e9cessitant une coordination sans pr\u00e9c\u00e9dent entre les [&hellip;]<\/p>\n","protected":false},"author":13,"featured_media":75941,"comment_status":"open","ping_status":"closed","sticky":false,"template":"","format":"standard","meta":{"om_disable_all_campaigns":false,"_monsterinsights_skip_tracking":false,"_monsterinsights_sitenote_active":false,"_monsterinsights_sitenote_note":"","_monsterinsights_sitenote_category":0,"_uf_show_specific_survey":0,"_uf_disable_surveys":false,"footnotes":""},"categories":[4509],"tags":[895,4819,4820,4821],"class_list":["post-75940","post","type-post","status-publish","format-standard","has-post-thumbnail","hentry","category-uncategorized","tag-aeroport","tag-aux-canaries","tag-changements-dhoraires","tag-pape-leon-xiv"],"acf":[],"_links":{"self":[{"href":"https:\/\/immo.lecourrier.es\/index.php\/wp-json\/wp\/v2\/posts\/75940","targetHints":{"allow":["GET"]}}],"collection":[{"href":"https:\/\/immo.lecourrier.es\/index.php\/wp-json\/wp\/v2\/posts"}],"about":[{"href":"https:\/\/immo.lecourrier.es\/index.php\/wp-json\/wp\/v2\/types\/post"}],"author":[{"embeddable":true,"href":"https:\/\/immo.lecourrier.es\/index.php\/wp-json\/wp\/v2\/users\/13"}],"replies":[{"embeddable":true,"href":"https:\/\/immo.lecourrier.es\/index.php\/wp-json\/wp\/v2\/comments?post=75940"}],"version-history":[{"count":0,"href":"https:\/\/immo.lecourrier.es\/index.php\/wp-json\/wp\/v2\/posts\/75940\/revisions"}],"wp:featuredmedia":[{"embeddable":true,"href":"https:\/\/immo.lecourrier.es\/index.php\/wp-json\/wp\/v2\/media\/75941"}],"wp:attachment":[{"href":"https:\/\/immo.lecourrier.es\/index.php\/wp-json\/wp\/v2\/media?parent=75940"}],"wp:term":[{"taxonomy":"category","embeddable":true,"href":"https:\/\/immo.lecourrier.es\/index.php\/wp-json\/wp\/v2\/categories?post=75940"},{"taxonomy":"post_tag","embeddable":true,"href":"https:\/\/immo.lecourrier.es\/index.php\/wp-json\/wp\/v2\/tags?post=75940"}],"curies":[{"name":"wp","href":"https:\/\/api.w.org\/{rel}","templated":true}]}}