{"id":75938,"date":"2026-04-29T01:00:24","date_gmt":"2026-04-29T01:00:24","guid":{"rendered":"https:\/\/immo.lecourrier.es\/index.php\/2026\/04\/29\/emploi-vert-de-nouvelles-opportunites-pour-repeupler-les-zones-rurales\/"},"modified":"2026-04-29T01:00:24","modified_gmt":"2026-04-29T01:00:24","slug":"emploi-vert-de-nouvelles-opportunites-pour-repeupler-les-zones-rurales","status":"publish","type":"post","link":"https:\/\/immo.lecourrier.es\/index.php\/2026\/04\/29\/emploi-vert-de-nouvelles-opportunites-pour-repeupler-les-zones-rurales\/","title":{"rendered":"Emploi vert, de nouvelles opportunit\u00e9s pour repeupler les zones rurales."},"content":{"rendered":"\n<div data-elementor-type=\"wp-post\" data-elementor-id=\"136997\" class=\"elementor elementor-136997\" data-elementor-post-type=\"post\">\n<div class=\"elementor-element elementor-element-301d989c e-flex e-con-boxed e-con e-parent\" data-id=\"301d989c\" data-element_type=\"container\" data-e-type=\"container\">\n<div class=\"e-con-inner\">\n<div class=\"elementor-element elementor-element-67cbaf2b elementor-widget elementor-widget-text-editor\" data-id=\"67cbaf2b\" data-element_type=\"widget\" data-e-type=\"widget\" data-widget_type=\"text-editor.default\">\n<p><i>Face \u00e0 la d\u00e9sertification rurale qui frappe de nombreuses r\u00e9gions d&#8217;Espagne, une nouvelle dynamique \u00e9merge : l&#8217;emploi vert. En Estr\u00e9madure, des initiatives innovantes misent sur la transition \u00e9cologique pour cr\u00e9er des postes de travail durables et attirer de nouveaux habitants dans des territoires longtemps abandonn\u00e9s. Un pari ambitieux qui conjugue r\u00e9silience agricole et d\u00e9veloppement local.<\/i><\/p>\n<h2>L&#8217;emploi vert, un levier contre la d\u00e9sertification rurale<\/h2>\n<p>Depuis plusieurs d\u00e9cennies, les zones rurales espagnoles souffrent d&#8217;un exode massif. En Estr\u00e9madure, l&#8217;une des r\u00e9gions les plus touch\u00e9es, certaines municipalit\u00e9s comptent moins de dix habitants au kilom\u00e8tre carr\u00e9. La tendance semble pourtant s&#8217;inverser gr\u00e2ce \u00e0 l&#8217;essor de l&#8217;\u00e9conomie verte.<\/p>\n<p>Selon Cadena SER \/ Radio Extremadura, de nouveaux projets li\u00e9s \u00e0 l&#8217;agriculture biologique, \u00e0 la gestion foresti\u00e8re durable et aux \u00e9nergies renouvelables commencent \u00e0 g\u00e9n\u00e9rer des emplois stables dans des villages qui semblaient condamn\u00e9s au d\u00e9clin. Ces activit\u00e9s repr\u00e9sentent non seulement une source de revenus, mais aussi un moteur de repopulation pour des communaut\u00e9s enti\u00e8res.<\/p>\n<p>L&#8217;emploi vert englobe un large spectre d&#8217;activit\u00e9s : apiculture \u00e9cologique, agroforesterie, tourisme rural responsable, production d&#8217;\u00e9nergie solaire ou encore restauration des \u00e9cosyst\u00e8mes d\u00e9grad\u00e9s. En Espagne, ce secteur aurait connu une croissance de plus de 15 % entre 2023 et 2025, selon les estimations du minist\u00e8re espagnol de la Transition \u00e9cologique. Des chiffres qui t\u00e9moignent d&#8217;un v\u00e9ritable tournant.<\/p>\n<p>Pour les jeunes actifs en qu\u00eate de sens et de qualit\u00e9 de vie, ces opportunit\u00e9s repr\u00e9sentent une alternative cr\u00e9dible \u00e0 la concentration urbaine. Certains t\u00e9moignent d&#8217;un retour volontaire \u00e0 la campagne, motiv\u00e9s par la perspective d&#8217;exercer un m\u00e9tier utile tout en vivant dans un environnement pr\u00e9serv\u00e9.<\/p>\n<blockquote class=\"ml-2 border-l-4 border-border-300\/10 pl-4 text-text-300\">\n<p class=\"font-claude-response-body break-words whitespace-normal leading-[1.7]\"><em>\u00ab L&#8217;emploi vert n&#8217;est pas seulement une r\u00e9ponse climatique, c&#8217;est une r\u00e9ponse territoriale. Il redonne de la valeur \u00e0 des espaces que l&#8217;on croyait perdus. \u00bb<\/em> Extrait d&#8217;un t\u00e9moignage recueilli par Radio Extremadura, avril 2026<\/p>\n<\/blockquote>\n<h2>L&#8217;agriculture r\u00e9siliente au coeur du renouveau territorial<\/h2>\n<p>L&#8217;agriculture occupe une place centrale dans cette dynamique de repopulation verte. En Estr\u00e9madure, la superficie agricole utile repr\u00e9sente environ 4,1 millions d&#8217;hectares, dont une part croissante est d\u00e9sormais cultiv\u00e9e selon des m\u00e9thodes durables. Les exploitations biologiques ont progress\u00e9 de 22 % dans la r\u00e9gion entre 2022 et 2025, selon les donn\u00e9es du Conseil espagnol de la production agricole biologique.<\/p>\n<p>Ces exploitations ne se contentent pas de produire des aliments de qualit\u00e9 : elles cr\u00e9ent des emplois locaux non d\u00e9localisables. Un hectare cultiv\u00e9 en mode agro\u00e9cologique n\u00e9cessite en moyenne deux \u00e0 trois fois plus de main-d&#8217;oeuvre qu&#8217;une exploitation conventionnelle m\u00e9canis\u00e9e. Ce diff\u00e9rentiel devient un atout majeur pour des territoires o\u00f9 le ch\u00f4mage structurel reste \u00e9lev\u00e9.<\/p>\n<p>Des programmes de formation professionnelle ont \u00e9t\u00e9 mis en place pour accompagner cette transition. Des centres de formation agricole proposent d\u00e9sormais des cursus sp\u00e9cialis\u00e9s en permaculture, en gestion de l&#8217;eau ou en certification biologique. Ces formations attirent aussi bien des habitants locaux en reconversion que des n\u00e9oruraux venus de grandes villes comme Madrid ou Barcelone.<\/p>\n<blockquote class=\"ml-2 border-l-4 border-border-300\/10 pl-4 text-text-300\">\n<p class=\"font-claude-response-body break-words whitespace-normal leading-[1.7]\"><em>\u00ab Nous avons quitt\u00e9 S\u00e9ville pour rejoindre un projet d&#8217;agroforesterie en Estr\u00e9madure. Aujourd&#8217;hui, nous produisons, nous vivons mieux et nous participons \u00e0 quelque chose de plus grand que nous. \u00bb<\/em> T\u00e9moignage d&#8217;un n\u00e9orural, rapport\u00e9 par Cadena SER, avril 2026<\/p>\n<\/blockquote>\n<p>Par ailleurs, les politiques europ\u00e9ennes jouent un r\u00f4le d\u00e9terminant. Le plan strat\u00e9gique de la Politique agricole commune (PAC) 2023-2027 pr\u00e9voit que 25 % des terres agricoles en Europe soient consacr\u00e9es \u00e0 l&#8217;agriculture biologique d&#8217;ici 2030. L&#8217;Espagne, qui dispose d&#8217;un potentiel immense, b\u00e9n\u00e9ficie de financements sp\u00e9cifiques pour accompagner cette mutation. En Estr\u00e9madure, plusieurs millions d&#8217;euros ont d\u00e9j\u00e0 \u00e9t\u00e9 allou\u00e9s \u00e0 des projets de revitalisation rurale adoss\u00e9s \u00e0 la transition verte.<\/p>\n<p>Les collectivit\u00e9s locales s&#8217;emparent \u00e9galement du sujet. Certaines mairies proposent des incitations concr\u00e8tes aux nouveaux arrivants : mise \u00e0 disposition de terrains agricoles \u00e0 faible co\u00fbt, aides \u00e0 l&#8217;installation, accompagnement administratif. Des villages comme Cedillo ou Torrejoncillo ont ainsi vu leur population augmenter pour la premi\u00e8re fois depuis des d\u00e9cennies.<\/p>\n<p>La r\u00e9silience agricole ne se limite pas \u00e0 la production alimentaire. Elle implique aussi la restauration des paysages, la protection des ressources en eau et la pr\u00e9servation de la biodiversit\u00e9. En Estr\u00e9madure, la for\u00eat de ch\u00eanes-li\u00e8ges, la dehesa, constitue un \u00e9cosyst\u00e8me unique en Europe. Sa gestion durable g\u00e9n\u00e8re des emplois dans la fili\u00e8re du li\u00e8ge, mais aussi dans l&#8217;\u00e9levage extensif de porcs ib\u00e9riques, dont la r\u00e9putation mondiale garantit des d\u00e9bouch\u00e9s commerciaux solides.<\/p>\n<p>Au total, l&#8217;emploi vert en milieu rural espagnol pourrait repr\u00e9senter jusqu&#8217;\u00e0 300 000 postes suppl\u00e9mentaires d&#8217;ici 2030, selon les projections du think tank espagnol Fundaci\u00f3n Renovables. Un chiffre qui illustre l&#8217;ampleur du potentiel encore inexploit\u00e9.<\/p>\n<p>L&#8217;enjeu d\u00e9passe la simple question \u00e9conomique. Il s&#8217;agit de reconstruire un tissu social, de pr\u00e9server des savoir-faire ancestraux et de proposer un mod\u00e8le de vie alternatif \u00e0 l&#8217;hyperurbanisation. En ce sens, l&#8217;emploi vert devient un projet de soci\u00e9t\u00e9 autant qu&#8217;une politique d&#8217;emploi.<\/p>\n<p>L&#8217;Espagne rurale n&#8217;a pas dit son dernier mot. Et l&#8217;Estr\u00e9madure, longtemps per\u00e7ue comme un territoire en marge, pourrait bien devenir un laboratoire inspirant pour toute l&#8217;Europe.<\/p>\n<p><i>Sources et photo: R\u00e9daction LCE (avec l&#8217;aide de l&#8217;IA)<\/i><\/p>\n<hr style=\"border: none;border-top: 1px solid #000000;margin: 24px 0\" \/>\t\t\t\t\t\t\t\t<\/div>\n<div class=\"elementor-element elementor-element-691c259 elementor-widget elementor-widget-html\" data-id=\"691c259\" data-element_type=\"widget\" data-e-type=\"widget\" data-widget_type=\"html.default\">\n\t\t\t\t\t\t\t\t\t<\/div>\n<\/p><\/div>\n<\/p><\/div>\n<\/p><\/div>\n","protected":false},"excerpt":{"rendered":"<p>Face \u00e0 la d\u00e9sertification rurale qui frappe de nombreuses r\u00e9gions d&#8217;Espagne, une nouvelle dynamique \u00e9merge : l&#8217;emploi vert. En Estr\u00e9madure, des initiatives innovantes misent sur la transition \u00e9cologique pour cr\u00e9er des postes de travail durables et attirer de nouveaux habitants dans des territoires longtemps abandonn\u00e9s. Un pari ambitieux qui conjugue r\u00e9silience agricole et d\u00e9veloppement local. [&hellip;]<\/p>\n","protected":false},"author":13,"featured_media":75939,"comment_status":"open","ping_status":"closed","sticky":false,"template":"","format":"standard","meta":{"om_disable_all_campaigns":false,"_monsterinsights_skip_tracking":false,"_monsterinsights_sitenote_active":false,"_monsterinsights_sitenote_note":"","_monsterinsights_sitenote_category":0,"_uf_show_specific_survey":0,"_uf_disable_surveys":false,"footnotes":""},"categories":[4509],"tags":[4817,4818],"class_list":["post-75938","post","type-post","status-publish","format-standard","has-post-thumbnail","hentry","category-uncategorized","tag-emploi-vert","tag-zone-rural"],"acf":[],"_links":{"self":[{"href":"https:\/\/immo.lecourrier.es\/index.php\/wp-json\/wp\/v2\/posts\/75938","targetHints":{"allow":["GET"]}}],"collection":[{"href":"https:\/\/immo.lecourrier.es\/index.php\/wp-json\/wp\/v2\/posts"}],"about":[{"href":"https:\/\/immo.lecourrier.es\/index.php\/wp-json\/wp\/v2\/types\/post"}],"author":[{"embeddable":true,"href":"https:\/\/immo.lecourrier.es\/index.php\/wp-json\/wp\/v2\/users\/13"}],"replies":[{"embeddable":true,"href":"https:\/\/immo.lecourrier.es\/index.php\/wp-json\/wp\/v2\/comments?post=75938"}],"version-history":[{"count":0,"href":"https:\/\/immo.lecourrier.es\/index.php\/wp-json\/wp\/v2\/posts\/75938\/revisions"}],"wp:featuredmedia":[{"embeddable":true,"href":"https:\/\/immo.lecourrier.es\/index.php\/wp-json\/wp\/v2\/media\/75939"}],"wp:attachment":[{"href":"https:\/\/immo.lecourrier.es\/index.php\/wp-json\/wp\/v2\/media?parent=75938"}],"wp:term":[{"taxonomy":"category","embeddable":true,"href":"https:\/\/immo.lecourrier.es\/index.php\/wp-json\/wp\/v2\/categories?post=75938"},{"taxonomy":"post_tag","embeddable":true,"href":"https:\/\/immo.lecourrier.es\/index.php\/wp-json\/wp\/v2\/tags?post=75938"}],"curies":[{"name":"wp","href":"https:\/\/api.w.org\/{rel}","templated":true}]}}