{"id":75936,"date":"2026-04-29T00:55:57","date_gmt":"2026-04-29T00:55:57","guid":{"rendered":"https:\/\/immo.lecourrier.es\/index.php\/2026\/04\/29\/le-pacte-de-gouvernement-pp-vox-en-aragon-decouvrez-ici-laccord-complet\/"},"modified":"2026-04-30T12:15:42","modified_gmt":"2026-04-30T12:15:42","slug":"le-pacte-de-gouvernement-pp-vox-en-aragon-decouvrez-ici-laccord-complet","status":"publish","type":"post","link":"https:\/\/immo.lecourrier.es\/index.php\/2026\/04\/29\/le-pacte-de-gouvernement-pp-vox-en-aragon-decouvrez-ici-laccord-complet\/","title":{"rendered":"Le pacte de gouvernement PP-Vox en Aragon : d\u00e9couvrez ici l&#8217;accord complet."},"content":{"rendered":"\n<div data-elementor-type=\"wp-post\" data-elementor-id=\"136962\" class=\"elementor elementor-136962\" data-elementor-post-type=\"post\">\n<div class=\"elementor-element elementor-element-2a6b4583 e-flex e-con-boxed e-con e-parent\" data-id=\"2a6b4583\" data-element_type=\"container\" data-e-type=\"container\">\n<div class=\"e-con-inner\">\n<div class=\"elementor-element elementor-element-10f56a30 elementor-widget elementor-widget-text-editor\" data-id=\"10f56a30\" data-element_type=\"widget\" data-e-type=\"widget\" data-widget_type=\"text-editor.default\">\n<p><i>En Aragon, la droite et l&#8217;extr\u00eame droite ont scell\u00e9 un accord de gouvernement qui suscite autant d&#8217;espoir que de controverse. Le Parti Populaire (PP) et Vox ont formalis\u00e9 un pacte de coalition pour diriger la communaut\u00e9 autonome, un document dont le contenu d\u00e9taill\u00e9 a \u00e9t\u00e9 rendu public et qui engage la r\u00e9gion pour les prochaines ann\u00e9es sur des sujets aussi sensibles que l&#8217;immigration, l&#8217;\u00e9ducation ou encore l&#8217;identit\u00e9 r\u00e9gionale.<\/i><\/p>\n<h2>Un accord entre PP et Vox qui redessine le paysage politique aragonais<\/h2>\n<p>Selon Cadena SER, le texte int\u00e9gral de l&#8217;accord a \u00e9t\u00e9 mis en ligne afin que les citoyens aragonais puissent en prendre connaissance dans sa totalit\u00e9.\u00a0 \u00a0 \u00a0 \u00a0 \u00a0 Ce geste de transparence, revendiqu\u00e9 par les deux partis, intervient dans un contexte de forte polarisation politique en Espagne.<\/p>\n<p>L&#8217;accord couvre un large spectre de politiques publiques. On y trouve notamment des engagements sur la r\u00e9duction de la fiscalit\u00e9 locale, avec une promesse de baisser l&#8217;imp\u00f4t sur le revenu r\u00e9gional pour les tranches les plus basses, ainsi que des mesures en faveur du monde rural, secteur particuli\u00e8rement strat\u00e9gique dans une r\u00e9gion o\u00f9 plus de 40 % du territoire est class\u00e9 en zone de faible densit\u00e9 d\u00e9mographique.<\/p>\n<p>Le pacte pr\u00e9voit \u00e9galement des dispositions sur la politique migratoire, domaine sur lequel Vox a impos\u00e9 sa marque id\u00e9ologique. Des m\u00e9canismes de contr\u00f4le renforc\u00e9 des centres d&#8217;accueil et une r\u00e9vision des aides sociales destin\u00e9es aux primo-arrivants figurent parmi les mesures les plus comment\u00e9es par les observateurs politiques.<\/p>\n<blockquote class=\"ml-2 border-l-4 border-border-300\/10 pl-4 text-text-300\">\n<p class=\"font-claude-response-body break-words whitespace-normal leading-[1.7]\"><em>\u00ab Cet accord repr\u00e9sente une avanc\u00e9e historique pour les familles aragonaises qui veulent choisir librement l&#8217;\u00e9ducation de leurs enfants. \u00bb<\/em> Jorge Azc\u00f3n, pr\u00e9sident du gouvernement d&#8217;Aragon, lors de la signature du pacte<\/p>\n<\/blockquote>\n<p>Le texte comprend aussi un volet \u00e9ducatif ambitieux. Il est pr\u00e9vu d&#8217;\u00e9largir le syst\u00e8me de ch\u00e8ques scolaires, permettant aux familles de financer la scolarisation dans des \u00e9tablissements priv\u00e9s ou concert\u00e9s gr\u00e2ce \u00e0 des fonds publics. Cette mesure, d\u00e9fendue par les deux partis, est vivement critiqu\u00e9e par les syndicats enseignants qui y voient une menace pour l&#8217;\u00e9cole publique aragonaise.<\/p>\n<h2>Des engagements concrets mais des tensions persistantes au sein de la coalition<\/h2>\n<p>Malgr\u00e9 la signature de cet accord, les tensions entre les deux formations ne sont pas totalement absentes. Selon le journal El Heraldo de Arag\u00f3n, plusieurs conseillers issus du PP auraient exprim\u00e9 en priv\u00e9 des r\u00e9serves sur certaines formulations jug\u00e9es trop radicales, notamment celles portant sur la politique linguistique.<\/p>\n<p>En effet, l&#8217;accord aborde la question de la langue aragonaise et du catalan parl\u00e9 dans la Franja, une bande orientale de la r\u00e9gion. Vox souhaitait une marginalisation explicite de ces langues dans l&#8217;enseignement public, tandis que le PP a tent\u00e9 de mod\u00e9rer la r\u00e9daction finale. Le compromis trouv\u00e9 garantit la primaut\u00e9 du castillan tout en maintenant un enseignement optionnel des langues r\u00e9gionales.<\/p>\n<p>Sur le plan \u00e9conomique, le pacte fixe des objectifs chiffr\u00e9s. Les deux partis s&#8217;engagent \u00e0 maintenir le d\u00e9ficit budg\u00e9taire de la communaut\u00e9 en dessous de 0,3 % du PIB r\u00e9gional, conform\u00e9ment aux r\u00e8gles de stabilit\u00e9 budg\u00e9taire espagnoles. Ils promettent \u00e9galement d&#8217;attirer au moins 500 millions d&#8217;euros d&#8217;investissements \u00e9trangers suppl\u00e9mentaires d&#8217;ici 2028, en misant sur les secteurs de l&#8217;agroalimentaire, de la logistique et des \u00e9nergies renouvelables.<\/p>\n<blockquote class=\"ml-2 border-l-4 border-border-300\/10 pl-4 text-text-300\">\n<p class=\"font-claude-response-body break-words whitespace-normal leading-[1.7]\"><em>\u00ab Nous gouvernerons pour tous les Aragonais, sans exception, en respectant les r\u00e8gles d\u00e9mocratiques et en appliquant un programme clair et lisible. \u00bb<\/em> D\u00e9claration conjointe PP-Vox lors de la pr\u00e9sentation publique du pacte de gouvernement<\/p>\n<\/blockquote>\n<p>Selon l&#8217;Institut aragonais de statistique, l&#8217;Aragon compte environ 1,35 million d&#8217;habitants et affiche un taux de ch\u00f4mage l\u00e9g\u00e8rement inf\u00e9rieur \u00e0 la moyenne nationale espagnole, autour de 9,8 %. La r\u00e9gion est \u00e9galement l&#8217;une des plus dynamiques d&#8217;Espagne en mati\u00e8re de transition \u00e9nerg\u00e9tique, avec plus de\u00a0 \u00a0 60 % de son \u00e9lectricit\u00e9 produite \u00e0 partir de sources renouvelables en 2025.<\/p>\n<p>Ces donn\u00e9es contextuelles illustrent les enjeux r\u00e9els derri\u00e8re les engagements politiques du pacte. Les d\u00e9fis sont nombreux : maintenir une croissance inclusive dans les zones rurales, attirer des jeunes dipl\u00f4m\u00e9s dans une r\u00e9gion dont la population vieillit, et g\u00e9rer une transition \u00e9cologique rapide sans fragiliser les industries traditionnelles.<\/p>\n<p>La publication int\u00e9grale du document est per\u00e7ue par certains analystes comme un pari sur la transparence, dans une Espagne o\u00f9 les coalitions de gouvernement sont souvent critiqu\u00e9es pour leur manque de lisibilit\u00e9. D&#8217;autres y voient surtout une strat\u00e9gie de communication destin\u00e9e \u00e0 rassurer un \u00e9lectorat conservateur parfois m\u00e9fiant envers les compromis avec Vox.<\/p>\n<p>Quoi qu&#8217;il en soit, cet accord marque une \u00e9tape importante dans l&#8217;\u00e9volution du paysage politique aragonais et, plus largement, dans la normalisation de coalitions entre la droite classique et l&#8217;extr\u00eame droite au niveau r\u00e9gional en Espagne.<\/p>\n<p>Le suivi de l&#8217;application de ce pacte dans les mois \u00e0 venir sera d\u00e9terminant pour juger de sa solidit\u00e9 et de sa capacit\u00e9 \u00e0 r\u00e9pondre aux attentes des citoyens de la communaut\u00e9 autonome.<\/p>\n<p><i>Sources et photo : R\u00e9daction LCE (avec l&#8217;aide de l&#8217;IA)<\/i><\/p>\n<hr style=\"border: none;border-top: 1px solid #000000;margin: 24px 0\" \/>\t\t\t\t\t\t\t\t<\/div>\n<div class=\"elementor-element elementor-element-5e33dd8 elementor-widget elementor-widget-html\" data-id=\"5e33dd8\" data-element_type=\"widget\" data-e-type=\"widget\" data-widget_type=\"html.default\">\n\t\t\t\t\t\t\t\t\t<\/div>\n<\/p><\/div>\n<\/p><\/div>\n<\/p><\/div>\n","protected":false},"excerpt":{"rendered":"<p>En Aragon, la droite et l&#8217;extr\u00eame droite ont scell\u00e9 un accord de gouvernement qui suscite autant d&#8217;espoir que de controverse. Le Parti Populaire (PP) et Vox ont formalis\u00e9 un pacte de coalition pour diriger la communaut\u00e9 autonome, un document dont le contenu d\u00e9taill\u00e9 a \u00e9t\u00e9 rendu public et qui engage la r\u00e9gion pour les prochaines [&hellip;]<\/p>\n","protected":false},"author":13,"featured_media":75937,"comment_status":"open","ping_status":"closed","sticky":false,"template":"","format":"standard","meta":{"om_disable_all_campaigns":false,"_monsterinsights_skip_tracking":false,"_monsterinsights_sitenote_active":false,"_monsterinsights_sitenote_note":"","_monsterinsights_sitenote_category":0,"_uf_show_specific_survey":0,"_uf_disable_surveys":false,"footnotes":""},"categories":[4509],"tags":[4814,3399,4815,4816],"class_list":["post-75936","post","type-post","status-publish","format-standard","has-post-thumbnail","hentry","category-uncategorized","tag-accord-complet","tag-gouvernement","tag-pacte","tag-pp-vox-en-aragon"],"acf":[],"_links":{"self":[{"href":"https:\/\/immo.lecourrier.es\/index.php\/wp-json\/wp\/v2\/posts\/75936","targetHints":{"allow":["GET"]}}],"collection":[{"href":"https:\/\/immo.lecourrier.es\/index.php\/wp-json\/wp\/v2\/posts"}],"about":[{"href":"https:\/\/immo.lecourrier.es\/index.php\/wp-json\/wp\/v2\/types\/post"}],"author":[{"embeddable":true,"href":"https:\/\/immo.lecourrier.es\/index.php\/wp-json\/wp\/v2\/users\/13"}],"replies":[{"embeddable":true,"href":"https:\/\/immo.lecourrier.es\/index.php\/wp-json\/wp\/v2\/comments?post=75936"}],"version-history":[{"count":0,"href":"https:\/\/immo.lecourrier.es\/index.php\/wp-json\/wp\/v2\/posts\/75936\/revisions"}],"wp:featuredmedia":[{"embeddable":true,"href":"https:\/\/immo.lecourrier.es\/index.php\/wp-json\/wp\/v2\/media\/75937"}],"wp:attachment":[{"href":"https:\/\/immo.lecourrier.es\/index.php\/wp-json\/wp\/v2\/media?parent=75936"}],"wp:term":[{"taxonomy":"category","embeddable":true,"href":"https:\/\/immo.lecourrier.es\/index.php\/wp-json\/wp\/v2\/categories?post=75936"},{"taxonomy":"post_tag","embeddable":true,"href":"https:\/\/immo.lecourrier.es\/index.php\/wp-json\/wp\/v2\/tags?post=75936"}],"curies":[{"name":"wp","href":"https:\/\/api.w.org\/{rel}","templated":true}]}}