{"id":75934,"date":"2026-04-29T00:55:42","date_gmt":"2026-04-29T00:55:42","guid":{"rendered":"https:\/\/immo.lecourrier.es\/index.php\/2026\/04\/29\/le-calendrier-scolaire-de-cantabrie-2026-2027-est-desormais-officiel-les-cours-debuteront-le-8-septembre-pour-les-eleves-de-maternelle-et-de-primaire\/"},"modified":"2026-04-30T12:11:24","modified_gmt":"2026-04-30T12:11:24","slug":"le-calendrier-scolaire-de-cantabrie-2026-2027-est-desormais-officiel-les-cours-debuteront-le-8-septembre-pour-les-eleves-de-maternelle-et-de-primaire","status":"publish","type":"post","link":"https:\/\/immo.lecourrier.es\/index.php\/2026\/04\/29\/le-calendrier-scolaire-de-cantabrie-2026-2027-est-desormais-officiel-les-cours-debuteront-le-8-septembre-pour-les-eleves-de-maternelle-et-de-primaire\/","title":{"rendered":"Le calendrier scolaire de Cantabrie 2026-2027 est d\u00e9sormais officiel : les cours d\u00e9buteront le 8 septembre pour les \u00e9l\u00e8ves de maternelle et de primaire."},"content":{"rendered":"\n<div data-elementor-type=\"wp-post\" data-elementor-id=\"136930\" class=\"elementor elementor-136930\" data-elementor-post-type=\"post\">\n<div class=\"elementor-element elementor-element-7efb7310 e-flex e-con-boxed e-con e-parent\" data-id=\"7efb7310\" data-element_type=\"container\" data-e-type=\"container\">\n<div class=\"e-con-inner\">\n<div class=\"elementor-element elementor-element-674b476a elementor-widget elementor-widget-text-editor\" data-id=\"674b476a\" data-element_type=\"widget\" data-e-type=\"widget\" data-widget_type=\"text-editor.default\">\n<p><i>La Cantabrie a officialis\u00e9 son calendrier scolaire pour l&#8217;ann\u00e9e 2026-2027. Les familles et les enseignants savent d\u00e9sormais \u00e0 quoi s&#8217;attendre pour la rentr\u00e9e prochaine, avec des dates pr\u00e9cises fix\u00e9es par les autorit\u00e9s r\u00e9gionales d&#8217;\u00e9ducation. Voici tout ce qu&#8217;il faut savoir sur ce calendrier tr\u00e8s attendu.<\/i><\/p>\n<h2>Une rentr\u00e9e fix\u00e9e au 8 septembre pour les plus jeunes \u00e9l\u00e8ves<\/h2>\n<p>Le gouvernement r\u00e9gional de <span class=\"hover:entity-accent entity-underline inline cursor-pointer align-baseline\"><span class=\"whitespace-normal\">Cantabrie<\/span><\/span> a officiellement communiqu\u00e9 les dates du calendrier scolaire pour l\u2019ann\u00e9e acad\u00e9mique 2026-2027. Les \u00e9l\u00e8ves de maternelle et de primaire reprendront le chemin de l\u2019\u00e9cole le mardi 8 septembre 2026.<\/p>\n<p>Cette date marque le d\u00e9but d&#8217;une nouvelle ann\u00e9e scolaire pour des dizaines de milliers d&#8217;enfants \u00e0 travers la r\u00e9gion. La Cantabrie compte environ 75 000 \u00e9l\u00e8ves scolaris\u00e9s dans l&#8217;enseignement public et priv\u00e9, r\u00e9partis dans plus de 400 \u00e9tablissements scolaires sur l&#8217;ensemble du territoire r\u00e9gional.<\/p>\n<p>Les \u00e9l\u00e8ves du secondaire, du baccalaur\u00e9at, de la formation professionnelle et des enseignements sp\u00e9ciaux, quant \u00e0 eux, feront leur rentr\u00e9e un jour plus tard, soit le mercredi 9 septembre 2026. Cette distinction d&#8217;un jour entre les deux groupes d&#8217;\u00e9l\u00e8ves permet aux \u00e9tablissements d&#8217;organiser plus sereinement l&#8217;accueil des nouveaux arrivants et de g\u00e9rer les flux dans de meilleures conditions logistiques.<\/p>\n<blockquote class=\"ml-2 border-l-4 border-border-300\/10 pl-4 text-text-300\">\n<p class=\"font-claude-response-body break-words whitespace-normal leading-[1.7]\"><em>\u00ab Les cours d\u00e9buteront le 8 septembre pour les \u00e9l\u00e8ves de maternelle et de primaire, et le 9 septembre pour les autres niveaux d&#8217;enseignement. \u00bb<\/em> Cadena SER (Radio Santander), avril 2026<\/p>\n<\/blockquote>\n<p>Cette organisation en deux temps est une pratique d\u00e9j\u00e0 adopt\u00e9e lors des pr\u00e9c\u00e9dentes ann\u00e9es scolaires en Cantabrie, et les familles y sont d\u00e9sormais habitu\u00e9es. Elle permet \u00e9galement aux enseignants de b\u00e9n\u00e9ficier de journ\u00e9es de pr\u00e9paration p\u00e9dagogique avant l&#8217;arriv\u00e9e des \u00e9l\u00e8ves.<\/p>\n<h2>Des vacances et des jours f\u00e9ri\u00e9s bien d\u00e9finis pour toute l&#8217;ann\u00e9e<\/h2>\n<p>Au-del\u00e0 de la rentr\u00e9e, le calendrier officiel pr\u00e9cise \u00e9galement les p\u00e9riodes de vacances et les jours non lectifs pour l&#8217;ensemble de l&#8217;ann\u00e9e scolaire 2026-2027. Les vacances de No\u00ebl d\u00e9buteront le 23 d\u00e9cembre 2026 et les \u00e9l\u00e8ves retrouveront leurs classes le 8 janvier 2027. Une pause de deux semaines qui permettra aux familles de profiter sereinement des f\u00eates de fin d&#8217;ann\u00e9e.<\/p>\n<p>Les vacances de P\u00e2ques, quant \u00e0 elles, s&#8217;\u00e9tendront du 26 mars au 5 avril 2027, offrant dix jours de repos bien m\u00e9rit\u00e9s aux \u00e9l\u00e8ves et aux enseignants apr\u00e8s plusieurs mois de travail intensif.<\/p>\n<p>La fin de l&#8217;ann\u00e9e scolaire est fix\u00e9e au 22 juin 2027 pour tous les niveaux d&#8217;enseignement. Au total, l&#8217;ann\u00e9e scolaire comptera 175 jours de cours effectifs, conform\u00e9ment aux exigences fix\u00e9es par le minist\u00e8re espagnol de l&#8217;\u00c9ducation pour l&#8217;ensemble des communaut\u00e9s autonomes du pays.<\/p>\n<blockquote class=\"ml-2 border-l-4 border-border-300\/10 pl-4 text-text-300\">\n<p class=\"font-claude-response-body break-words whitespace-normal leading-[1.7]\"><em>\u00ab L&#8217;ann\u00e9e scolaire 2026-2027 en Cantabrie comptera 175 jours de cours effectifs, conform\u00e9ment aux normes nationales en vigueur. \u00bb<\/em> Gouvernement r\u00e9gional de Cantabrie, calendrier scolaire officiel 2026-2027<\/p>\n<\/blockquote>\n<p>Plusieurs jours f\u00e9ri\u00e9s locaux et nationaux viendront \u00e9galement ponctuer l&#8217;ann\u00e9e scolaire. Le 12 octobre, jour de la F\u00eate nationale espagnole, ainsi que le 28 juillet, jour de la Cantabrie, figureront parmi les journ\u00e9es non lectifs inscrites au calendrier officiel.<\/p>\n<p>Les autorit\u00e9s r\u00e9gionales ont \u00e9galement pr\u00e9vu des journ\u00e9es p\u00e9dagogiques r\u00e9serv\u00e9es aux enseignants, notamment en d\u00e9but d&#8217;ann\u00e9e et avant chaque grande p\u00e9riode de vacances. Ces journ\u00e9es permettent aux \u00e9quipes \u00e9ducatives de se concerter, d&#8217;ajuster leurs programmes et de pr\u00e9parer au mieux l&#8217;accueil des \u00e9l\u00e8ves.<\/p>\n<p>Pour les familles qui souhaitent anticiper leurs cong\u00e9s et organiser leurs d\u00e9placements \u00e0 l&#8217;avance, ce calendrier officiel est d&#8217;ores et d\u00e9j\u00e0 disponible sur le site du gouvernement r\u00e9gional de Cantabrie. Il est conseill\u00e9 de le consulter r\u00e9guli\u00e8rement, car des ajustements mineurs peuvent intervenir en cours d&#8217;ann\u00e9e en fonction des jours f\u00e9ri\u00e9s locaux sp\u00e9cifiques \u00e0 certaines communes.<\/p>\n<p>La publication anticip\u00e9e de ce calendrier, plusieurs mois avant la rentr\u00e9e effective, est salu\u00e9e par les associations de parents d&#8217;\u00e9l\u00e8ves qui r\u00e9clament depuis longtemps une meilleure visibilit\u00e9 pour organiser la vie familiale en harmonie avec le rythme scolaire.<\/p>\n<p>En conclusion, la Cantabrie donne le ton pour une rentr\u00e9e 2026 bien organis\u00e9e. Avec une date de rentr\u00e9e fix\u00e9e au 8 septembre pour les plus jeunes et au 9 septembre pour les autres niveaux, un calendrier de vacances clair et 175 jours de cours effectifs garantis, les familles cantabres disposent de toutes les informations n\u00e9cessaires pour pr\u00e9parer sereinement la prochaine ann\u00e9e scolaire.<\/p>\n<p><i>Sources et photo: R\u00e9daction LCE (avec l&#8217;aide de l&#8217;IA)<\/i><\/p>\n<hr style=\"border: none;border-top: 1px solid #000000;margin: 24px 0\" \/>\t\t\t\t\t\t\t\t<\/div>\n<div class=\"elementor-element elementor-element-358ae57 elementor-widget elementor-widget-html\" data-id=\"358ae57\" data-element_type=\"widget\" data-e-type=\"widget\" data-widget_type=\"html.default\">\n\t\t\t\t\t\t\t\t\t<\/div>\n<\/p><\/div>\n<\/p><\/div>\n<\/p><\/div>\n","protected":false},"excerpt":{"rendered":"<p>La Cantabrie a officialis\u00e9 son calendrier scolaire pour l&#8217;ann\u00e9e 2026-2027. Les familles et les enseignants savent d\u00e9sormais \u00e0 quoi s&#8217;attendre pour la rentr\u00e9e prochaine, avec des dates pr\u00e9cises fix\u00e9es par les autorit\u00e9s r\u00e9gionales d&#8217;\u00e9ducation. Voici tout ce qu&#8217;il faut savoir sur ce calendrier tr\u00e8s attendu. Une rentr\u00e9e fix\u00e9e au 8 septembre pour les plus jeunes [&hellip;]<\/p>\n","protected":false},"author":13,"featured_media":75935,"comment_status":"open","ping_status":"closed","sticky":false,"template":"","format":"standard","meta":{"om_disable_all_campaigns":false,"_monsterinsights_skip_tracking":false,"_monsterinsights_sitenote_active":false,"_monsterinsights_sitenote_note":"","_monsterinsights_sitenote_category":0,"_uf_show_specific_survey":0,"_uf_disable_surveys":false,"footnotes":""},"categories":[4509],"tags":[3532,3714,3399,2214],"class_list":["post-75934","post","type-post","status-publish","format-standard","has-post-thumbnail","hentry","category-uncategorized","tag-fete","tag-fetes","tag-gouvernement","tag-santander"],"acf":[],"_links":{"self":[{"href":"https:\/\/immo.lecourrier.es\/index.php\/wp-json\/wp\/v2\/posts\/75934","targetHints":{"allow":["GET"]}}],"collection":[{"href":"https:\/\/immo.lecourrier.es\/index.php\/wp-json\/wp\/v2\/posts"}],"about":[{"href":"https:\/\/immo.lecourrier.es\/index.php\/wp-json\/wp\/v2\/types\/post"}],"author":[{"embeddable":true,"href":"https:\/\/immo.lecourrier.es\/index.php\/wp-json\/wp\/v2\/users\/13"}],"replies":[{"embeddable":true,"href":"https:\/\/immo.lecourrier.es\/index.php\/wp-json\/wp\/v2\/comments?post=75934"}],"version-history":[{"count":0,"href":"https:\/\/immo.lecourrier.es\/index.php\/wp-json\/wp\/v2\/posts\/75934\/revisions"}],"wp:featuredmedia":[{"embeddable":true,"href":"https:\/\/immo.lecourrier.es\/index.php\/wp-json\/wp\/v2\/media\/75935"}],"wp:attachment":[{"href":"https:\/\/immo.lecourrier.es\/index.php\/wp-json\/wp\/v2\/media?parent=75934"}],"wp:term":[{"taxonomy":"category","embeddable":true,"href":"https:\/\/immo.lecourrier.es\/index.php\/wp-json\/wp\/v2\/categories?post=75934"},{"taxonomy":"post_tag","embeddable":true,"href":"https:\/\/immo.lecourrier.es\/index.php\/wp-json\/wp\/v2\/tags?post=75934"}],"curies":[{"name":"wp","href":"https:\/\/api.w.org\/{rel}","templated":true}]}}